{"id":8665,"date":"2023-09-27T22:59:01","date_gmt":"2023-09-27T22:59:01","guid":{"rendered":"https:\/\/aesia.pt\/portal\/?p=8665"},"modified":"2023-09-27T23:13:06","modified_gmt":"2023-09-27T23:13:06","slug":"semana-europeia-da-mobilidade-trash-art-awards","status":"publish","type":"post","link":"https:\/\/aesia.pt\/portal\/semana-europeia-da-mobilidade-trash-art-awards\/","title":{"rendered":"\u00abSemana Europeia da Mobilidade &#8211; Trash Art Awards\u00bb"},"content":{"rendered":"\n<p>Partilhamos a obra \u00ab<strong>BICICLISTA RESIDUAL<\/strong>\u00bb, o trabalho art\u00edstico que fizemos a partir dos res\u00edduos recolhidos no dia 20 de setembro, no final da a\u00e7\u00e3o \u00ab<strong>Limpar o Rio de Bicla<\/strong>\u00bb, iniciativa que lev\u00e1mos a cabo com a ecomoodportugal e a Uni\u00e3o de Freguesias de Santa Iria de Az\u00f3ia, S. Jo\u00e3o da Talha e Bobadela.<\/p>\n\n\n\n<p>Foram submetidos 82 trabalhos como este para os&nbsp;<strong>Trash Art Awards<\/strong>, provenientes de v\u00e1rios pontos do globo. Pode conhec\u00ea-los em&nbsp;<a href=\"https:\/\/pollunit.com\/en\/polls\/the-trash-art-awards\" target=\"_blank\" rel=\"noreferrer noopener\">https:\/\/pollunit.com\/en\/polls\/the-trash-art-awards<\/a>. <\/p>\n\n\n<div class=\"wp-block-image\">\n<figure class=\"aligncenter size-full\"><a href=\"https:\/\/aesia.pt\/portal\/wp-content\/uploads\/2023\/09\/Trah-Art-Ecomood-com-biclas-web.jpg\"><img loading=\"lazy\" decoding=\"async\" width=\"964\" height=\"558\" src=\"https:\/\/aesia.pt\/portal\/wp-content\/uploads\/2023\/09\/Trah-Art-Ecomood-com-biclas-web.jpg\" alt=\"\" class=\"wp-image-8666\" srcset=\"https:\/\/aesia.pt\/portal\/wp-content\/uploads\/2023\/09\/Trah-Art-Ecomood-com-biclas-web.jpg 964w, https:\/\/aesia.pt\/portal\/wp-content\/uploads\/2023\/09\/Trah-Art-Ecomood-com-biclas-web-300x174.jpg 300w, https:\/\/aesia.pt\/portal\/wp-content\/uploads\/2023\/09\/Trah-Art-Ecomood-com-biclas-web-768x445.jpg 768w\" sizes=\"auto, (max-width: 964px) 100vw, 964px\" \/><\/a><\/figure>\n<\/div>\n\n\n<hr class=\"wp-block-separator has-alpha-channel-opacity\"\/>\n\n\n\n<p class=\"has-text-align-center\">Assiste ao v\u00eddeo: <a href=\"https:\/\/fb.watch\/nkrZ_oU7Gb\/\">https:\/\/fb.watch\/nkrZ_oU7Gb\/<\/a><\/p>\n","protected":false},"excerpt":{"rendered":"<p>Partilhamos a obra \u00abBICICLISTA RESIDUAL\u00bb, o trabalho art\u00edstico que fizemos a partir dos res\u00edduos recolhidos no dia 20 de setembro,&hellip; <a class=\"continue\" href=\"https:\/\/aesia.pt\/portal\/semana-europeia-da-mobilidade-trash-art-awards\/\">Ler mais<span> \u00abSemana Europeia da Mobilidade &#8211; Trash Art Awards\u00bb<\/span><\/a><\/p>\n","protected":false},"author":13,"featured_media":8666,"comment_status":"closed","ping_status":"closed","sticky":true,"template":"","format":"standard","meta":{"_acf_changed":false,"footnotes":""},"categories":[14],"tags":[],"class_list":["post-8665","post","type-post","status-publish","format-standard","has-post-thumbnail","hentry","category-noticias"],"acf":[],"yoast_head":"<!-- This site is optimized with the Yoast SEO plugin v27.4 - https:\/\/yoast.com\/product\/yoast-seo-wordpress\/ -->\n<title>\u00abSemana Europeia da Mobilidade - Trash Art Awards\u00bb &#8211; AESIA<\/title>\n<meta name=\"robots\" content=\"index, follow, max-snippet:-1, max-image-preview:large, max-video-preview:-1\" \/>\n<link rel=\"canonical\" href=\"https:\/\/aesia.pt\/portal\/semana-europeia-da-mobilidade-trash-art-awards\/\" \/>\n<meta property=\"og:locale\" content=\"pt_PT\" \/>\n<meta property=\"og:type\" content=\"article\" \/>\n<meta property=\"og:title\" content=\"\u00abSemana Europeia da Mobilidade - Trash Art Awards\u00bb &#8211; AESIA\" \/>\n<meta property=\"og:description\" content=\"Partilhamos a obra \u00abBICICLISTA RESIDUAL\u00bb, o trabalho art\u00edstico que fizemos a partir dos res\u00edduos recolhidos no dia 20 de setembro,&hellip; Ler mais \u00abSemana Europeia da Mobilidade &#8211; Trash Art Awards\u00bb\" \/>\n<meta property=\"og:url\" content=\"https:\/\/aesia.pt\/portal\/semana-europeia-da-mobilidade-trash-art-awards\/\" \/>\n<meta property=\"og:site_name\" content=\"AESIA\" \/>\n<meta property=\"article:publisher\" content=\"https:\/\/www.facebook.com\/aesia.pt\/\" \/>\n<meta property=\"article:published_time\" content=\"2023-09-27T22:59:01+00:00\" \/>\n<meta property=\"article:modified_time\" content=\"2023-09-27T23:13:06+00:00\" \/>\n<meta property=\"og:image\" content=\"https:\/\/aesia.pt\/portal\/wp-content\/uploads\/2023\/09\/Trah-Art-Ecomood-com-biclas-web.jpg\" \/>\n\t<meta property=\"og:image:width\" content=\"964\" \/>\n\t<meta property=\"og:image:height\" content=\"558\" \/>\n\t<meta property=\"og:image:type\" content=\"image\/jpeg\" \/>\n<meta name=\"author\" content=\"noticias@aesia.pt\" \/>\n<meta name=\"twitter:card\" content=\"summary_large_image\" \/>\n<meta name=\"twitter:label1\" content=\"Escrito por\" \/>\n\t<meta name=\"twitter:data1\" content=\"noticias@aesia.pt\" \/>\n<script type=\"application\/ld+json\" class=\"yoast-schema-graph\">{\"@context\":\"https:\\\/\\\/schema.org\",\"@graph\":[{\"@type\":\"Article\",\"@id\":\"https:\\\/\\\/aesia.pt\\\/portal\\\/semana-europeia-da-mobilidade-trash-art-awards\\\/#article\",\"isPartOf\":{\"@id\":\"https:\\\/\\\/aesia.pt\\\/portal\\\/semana-europeia-da-mobilidade-trash-art-awards\\\/\"},\"author\":{\"name\":\"noticias@aesia.pt\",\"@id\":\"https:\\\/\\\/aesia.pt\\\/portal\\\/#\\\/schema\\\/person\\\/3e668ee0053d9ab336b3c95d6be37f8e\"},\"headline\":\"\u00abSemana Europeia da Mobilidade &#8211; Trash Art Awards\u00bb\",\"datePublished\":\"2023-09-27T22:59:01+00:00\",\"dateModified\":\"2023-09-27T23:13:06+00:00\",\"mainEntityOfPage\":{\"@id\":\"https:\\\/\\\/aesia.pt\\\/portal\\\/semana-europeia-da-mobilidade-trash-art-awards\\\/\"},\"wordCount\":106,\"publisher\":{\"@id\":\"https:\\\/\\\/aesia.pt\\\/portal\\\/#organization\"},\"image\":{\"@id\":\"https:\\\/\\\/aesia.pt\\\/portal\\\/semana-europeia-da-mobilidade-trash-art-awards\\\/#primaryimage\"},\"thumbnailUrl\":\"https:\\\/\\\/aesia.pt\\\/portal\\\/wp-content\\\/uploads\\\/2023\\\/09\\\/Trah-Art-Ecomood-com-biclas-web.jpg\",\"articleSection\":[\"Not\u00edcias\"],\"inLanguage\":\"pt-PT\"},{\"@type\":\"WebPage\",\"@id\":\"https:\\\/\\\/aesia.pt\\\/portal\\\/semana-europeia-da-mobilidade-trash-art-awards\\\/\",\"url\":\"https:\\\/\\\/aesia.pt\\\/portal\\\/semana-europeia-da-mobilidade-trash-art-awards\\\/\",\"name\":\"\u00abSemana Europeia da Mobilidade - Trash Art Awards\u00bb &#8211; AESIA\",\"isPartOf\":{\"@id\":\"https:\\\/\\\/aesia.pt\\\/portal\\\/#website\"},\"primaryImageOfPage\":{\"@id\":\"https:\\\/\\\/aesia.pt\\\/portal\\\/semana-europeia-da-mobilidade-trash-art-awards\\\/#primaryimage\"},\"image\":{\"@id\":\"https:\\\/\\\/aesia.pt\\\/portal\\\/semana-europeia-da-mobilidade-trash-art-awards\\\/#primaryimage\"},\"thumbnailUrl\":\"https:\\\/\\\/aesia.pt\\\/portal\\\/wp-content\\\/uploads\\\/2023\\\/09\\\/Trah-Art-Ecomood-com-biclas-web.jpg\",\"datePublished\":\"2023-09-27T22:59:01+00:00\",\"dateModified\":\"2023-09-27T23:13:06+00:00\",\"breadcrumb\":{\"@id\":\"https:\\\/\\\/aesia.pt\\\/portal\\\/semana-europeia-da-mobilidade-trash-art-awards\\\/#breadcrumb\"},\"inLanguage\":\"pt-PT\",\"potentialAction\":[{\"@type\":\"ReadAction\",\"target\":[\"https:\\\/\\\/aesia.pt\\\/portal\\\/semana-europeia-da-mobilidade-trash-art-awards\\\/\"]}]},{\"@type\":\"ImageObject\",\"inLanguage\":\"pt-PT\",\"@id\":\"https:\\\/\\\/aesia.pt\\\/portal\\\/semana-europeia-da-mobilidade-trash-art-awards\\\/#primaryimage\",\"url\":\"https:\\\/\\\/aesia.pt\\\/portal\\\/wp-content\\\/uploads\\\/2023\\\/09\\\/Trah-Art-Ecomood-com-biclas-web.jpg\",\"contentUrl\":\"https:\\\/\\\/aesia.pt\\\/portal\\\/wp-content\\\/uploads\\\/2023\\\/09\\\/Trah-Art-Ecomood-com-biclas-web.jpg\",\"width\":964,\"height\":558},{\"@type\":\"BreadcrumbList\",\"@id\":\"https:\\\/\\\/aesia.pt\\\/portal\\\/semana-europeia-da-mobilidade-trash-art-awards\\\/#breadcrumb\",\"itemListElement\":[{\"@type\":\"ListItem\",\"position\":1,\"name\":\"Home\",\"item\":\"https:\\\/\\\/aesia.pt\\\/portal\\\/\"},{\"@type\":\"ListItem\",\"position\":2,\"name\":\"\u00abSemana Europeia da Mobilidade &#8211; Trash Art Awards\u00bb\"}]},{\"@type\":\"WebSite\",\"@id\":\"https:\\\/\\\/aesia.pt\\\/portal\\\/#website\",\"url\":\"https:\\\/\\\/aesia.pt\\\/portal\\\/\",\"name\":\"AESIA\",\"description\":\"Agrupamento de Escolas de Santa Iria de Az\u00f3ia\",\"publisher\":{\"@id\":\"https:\\\/\\\/aesia.pt\\\/portal\\\/#organization\"},\"alternateName\":\"Agrupamento de Escolas de Santa Iria de Az\u00f3ia\",\"potentialAction\":[{\"@type\":\"SearchAction\",\"target\":{\"@type\":\"EntryPoint\",\"urlTemplate\":\"https:\\\/\\\/aesia.pt\\\/portal\\\/?s={search_term_string}\"},\"query-input\":{\"@type\":\"PropertyValueSpecification\",\"valueRequired\":true,\"valueName\":\"search_term_string\"}}],\"inLanguage\":\"pt-PT\"},{\"@type\":\"Organization\",\"@id\":\"https:\\\/\\\/aesia.pt\\\/portal\\\/#organization\",\"name\":\"Agrupamento de Escolas de Santa Iria de Az\u00f3ia\",\"alternateName\":\"AESIA\",\"url\":\"https:\\\/\\\/aesia.pt\\\/portal\\\/\",\"logo\":{\"@type\":\"ImageObject\",\"inLanguage\":\"pt-PT\",\"@id\":\"https:\\\/\\\/aesia.pt\\\/portal\\\/#\\\/schema\\\/logo\\\/image\\\/\",\"url\":\"https:\\\/\\\/aesia.pt\\\/portal\\\/wp-content\\\/uploads\\\/2023\\\/04\\\/logo4.png\",\"contentUrl\":\"https:\\\/\\\/aesia.pt\\\/portal\\\/wp-content\\\/uploads\\\/2023\\\/04\\\/logo4.png\",\"width\":162,\"height\":162,\"caption\":\"Agrupamento de Escolas de Santa Iria de Az\u00f3ia\"},\"image\":{\"@id\":\"https:\\\/\\\/aesia.pt\\\/portal\\\/#\\\/schema\\\/logo\\\/image\\\/\"},\"sameAs\":[\"https:\\\/\\\/www.facebook.com\\\/aesia.pt\\\/\"]},{\"@type\":\"Person\",\"@id\":\"https:\\\/\\\/aesia.pt\\\/portal\\\/#\\\/schema\\\/person\\\/3e668ee0053d9ab336b3c95d6be37f8e\",\"name\":\"noticias@aesia.pt\",\"image\":{\"@type\":\"ImageObject\",\"inLanguage\":\"pt-PT\",\"@id\":\"https:\\\/\\\/secure.gravatar.com\\\/avatar\\\/303621da1c6d6a06cbd5d2481fab4a901aa14c66676f1edff97ddef8b6cf1319?s=96&d=mm&r=g\",\"url\":\"https:\\\/\\\/secure.gravatar.com\\\/avatar\\\/303621da1c6d6a06cbd5d2481fab4a901aa14c66676f1edff97ddef8b6cf1319?s=96&d=mm&r=g\",\"contentUrl\":\"https:\\\/\\\/secure.gravatar.com\\\/avatar\\\/303621da1c6d6a06cbd5d2481fab4a901aa14c66676f1edff97ddef8b6cf1319?s=96&d=mm&r=g\",\"caption\":\"noticias@aesia.pt\"},\"url\":\"https:\\\/\\\/aesia.pt\\\/portal\\\/author\\\/noticiasaesia-pt\\\/\"}]}<\/script>\n<!-- \/ Yoast SEO plugin. -->","yoast_head_json":{"title":"\u00abSemana Europeia da Mobilidade - Trash Art Awards\u00bb &#8211; AESIA","robots":{"index":"index","follow":"follow","max-snippet":"max-snippet:-1","max-image-preview":"max-image-preview:large","max-video-preview":"max-video-preview:-1"},"canonical":"https:\/\/aesia.pt\/portal\/semana-europeia-da-mobilidade-trash-art-awards\/","og_locale":"pt_PT","og_type":"article","og_title":"\u00abSemana Europeia da Mobilidade - Trash Art Awards\u00bb &#8211; AESIA","og_description":"Partilhamos a obra \u00abBICICLISTA RESIDUAL\u00bb, o trabalho art\u00edstico que fizemos a partir dos res\u00edduos recolhidos no dia 20 de setembro,&hellip; Ler mais \u00abSemana Europeia da Mobilidade &#8211; Trash Art Awards\u00bb","og_url":"https:\/\/aesia.pt\/portal\/semana-europeia-da-mobilidade-trash-art-awards\/","og_site_name":"AESIA","article_publisher":"https:\/\/www.facebook.com\/aesia.pt\/","article_published_time":"2023-09-27T22:59:01+00:00","article_modified_time":"2023-09-27T23:13:06+00:00","og_image":[{"width":964,"height":558,"url":"https:\/\/aesia.pt\/portal\/wp-content\/uploads\/2023\/09\/Trah-Art-Ecomood-com-biclas-web.jpg","type":"image\/jpeg"}],"author":"noticias@aesia.pt","twitter_card":"summary_large_image","twitter_misc":{"Escrito por":"noticias@aesia.pt"},"schema":{"@context":"https:\/\/schema.org","@graph":[{"@type":"Article","@id":"https:\/\/aesia.pt\/portal\/semana-europeia-da-mobilidade-trash-art-awards\/#article","isPartOf":{"@id":"https:\/\/aesia.pt\/portal\/semana-europeia-da-mobilidade-trash-art-awards\/"},"author":{"name":"noticias@aesia.pt","@id":"https:\/\/aesia.pt\/portal\/#\/schema\/person\/3e668ee0053d9ab336b3c95d6be37f8e"},"headline":"\u00abSemana Europeia da Mobilidade &#8211; Trash Art Awards\u00bb","datePublished":"2023-09-27T22:59:01+00:00","dateModified":"2023-09-27T23:13:06+00:00","mainEntityOfPage":{"@id":"https:\/\/aesia.pt\/portal\/semana-europeia-da-mobilidade-trash-art-awards\/"},"wordCount":106,"publisher":{"@id":"https:\/\/aesia.pt\/portal\/#organization"},"image":{"@id":"https:\/\/aesia.pt\/portal\/semana-europeia-da-mobilidade-trash-art-awards\/#primaryimage"},"thumbnailUrl":"https:\/\/aesia.pt\/portal\/wp-content\/uploads\/2023\/09\/Trah-Art-Ecomood-com-biclas-web.jpg","articleSection":["Not\u00edcias"],"inLanguage":"pt-PT"},{"@type":"WebPage","@id":"https:\/\/aesia.pt\/portal\/semana-europeia-da-mobilidade-trash-art-awards\/","url":"https:\/\/aesia.pt\/portal\/semana-europeia-da-mobilidade-trash-art-awards\/","name":"\u00abSemana Europeia da Mobilidade - Trash Art Awards\u00bb &#8211; AESIA","isPartOf":{"@id":"https:\/\/aesia.pt\/portal\/#website"},"primaryImageOfPage":{"@id":"https:\/\/aesia.pt\/portal\/semana-europeia-da-mobilidade-trash-art-awards\/#primaryimage"},"image":{"@id":"https:\/\/aesia.pt\/portal\/semana-europeia-da-mobilidade-trash-art-awards\/#primaryimage"},"thumbnailUrl":"https:\/\/aesia.pt\/portal\/wp-content\/uploads\/2023\/09\/Trah-Art-Ecomood-com-biclas-web.jpg","datePublished":"2023-09-27T22:59:01+00:00","dateModified":"2023-09-27T23:13:06+00:00","breadcrumb":{"@id":"https:\/\/aesia.pt\/portal\/semana-europeia-da-mobilidade-trash-art-awards\/#breadcrumb"},"inLanguage":"pt-PT","potentialAction":[{"@type":"ReadAction","target":["https:\/\/aesia.pt\/portal\/semana-europeia-da-mobilidade-trash-art-awards\/"]}]},{"@type":"ImageObject","inLanguage":"pt-PT","@id":"https:\/\/aesia.pt\/portal\/semana-europeia-da-mobilidade-trash-art-awards\/#primaryimage","url":"https:\/\/aesia.pt\/portal\/wp-content\/uploads\/2023\/09\/Trah-Art-Ecomood-com-biclas-web.jpg","contentUrl":"https:\/\/aesia.pt\/portal\/wp-content\/uploads\/2023\/09\/Trah-Art-Ecomood-com-biclas-web.jpg","width":964,"height":558},{"@type":"BreadcrumbList","@id":"https:\/\/aesia.pt\/portal\/semana-europeia-da-mobilidade-trash-art-awards\/#breadcrumb","itemListElement":[{"@type":"ListItem","position":1,"name":"Home","item":"https:\/\/aesia.pt\/portal\/"},{"@type":"ListItem","position":2,"name":"\u00abSemana Europeia da Mobilidade &#8211; Trash Art Awards\u00bb"}]},{"@type":"WebSite","@id":"https:\/\/aesia.pt\/portal\/#website","url":"https:\/\/aesia.pt\/portal\/","name":"AESIA","description":"Agrupamento de Escolas de Santa Iria de Az\u00f3ia","publisher":{"@id":"https:\/\/aesia.pt\/portal\/#organization"},"alternateName":"Agrupamento de Escolas de Santa Iria de Az\u00f3ia","potentialAction":[{"@type":"SearchAction","target":{"@type":"EntryPoint","urlTemplate":"https:\/\/aesia.pt\/portal\/?s={search_term_string}"},"query-input":{"@type":"PropertyValueSpecification","valueRequired":true,"valueName":"search_term_string"}}],"inLanguage":"pt-PT"},{"@type":"Organization","@id":"https:\/\/aesia.pt\/portal\/#organization","name":"Agrupamento de Escolas de Santa Iria de Az\u00f3ia","alternateName":"AESIA","url":"https:\/\/aesia.pt\/portal\/","logo":{"@type":"ImageObject","inLanguage":"pt-PT","@id":"https:\/\/aesia.pt\/portal\/#\/schema\/logo\/image\/","url":"https:\/\/aesia.pt\/portal\/wp-content\/uploads\/2023\/04\/logo4.png","contentUrl":"https:\/\/aesia.pt\/portal\/wp-content\/uploads\/2023\/04\/logo4.png","width":162,"height":162,"caption":"Agrupamento de Escolas de Santa Iria de Az\u00f3ia"},"image":{"@id":"https:\/\/aesia.pt\/portal\/#\/schema\/logo\/image\/"},"sameAs":["https:\/\/www.facebook.com\/aesia.pt\/"]},{"@type":"Person","@id":"https:\/\/aesia.pt\/portal\/#\/schema\/person\/3e668ee0053d9ab336b3c95d6be37f8e","name":"noticias@aesia.pt","image":{"@type":"ImageObject","inLanguage":"pt-PT","@id":"https:\/\/secure.gravatar.com\/avatar\/303621da1c6d6a06cbd5d2481fab4a901aa14c66676f1edff97ddef8b6cf1319?s=96&d=mm&r=g","url":"https:\/\/secure.gravatar.com\/avatar\/303621da1c6d6a06cbd5d2481fab4a901aa14c66676f1edff97ddef8b6cf1319?s=96&d=mm&r=g","contentUrl":"https:\/\/secure.gravatar.com\/avatar\/303621da1c6d6a06cbd5d2481fab4a901aa14c66676f1edff97ddef8b6cf1319?s=96&d=mm&r=g","caption":"noticias@aesia.pt"},"url":"https:\/\/aesia.pt\/portal\/author\/noticiasaesia-pt\/"}]}},"_links":{"self":[{"href":"https:\/\/aesia.pt\/portal\/wp-json\/wp\/v2\/posts\/8665","targetHints":{"allow":["GET"]}}],"collection":[{"href":"https:\/\/aesia.pt\/portal\/wp-json\/wp\/v2\/posts"}],"about":[{"href":"https:\/\/aesia.pt\/portal\/wp-json\/wp\/v2\/types\/post"}],"author":[{"embeddable":true,"href":"https:\/\/aesia.pt\/portal\/wp-json\/wp\/v2\/users\/13"}],"replies":[{"embeddable":true,"href":"https:\/\/aesia.pt\/portal\/wp-json\/wp\/v2\/comments?post=8665"}],"version-history":[{"count":4,"href":"https:\/\/aesia.pt\/portal\/wp-json\/wp\/v2\/posts\/8665\/revisions"}],"predecessor-version":[{"id":8671,"href":"https:\/\/aesia.pt\/portal\/wp-json\/wp\/v2\/posts\/8665\/revisions\/8671"}],"wp:featuredmedia":[{"embeddable":true,"href":"https:\/\/aesia.pt\/portal\/wp-json\/wp\/v2\/media\/8666"}],"wp:attachment":[{"href":"https:\/\/aesia.pt\/portal\/wp-json\/wp\/v2\/media?parent=8665"}],"wp:term":[{"taxonomy":"category","embeddable":true,"href":"https:\/\/aesia.pt\/portal\/wp-json\/wp\/v2\/categories?post=8665"},{"taxonomy":"post_tag","embeddable":true,"href":"https:\/\/aesia.pt\/portal\/wp-json\/wp\/v2\/tags?post=8665"}],"curies":[{"name":"wp","href":"https:\/\/api.w.org\/{rel}","templated":true}]}}