{"id":8270,"date":"2023-07-12T12:20:46","date_gmt":"2023-07-12T12:20:46","guid":{"rendered":"https:\/\/aesia.pt\/portal\/?p=8270"},"modified":"2023-07-12T12:20:46","modified_gmt":"2023-07-12T12:20:46","slug":"fwd-mestrados-e-doutoramentos-novo-periodo-de-candidaturas","status":"publish","type":"post","link":"https:\/\/aesia.pt\/portal\/fwd-mestrados-e-doutoramentos-novo-periodo-de-candidaturas\/","title":{"rendered":"Mestrados e Doutoramentos | Novo per\u00edodo de candidaturas"},"content":{"rendered":"<div class=\"postie-post\">\n<div dir=\"ltr\">\n<div class=\"gmail_quote\">\n<div dir=\"ltr\" class=\"gmail_attr\">&#8212;&#8212;&#8212;- Forwarded message &#8212;&#8212;&#8212;<br \/>De: <strong class=\"gmail_sendername\" dir=\"auto\">Universidade Aberta<\/strong> <span dir=\"auto\">&lt;<a href=\"mailto:noreply-newsletter@uab.pt\"><a href=\"mailto:noreply-newsletter@uab.pt\" >noreply-newsletter@uab.pt<\/a><\/a>&gt;<\/span><br \/>Date: ter\u00e7a, 11\/07\/2023 \u00e0(s) 17:51<br \/>Subject: Mestrados e Doutoramentos | Novo per\u00edodo de candidaturas<br \/>To:  &lt;<a href=\"mailto:direcao@aesia.pt\"><a href=\"mailto:direcao@aesia.pt\" >direcao@aesia.pt<\/a><\/a>&gt;<\/div>\n<div>\n<p><img decoding=\"async\" alt=\"\" src=\"https:\/\/newsletter.uab.pt\/phplist\/images\/imagens\/CAPA_FB2.jpg\" style=\"width:958px;height:282px\"><\/p>\n<p><span style=\"font-family:Arial,Helvetica,sans-serif\"><span style=\"font-size:14px\">Entre <strong>20 de julho e 13 de agosto<\/strong> decorre o segundo per\u00edodo de candidaturas para os seguintes cursos de Mestrado e Doutoramento da Universidade Aberta:<\/span><\/span><\/p>\n<p><span style=\"font-family:Arial,Helvetica,sans-serif\"><span style=\"font-size:14px\"><b><span style=\"color:black\">MESTRADOS<\/span><\/b><\/span><\/span><\/p>\n<p><span style=\"font-family:Arial,Helvetica,sans-serif\"><span style=\"font-size:14px\"><span style=\"background:white\"><a href=\"http:\/\/newsletter.uab.pt\/phplist\/phplist\/lt.php?tid=LhlSCQUCAFdXDE8AUgUAFVcHA1MbBwYMUUhYUgUIBwZWVlZVVgIeVVIKVgQCAgAVAVMCAxtRUAFRSAAHAwcYAARWAgQIV1ZSVlwHSQcIUFtWBwIBG1QOWwRIDQkGAhhVX1AFHVRSUFQADlBXUFMJXg\" style=\"color:blue;text-decoration:underline\" target=\"_blank\" rel=\"noopener\"><span style=\"color:#2980b9\">Cidadania Ambiental e Participa\u00e7\u00e3o<\/span><\/a><\/span><\/span><\/span><\/p>\n<p><span style=\"font-family:Arial,Helvetica,sans-serif\"><span style=\"font-size:14px\"><span style=\"background:white\"><a href=\"http:\/\/newsletter.uab.pt\/phplist\/phplist\/lt.php?tid=LhkFBAYHAFFWWU8MAwUJFVdRVlQbBw5bV0hcBQIFUANXAQdWBAAeVVIKVgQCAgAVAVMCAxtRUAFRSAAHAwcYAARWAgQIV1ZSVlwHSQcIUFtWBwIBG1QOWwRIDQkGAhhVX1AFHVRSUFQADlBXUFMJXg\" style=\"color:blue;text-decoration:underline\" target=\"_blank\" rel=\"noopener\"><span style=\"color:#2980b9\">Ci\u00eancias do Consumo Alimentar<\/span><\/a><\/span><\/span><\/span><\/p>\n<p><span style=\"font-family:Arial,Helvetica,sans-serif\"><span style=\"font-size:14px\"><span style=\"background:white\"><a href=\"http:\/\/newsletter.uab.pt\/phplist\/phplist\/lt.php?tid=LhlRAFNRUlFTCE8CUABTFVcCAQgbXQMJAkgJVAoBVw0DVQdTCVMeVVIKVgQCAgAVAVMCAxtRUAFRSAAHAwcYAARWAgQIV1ZSVlwHSQcIUFtWBwIBG1QOWwRIDQkGAhhVX1AFHVRSUFQADlBXUFMJXg\" style=\"color:blue;text-decoration:underline\" target=\"_blank\" rel=\"noopener\"><span style=\"color:#2980b9\">Empreendedorismo e Cidadania Global<\/span><\/a><\/span><\/span><\/span><\/p>\n<p><span style=\"font-family:Arial,Helvetica,sans-serif\"><span style=\"font-size:14px\"><span style=\"background:white\"><a href=\"http:\/\/newsletter.uab.pt\/phplist\/phplist\/lt.php?tid=LhlWBlECAVJRAU8EVVJSFVdWAwQbBAFYUUgMUgRVBgcCAQcBVQYeVVIKVgQCAgAVAVMCAxtRUAFRSAAHAwcYAARWAgQIV1ZSVlwHSQcIUFtWBwIBG1QOWwRIDQkGAhhVX1AFHVRSUFQADlBXUFMJXg\" style=\"color:blue;text-decoration:underline\" target=\"_blank\" rel=\"noopener\"><span style=\"color:#2980b9\">Engenharia Inform\u00e1tica e Tecnologia Web<\/span><\/a><\/span><\/span><\/span><\/p>\n<p><span style=\"font-family:Arial,Helvetica,sans-serif\"><span style=\"font-size:14px\"><span style=\"background:white\"><a href=\"http:\/\/newsletter.uab.pt\/phplist\/phplist\/lt.php?tid=LhkHBgZWUVQDCk9RUQNSFVdQVQEbXVcNVkhdVwFWVFBVXVUIBlEeVVIKVgQCAgAVAVMCAxtRUAFRSAAHAwcYAARWAgQIV1ZSVlwHSQcIUFtWBwIBG1QOWwRIDQkGAhhVX1AFHVRSUFQADlBXUFMJXg\" style=\"color:blue;text-decoration:underline\" target=\"_blank\" rel=\"noopener\"><span style=\"color:#2980b9\">Estudos Comparados \u2013 Literatura e Outras Artes<\/span><\/a><\/span><span style=\"color:#2980b9\">\u00a0<\/span><\/span><\/span><\/p>\n<p><span style=\"font-family:Arial,Helvetica,sans-serif\"><span style=\"font-size:14px\"><span style=\"background:white\"><a href=\"http:\/\/newsletter.uab.pt\/phplist\/phplist\/lt.php?tid=LhkIVAMGUAZUAE8HAlIBFVdUVlYbBFBYAkgPCABTVA0ABlMJBlQeVVIKVgQCAgAVAVMCAxtRUAFRSAAHAwcYAARWAgQIV1ZSVlwHSQcIUFtWBwIBG1QOWwRIDQkGAhhVX1AFHVRSUFQADlBXUFMJXg\" style=\"color:blue;text-decoration:underline\" target=\"_blank\" rel=\"noopener\"><span style=\"color:#2980b9\">Estudos de L\u00edngua Portuguesa<\/span><\/a><\/span><\/span><\/span><\/p>\n<p><span style=\"font-family:Arial,Helvetica,sans-serif\"><span style=\"font-size:14px\"><span style=\"background:white\"><a href=\"http:\/\/newsletter.uab.pt\/phplist\/phplist\/lt.php?tid=LhlRCAYAAF1RXU8GC1YBFVcGUVMbXVNfAEhaAgcDAQcDXAADAVIeVVIKVgQCAgAVAVMCAxtRUAFRSAAHAwcYAARWAgQIV1ZSVlwHSQcIUFtWBwIBG1QOWwRIDQkGAhhVX1AFHVRSUFQADlBXUFMJXg\" style=\"color:blue;text-decoration:underline\" target=\"_blank\" rel=\"noopener\"><span style=\"color:#2980b9\">Estudos do Patrim\u00f3nio<\/span><\/a><\/span><\/span><\/span><\/p>\n<p><span style=\"font-family:Arial,Helvetica,sans-serif\"><span style=\"font-size:14px\"><span style=\"background:white\"><a href=\"http:\/\/newsletter.uab.pt\/phplist\/phplist\/lt.php?tid=LhlRBVUGVwFTAU9XBQEFFVcKUlIbBAQBA0hbAgcIAgcEXAdRB1EeVVIKVgQCAgAVAVMCAxtRUAFRSAAHAwcYAARWAgQIV1ZSVlwHSQcIUFtWBwIBG1QOWwRIDQkGAhhVX1AFHVRSUFQADlBXUFMJXg\" style=\"color:blue;text-decoration:underline\" target=\"_blank\" rel=\"noopener\"><span style=\"color:#2980b9\">Estudos Portugueses Multidisciplinares<\/span><\/a><\/span><span style=\"color:#2980b9\">\u00a0<\/span><\/span><\/span><\/p>\n<p><span style=\"font-family:Arial,Helvetica,sans-serif\"><span style=\"font-size:14px\"><span style=\"background:white\"><a href=\"http:\/\/newsletter.uab.pt\/phplist\/phplist\/lt.php?tid=LhlVCABVW1UHDE8AUQVSFVcABgYbBwEOBEgAUgRVDAFTB1NVVFMeVVIKVgQCAgAVAVMCAxtRUAFRSAAHAwcYAARWAgQIV1ZSVlwHSQcIUFtWBwIBG1QOWwRIDQkGAhhVX1AFHVRSUFQADlBXUFMJXg\" style=\"color:blue;text-decoration:underline\" target=\"_blank\" rel=\"noopener\"><span style=\"color:#2980b9\">Estudos sobre a Europa<\/span><\/a><\/span><\/span><\/span><\/p>\n<p><span style=\"font-family:Arial,Helvetica,sans-serif\"><span style=\"font-size:14px\"><span style=\"background:white\"><a href=\"http:\/\/newsletter.uab.pt\/phplist\/phplist\/lt.php?tid=LhlRCVJTA1BTDU8DBwUEFVcFVggbXVUKBEgMCAUAAgZfUgIBAVAeVVIKVgQCAgAVAVMCAxtRUAFRSAAHAwcYAARWAgQIV1ZSVlwHSQcIUFtWBwIBG1QOWwRIDQkGAhhVX1AFHVRSUFQADlBXUFMJXg\" style=\"color:blue;text-decoration:underline\" target=\"_blank\" rel=\"noopener\"><span style=\"color:#2980b9\">Estudos sobre as Mulheres \u2013 G\u00e9nero, Cidadania e Desenvolvimento<\/span><\/a><\/span><\/span><\/span><\/p>\n<p><span style=\"font-family:Arial,Helvetica,sans-serif\"><span style=\"font-size:14px\"><span style=\"background:white\"><a href=\"http:\/\/newsletter.uab.pt\/phplist\/phplist\/lt.php?tid=LhlSAFRQVVMGAE9RVwYAFVcBVFUbXQYMUEgBAAQHVgZeVAIJBFUeVVIKVgQCAgAVAVMCAxtRUAFRSAAHAwcYAARWAgQIV1ZSVlwHSQcIUFtWBwIBG1QOWwRIDQkGAhhVX1AFHVRSUFQADlBXUFMJXg\" style=\"color:blue;text-decoration:underline\" target=\"_blank\" rel=\"noopener\"><span style=\"color:#2980b9\">Rela\u00e7\u00f5es Interculturais<\/span><\/a><\/span><\/span><\/span><\/p>\n<p><span style=\"font-family:Arial,Helvetica,sans-serif\"><span style=\"font-size:14px\"><span style=\"background:white\"><a href=\"http:\/\/newsletter.uab.pt\/phplist\/phplist\/lt.php?tid=LhkDAwFRVVVXCk8NBQJXFVcCAwgbXQJdBUgOBANRBgADB1FTCFIeVVIKVgQCAgAVAVMCAxtRUAFRSAAHAwcYAARWAgQIV1ZSVlwHSQcIUFtWBwIBG1QOWwRIDQkGAhhVX1AFHVRSUFQADlBXUFMJXg\" style=\"color:blue;text-decoration:underline\" target=\"_blank\" rel=\"noopener\"><span style=\"color:#2980b9\">Pedagogia do eLearning<\/span><\/a><\/span><\/span><\/span><\/p>\n<p><span style=\"font-family:Arial,Helvetica,sans-serif\"><span style=\"font-size:14px\"><span style=\"background:white\"><a href=\"http:\/\/newsletter.uab.pt\/phplist\/phplist\/lt.php?tid=LhkBUQUGBwFUXk9UVQlVFVcBBlQbBAYKA0gMUFMABQFTVwcDUVIeVVIKVgQCAgAVAVMCAxtRUAFRSAAHAwcYAARWAgQIV1ZSVlwHSQcIUFtWBwIBG1QOWwRIDQkGAhhVX1AFHVRSUFQADlBXUFMJXg\" style=\"color:blue;text-decoration:underline\" target=\"_blank\" rel=\"noopener\"><span style=\"color:#2980b9\">Portugu\u00eas L\u00edngua N\u00e3o Materna<\/span><\/a><\/span><\/span><\/span><\/p>\n<p><span style=\"font-family:Arial,Helvetica,sans-serif\"><span style=\"font-size:14px\"><strong>Saiba mais sobre o <a href=\"http:\/\/newsletter.uab.pt\/phplist\/phplist\/lt.php?tid=LhlSVAdSU1dcXU9QBQgJFVdTA1EbXAUMV0gOU1YCAlVTAwUBAAIeVVIKVgQCAgAVAVMCAxtRUAFRSAAHAwcYAARWAgQIV1ZSVlwHSQcIUFtWBwIBG1QOWwRIDQkGAhhVX1AFHVRSUFQADlBXUFMJXg\" target=\"_blank\" rel=\"noopener\"><span style=\"color:#2980b9\">processo de candidatura<\/span><\/a><span style=\"color:#2980b9\">\u00a0<\/span><\/strong><\/span><\/span><\/p>\n<p style=\"margin-bottom:24px\">\n<span style=\"font-family:Arial,Helvetica,sans-serif\"><span style=\"font-size:14px\"><b><span style=\"background:white\">DOUTORAMENTOS<\/span><\/b><\/span><\/span><\/p>\n<p style=\"margin-bottom:24px\"><span style=\"font-family:Arial,Helvetica,sans-serif\"><span style=\"font-size:14px\"><span style=\"background:white\"><a href=\"http:\/\/newsletter.uab.pt\/phplist\/phplist\/lt.php?tid=LhkEAwRdVQFRDU8EBwABFVcDVlIbXQNYAEgLAlcFVgJeXAdUBwYeVVIKVgQCAgAVAVMCAxtRUAFRSAAHAwcYAARWAgQIV1ZSVlwHSQcIUFtWBwIBG1QOWwRIDQkGAhhVX1AFHVRSUFQADlBXUFMJXg\" style=\"color:blue;text-decoration:underline\" target=\"_blank\" rel=\"noopener\"><span style=\"color:#2980b9\">Estudos Medievais<\/span><\/a><\/span><\/span><\/span><\/p>\n<p style=\"margin-bottom:24px\"><span style=\"font-family:Arial,Helvetica,sans-serif\"><span style=\"font-size:14px\"><span style=\"background:white\"><a href=\"http:\/\/newsletter.uab.pt\/phplist\/phplist\/lt.php?tid=LhkAVAJSBlZTXk8AAABQFVcHAVEbB1NYUEgPUwJUV1BSVFNTAVIeVVIKVgQCAgAVAVMCAxtRUAFRSAAHAwcYAARWAgQIV1ZSVlwHSQcIUFtWBwIBG1QOWwRIDQkGAhhVX1AFHVRSUFQADlBXUFMJXg\" style=\"color:blue;text-decoration:underline\" target=\"_blank\" rel=\"noopener\"><span style=\"color:#2980b9\">Estudos Portugueses<\/span><\/a><\/span><\/span><\/span><\/p>\n<p style=\"margin-bottom:24px\"><span style=\"font-family:Arial,Helvetica,sans-serif\"><span style=\"font-size:14px\"><span style=\"background:white\"><a href=\"http:\/\/newsletter.uab.pt\/phplist\/phplist\/lt.php?tid=LhkAVAhRUQUECk8MBlMHFVdXDwYbXQMBB0gKBQNSDVVfUgYDBAEeVVIKVgQCAgAVAVMCAxtRUAFRSAAHAwcYAARWAgQIV1ZSVlwHSQcIUFtWBwIBG1QOWwRIDQkGAhhVX1AFHVRSUFQADlBXUFMJXg\" style=\"color:blue;text-decoration:underline\" target=\"_blank\" rel=\"noopener\"><span style=\"color:#2980b9\">Hist\u00f3ria<\/span><\/a><\/span><\/span><\/span><\/p>\n<p><span style=\"font-family:Arial,Helvetica,sans-serif\"><span style=\"font-size:14px\"><strong>Saiba mais sobre o <a href=\"http:\/\/newsletter.uab.pt\/phplist\/phplist\/lt.php?tid=LhkGBAdSVgcAXE9WClJVFVcCBVIbBAQPU0hfAQMBAQwHBwNWAFEeVVIKVgQCAgAVAVMCAxtRUAFRSAAHAwcYAARWAgQIV1ZSVlwHSQcIUFtWBwIBG1QOWwRIDQkGAhhVX1AFHVRSUFQADlBXUFMJXg\" target=\"_blank\" rel=\"noopener\"><span style=\"color:#2980b9\">processo de candidatura<\/span><\/a><span style=\"color:#2980b9\">\u00a0<\/span><\/strong><\/span><\/span><\/p>\n<p>\u00a0<\/p>\n<p><span style=\"font-family:Arial,Helvetica,sans-serif\"><span style=\"font-size:14px\">As candidaturas rececionadas no 1\u00ba per\u00edodo encontram-se validadas, n\u00e3o sendo necess\u00e1rio aos respetivos candidatos a apresenta\u00e7\u00e3o de uma nova candidatura.<\/span><\/span><\/p>\n<p><span style=\"font-size:14px\"><span style=\"font-family:Arial,Helvetica,sans-serif\"><em><b>NOTA: Recebeu esta comunica\u00e7\u00e3o porque este e-mail faz parte da lista de divulga\u00e7\u00e3o da oferta formativa da Universidade Aberta. <span style=\"background:white\"><span style=\"color:#333333\">Se n\u00e3o quiser receber mais comunica\u00e7\u00f5es, clique\u00a0<\/span><\/span><a href=\"http:\/\/newsletter.uab.pt\/phplist\/phplist\/lt.php?tid=LhlWBgQBAQZcWU9RBwBTFVcEBFYbBFULUUgMAQcEDVdSBwgHBgUeVVIKVgQCAgAVAVMCAxtRUAFRSAAHAwcYAARWAgQIV1ZSVlwHSQcIUFtWBwIBG1QOWwRIDQkGAhhVX1AFHVRSUFQADlBXUFMJXg\" style=\"color:blue;text-decoration:underline\" target=\"_blank\" rel=\"noopener\"><span style=\"background:white\"><span style=\"color:#2980b9\">aqui.<\/span><\/span><\/a><\/b><\/em><\/span><\/span><\/p>\n<p>\u00a0<\/p>\n<hr>\n<p>\u00a0<\/p>\n<p><strong><span style=\"color:#000000\"><span style=\"font-size:11pt\"><span style=\"line-height:normal\"><span style=\"font-family:Calibri,sans-serif\"><span style=\"text-transform:uppercase\">Universidade Aberta de portugal<\/span><\/span><\/span><\/span><\/span><\/strong><\/p>\n<p><span style=\"color:#000000\"><span style=\"font-size:11pt\"><span style=\"line-height:normal\"><span style=\"font-family:Calibri,sans-serif\">Rua da Escola Polit\u00e9cnica, n\u00ba 147<\/span><\/span><\/span><\/span><\/p>\n<p><span style=\"color:#000000\"><span style=\"font-size:11pt\"><span style=\"line-height:normal\"><span style=\"font-family:Calibri,sans-serif\">1269-001 Lisboa &#8211; Portugal<\/span><\/span><\/span><\/span><\/p>\n<p><span style=\"font-size:11pt\"><span style=\"line-height:normal\"><span style=\"font-family:Calibri,sans-serif\"><a href=\"mailto:gcri@uab.pt\" target=\"_blank\" rel=\"noopener\"><span style=\"color:#000000\"><a href=\"mailto:gcri@uab.pt\" >gcri@uab.pt<\/a><\/span><\/a><span style=\"color:#000000\"> <\/span><\/span><\/span><\/span><\/p>\n<p><img loading=\"lazy\" decoding=\"async\" src=\"http:\/\/newsletter.uab.pt\/phplist\/phplist\/ut.php?u=299cf8d6d414cf1eb1df4e2fe94f1860&amp;m=121\" width=\"1\" height=\"1\" border=\"0\" alt=\"\"><\/div>\n<\/div>\n<\/div>\n<\/div>\n","protected":false},"excerpt":{"rendered":"<p>&#8212;&#8212;&#8212;- Forwarded message &#8212;&#8212;&#8212;De: Universidade Aberta &lt;noreply-newsletter@uab.pt&gt;Date: ter\u00e7a, 11\/07\/2023 \u00e0(s) 17:51Subject: Mestrados e Doutoramentos | Novo per\u00edodo de candidaturasTo: &lt;direcao@aesia.pt&gt;&hellip; <a class=\"continue\" href=\"https:\/\/aesia.pt\/portal\/fwd-mestrados-e-doutoramentos-novo-periodo-de-candidaturas\/\">Ler mais<span> Mestrados e Doutoramentos | Novo per\u00edodo de candidaturas<\/span><\/a><\/p>\n","protected":false},"author":8,"featured_media":0,"comment_status":"closed","ping_status":"closed","sticky":false,"template":"","format":"standard","meta":{"_acf_changed":false,"footnotes":""},"categories":[56],"tags":[],"class_list":["post-8270","post","type-post","status-publish","format-standard","hentry","category-formacao"],"acf":[],"yoast_head":"<!-- This site is optimized with the Yoast SEO plugin v27.5 - https:\/\/yoast.com\/product\/yoast-seo-wordpress\/ -->\n<title>Fwd: Mestrados e Doutoramentos | Novo per\u00edodo de candidaturas &#8211; AESIA<\/title>\n<meta name=\"robots\" content=\"index, follow, max-snippet:-1, max-image-preview:large, max-video-preview:-1\" \/>\n<link rel=\"canonical\" href=\"https:\/\/aesia.pt\/portal\/fwd-mestrados-e-doutoramentos-novo-periodo-de-candidaturas\/\" \/>\n<meta property=\"og:locale\" content=\"pt_PT\" \/>\n<meta property=\"og:type\" content=\"article\" \/>\n<meta property=\"og:title\" content=\"Fwd: Mestrados e Doutoramentos | Novo per\u00edodo de candidaturas &#8211; AESIA\" \/>\n<meta property=\"og:description\" content=\"&#8212;&#8212;&#8212;- Forwarded message &#8212;&#8212;&#8212;De: Universidade Aberta &lt;noreply-newsletter@uab.pt&gt;Date: ter\u00e7a, 11\/07\/2023 \u00e0(s) 17:51Subject: Mestrados e Doutoramentos | Novo per\u00edodo de candidaturasTo: &lt;direcao@aesia.pt&gt;&hellip; Ler mais Mestrados e Doutoramentos | Novo per\u00edodo de candidaturas\" \/>\n<meta property=\"og:url\" content=\"https:\/\/aesia.pt\/portal\/fwd-mestrados-e-doutoramentos-novo-periodo-de-candidaturas\/\" \/>\n<meta property=\"og:site_name\" content=\"AESIA\" \/>\n<meta property=\"article:publisher\" content=\"https:\/\/www.facebook.com\/aesia.pt\/\" \/>\n<meta property=\"article:published_time\" content=\"2023-07-12T12:20:46+00:00\" \/>\n<meta property=\"og:image\" content=\"https:\/\/newsletter.uab.pt\/phplist\/images\/imagens\/CAPA_FB2.jpg\" \/>\n<meta name=\"author\" content=\"Ivo Cardoso\" \/>\n<meta name=\"twitter:card\" content=\"summary_large_image\" \/>\n<meta name=\"twitter:label1\" content=\"Escrito por\" \/>\n\t<meta name=\"twitter:data1\" content=\"Ivo Cardoso\" \/>\n\t<meta name=\"twitter:label2\" content=\"Tempo estimado de leitura\" \/>\n\t<meta name=\"twitter:data2\" content=\"1 minuto\" \/>\n<script type=\"application\/ld+json\" class=\"yoast-schema-graph\">{\"@context\":\"https:\\\/\\\/schema.org\",\"@graph\":[{\"@type\":\"Article\",\"@id\":\"https:\\\/\\\/aesia.pt\\\/portal\\\/fwd-mestrados-e-doutoramentos-novo-periodo-de-candidaturas\\\/#article\",\"isPartOf\":{\"@id\":\"https:\\\/\\\/aesia.pt\\\/portal\\\/fwd-mestrados-e-doutoramentos-novo-periodo-de-candidaturas\\\/\"},\"author\":{\"name\":\"Ivo Cardoso\",\"@id\":\"https:\\\/\\\/aesia.pt\\\/portal\\\/#\\\/schema\\\/person\\\/8961c6287f9d82fe320fba91b3e2e991\"},\"headline\":\"Mestrados e Doutoramentos | Novo per\u00edodo de candidaturas\",\"datePublished\":\"2023-07-12T12:20:46+00:00\",\"mainEntityOfPage\":{\"@id\":\"https:\\\/\\\/aesia.pt\\\/portal\\\/fwd-mestrados-e-doutoramentos-novo-periodo-de-candidaturas\\\/\"},\"wordCount\":219,\"publisher\":{\"@id\":\"https:\\\/\\\/aesia.pt\\\/portal\\\/#organization\"},\"image\":{\"@id\":\"https:\\\/\\\/aesia.pt\\\/portal\\\/fwd-mestrados-e-doutoramentos-novo-periodo-de-candidaturas\\\/#primaryimage\"},\"thumbnailUrl\":\"https:\\\/\\\/newsletter.uab.pt\\\/phplist\\\/images\\\/imagens\\\/CAPA_FB2.jpg\",\"articleSection\":[\"Forma\u00e7\u00e3o\"],\"inLanguage\":\"pt-PT\"},{\"@type\":\"WebPage\",\"@id\":\"https:\\\/\\\/aesia.pt\\\/portal\\\/fwd-mestrados-e-doutoramentos-novo-periodo-de-candidaturas\\\/\",\"url\":\"https:\\\/\\\/aesia.pt\\\/portal\\\/fwd-mestrados-e-doutoramentos-novo-periodo-de-candidaturas\\\/\",\"name\":\"Fwd: Mestrados e Doutoramentos | Novo per\u00edodo de candidaturas &#8211; AESIA\",\"isPartOf\":{\"@id\":\"https:\\\/\\\/aesia.pt\\\/portal\\\/#website\"},\"primaryImageOfPage\":{\"@id\":\"https:\\\/\\\/aesia.pt\\\/portal\\\/fwd-mestrados-e-doutoramentos-novo-periodo-de-candidaturas\\\/#primaryimage\"},\"image\":{\"@id\":\"https:\\\/\\\/aesia.pt\\\/portal\\\/fwd-mestrados-e-doutoramentos-novo-periodo-de-candidaturas\\\/#primaryimage\"},\"thumbnailUrl\":\"https:\\\/\\\/newsletter.uab.pt\\\/phplist\\\/images\\\/imagens\\\/CAPA_FB2.jpg\",\"datePublished\":\"2023-07-12T12:20:46+00:00\",\"breadcrumb\":{\"@id\":\"https:\\\/\\\/aesia.pt\\\/portal\\\/fwd-mestrados-e-doutoramentos-novo-periodo-de-candidaturas\\\/#breadcrumb\"},\"inLanguage\":\"pt-PT\",\"potentialAction\":[{\"@type\":\"ReadAction\",\"target\":[\"https:\\\/\\\/aesia.pt\\\/portal\\\/fwd-mestrados-e-doutoramentos-novo-periodo-de-candidaturas\\\/\"]}]},{\"@type\":\"ImageObject\",\"inLanguage\":\"pt-PT\",\"@id\":\"https:\\\/\\\/aesia.pt\\\/portal\\\/fwd-mestrados-e-doutoramentos-novo-periodo-de-candidaturas\\\/#primaryimage\",\"url\":\"https:\\\/\\\/newsletter.uab.pt\\\/phplist\\\/images\\\/imagens\\\/CAPA_FB2.jpg\",\"contentUrl\":\"https:\\\/\\\/newsletter.uab.pt\\\/phplist\\\/images\\\/imagens\\\/CAPA_FB2.jpg\"},{\"@type\":\"BreadcrumbList\",\"@id\":\"https:\\\/\\\/aesia.pt\\\/portal\\\/fwd-mestrados-e-doutoramentos-novo-periodo-de-candidaturas\\\/#breadcrumb\",\"itemListElement\":[{\"@type\":\"ListItem\",\"position\":1,\"name\":\"Home\",\"item\":\"https:\\\/\\\/aesia.pt\\\/portal\\\/\"},{\"@type\":\"ListItem\",\"position\":2,\"name\":\"Mestrados e Doutoramentos | Novo per\u00edodo de candidaturas\"}]},{\"@type\":\"WebSite\",\"@id\":\"https:\\\/\\\/aesia.pt\\\/portal\\\/#website\",\"url\":\"https:\\\/\\\/aesia.pt\\\/portal\\\/\",\"name\":\"AESIA\",\"description\":\"Agrupamento de Escolas de Santa Iria de Az\u00f3ia\",\"publisher\":{\"@id\":\"https:\\\/\\\/aesia.pt\\\/portal\\\/#organization\"},\"alternateName\":\"Agrupamento de Escolas de Santa Iria de Az\u00f3ia\",\"potentialAction\":[{\"@type\":\"SearchAction\",\"target\":{\"@type\":\"EntryPoint\",\"urlTemplate\":\"https:\\\/\\\/aesia.pt\\\/portal\\\/?s={search_term_string}\"},\"query-input\":{\"@type\":\"PropertyValueSpecification\",\"valueRequired\":true,\"valueName\":\"search_term_string\"}}],\"inLanguage\":\"pt-PT\"},{\"@type\":\"Organization\",\"@id\":\"https:\\\/\\\/aesia.pt\\\/portal\\\/#organization\",\"name\":\"Agrupamento de Escolas de Santa Iria de Az\u00f3ia\",\"alternateName\":\"AESIA\",\"url\":\"https:\\\/\\\/aesia.pt\\\/portal\\\/\",\"logo\":{\"@type\":\"ImageObject\",\"inLanguage\":\"pt-PT\",\"@id\":\"https:\\\/\\\/aesia.pt\\\/portal\\\/#\\\/schema\\\/logo\\\/image\\\/\",\"url\":\"https:\\\/\\\/aesia.pt\\\/portal\\\/wp-content\\\/uploads\\\/2023\\\/04\\\/logo4.png\",\"contentUrl\":\"https:\\\/\\\/aesia.pt\\\/portal\\\/wp-content\\\/uploads\\\/2023\\\/04\\\/logo4.png\",\"width\":162,\"height\":162,\"caption\":\"Agrupamento de Escolas de Santa Iria de Az\u00f3ia\"},\"image\":{\"@id\":\"https:\\\/\\\/aesia.pt\\\/portal\\\/#\\\/schema\\\/logo\\\/image\\\/\"},\"sameAs\":[\"https:\\\/\\\/www.facebook.com\\\/aesia.pt\\\/\"]},{\"@type\":\"Person\",\"@id\":\"https:\\\/\\\/aesia.pt\\\/portal\\\/#\\\/schema\\\/person\\\/8961c6287f9d82fe320fba91b3e2e991\",\"name\":\"Ivo Cardoso\",\"image\":{\"@type\":\"ImageObject\",\"inLanguage\":\"pt-PT\",\"@id\":\"https:\\\/\\\/secure.gravatar.com\\\/avatar\\\/b1503fafbe5678f3cfddd3fb093fcb636cd9a58fe5db5256d219059582e42c16?s=96&d=mm&r=g\",\"url\":\"https:\\\/\\\/secure.gravatar.com\\\/avatar\\\/b1503fafbe5678f3cfddd3fb093fcb636cd9a58fe5db5256d219059582e42c16?s=96&d=mm&r=g\",\"contentUrl\":\"https:\\\/\\\/secure.gravatar.com\\\/avatar\\\/b1503fafbe5678f3cfddd3fb093fcb636cd9a58fe5db5256d219059582e42c16?s=96&d=mm&r=g\",\"caption\":\"Ivo Cardoso\"},\"sameAs\":[\"http:\\\/\\\/aesia.pt\"],\"url\":\"https:\\\/\\\/aesia.pt\\\/portal\\\/author\\\/ivo-cardosoaesia-pt\\\/\"}]}<\/script>\n<!-- \/ Yoast SEO plugin. -->","yoast_head_json":{"title":"Fwd: Mestrados e Doutoramentos | Novo per\u00edodo de candidaturas &#8211; AESIA","robots":{"index":"index","follow":"follow","max-snippet":"max-snippet:-1","max-image-preview":"max-image-preview:large","max-video-preview":"max-video-preview:-1"},"canonical":"https:\/\/aesia.pt\/portal\/fwd-mestrados-e-doutoramentos-novo-periodo-de-candidaturas\/","og_locale":"pt_PT","og_type":"article","og_title":"Fwd: Mestrados e Doutoramentos | Novo per\u00edodo de candidaturas &#8211; AESIA","og_description":"&#8212;&#8212;&#8212;- Forwarded message &#8212;&#8212;&#8212;De: Universidade Aberta &lt;noreply-newsletter@uab.pt&gt;Date: ter\u00e7a, 11\/07\/2023 \u00e0(s) 17:51Subject: Mestrados e Doutoramentos | Novo per\u00edodo de candidaturasTo: &lt;direcao@aesia.pt&gt;&hellip; Ler mais Mestrados e Doutoramentos | Novo per\u00edodo de candidaturas","og_url":"https:\/\/aesia.pt\/portal\/fwd-mestrados-e-doutoramentos-novo-periodo-de-candidaturas\/","og_site_name":"AESIA","article_publisher":"https:\/\/www.facebook.com\/aesia.pt\/","article_published_time":"2023-07-12T12:20:46+00:00","og_image":[{"url":"https:\/\/newsletter.uab.pt\/phplist\/images\/imagens\/CAPA_FB2.jpg","type":"","width":"","height":""}],"author":"Ivo Cardoso","twitter_card":"summary_large_image","twitter_misc":{"Escrito por":"Ivo Cardoso","Tempo estimado de leitura":"1 minuto"},"schema":{"@context":"https:\/\/schema.org","@graph":[{"@type":"Article","@id":"https:\/\/aesia.pt\/portal\/fwd-mestrados-e-doutoramentos-novo-periodo-de-candidaturas\/#article","isPartOf":{"@id":"https:\/\/aesia.pt\/portal\/fwd-mestrados-e-doutoramentos-novo-periodo-de-candidaturas\/"},"author":{"name":"Ivo Cardoso","@id":"https:\/\/aesia.pt\/portal\/#\/schema\/person\/8961c6287f9d82fe320fba91b3e2e991"},"headline":"Mestrados e Doutoramentos | Novo per\u00edodo de candidaturas","datePublished":"2023-07-12T12:20:46+00:00","mainEntityOfPage":{"@id":"https:\/\/aesia.pt\/portal\/fwd-mestrados-e-doutoramentos-novo-periodo-de-candidaturas\/"},"wordCount":219,"publisher":{"@id":"https:\/\/aesia.pt\/portal\/#organization"},"image":{"@id":"https:\/\/aesia.pt\/portal\/fwd-mestrados-e-doutoramentos-novo-periodo-de-candidaturas\/#primaryimage"},"thumbnailUrl":"https:\/\/newsletter.uab.pt\/phplist\/images\/imagens\/CAPA_FB2.jpg","articleSection":["Forma\u00e7\u00e3o"],"inLanguage":"pt-PT"},{"@type":"WebPage","@id":"https:\/\/aesia.pt\/portal\/fwd-mestrados-e-doutoramentos-novo-periodo-de-candidaturas\/","url":"https:\/\/aesia.pt\/portal\/fwd-mestrados-e-doutoramentos-novo-periodo-de-candidaturas\/","name":"Fwd: Mestrados e Doutoramentos | Novo per\u00edodo de candidaturas &#8211; AESIA","isPartOf":{"@id":"https:\/\/aesia.pt\/portal\/#website"},"primaryImageOfPage":{"@id":"https:\/\/aesia.pt\/portal\/fwd-mestrados-e-doutoramentos-novo-periodo-de-candidaturas\/#primaryimage"},"image":{"@id":"https:\/\/aesia.pt\/portal\/fwd-mestrados-e-doutoramentos-novo-periodo-de-candidaturas\/#primaryimage"},"thumbnailUrl":"https:\/\/newsletter.uab.pt\/phplist\/images\/imagens\/CAPA_FB2.jpg","datePublished":"2023-07-12T12:20:46+00:00","breadcrumb":{"@id":"https:\/\/aesia.pt\/portal\/fwd-mestrados-e-doutoramentos-novo-periodo-de-candidaturas\/#breadcrumb"},"inLanguage":"pt-PT","potentialAction":[{"@type":"ReadAction","target":["https:\/\/aesia.pt\/portal\/fwd-mestrados-e-doutoramentos-novo-periodo-de-candidaturas\/"]}]},{"@type":"ImageObject","inLanguage":"pt-PT","@id":"https:\/\/aesia.pt\/portal\/fwd-mestrados-e-doutoramentos-novo-periodo-de-candidaturas\/#primaryimage","url":"https:\/\/newsletter.uab.pt\/phplist\/images\/imagens\/CAPA_FB2.jpg","contentUrl":"https:\/\/newsletter.uab.pt\/phplist\/images\/imagens\/CAPA_FB2.jpg"},{"@type":"BreadcrumbList","@id":"https:\/\/aesia.pt\/portal\/fwd-mestrados-e-doutoramentos-novo-periodo-de-candidaturas\/#breadcrumb","itemListElement":[{"@type":"ListItem","position":1,"name":"Home","item":"https:\/\/aesia.pt\/portal\/"},{"@type":"ListItem","position":2,"name":"Mestrados e Doutoramentos | Novo per\u00edodo de candidaturas"}]},{"@type":"WebSite","@id":"https:\/\/aesia.pt\/portal\/#website","url":"https:\/\/aesia.pt\/portal\/","name":"AESIA","description":"Agrupamento de Escolas de Santa Iria de Az\u00f3ia","publisher":{"@id":"https:\/\/aesia.pt\/portal\/#organization"},"alternateName":"Agrupamento de Escolas de Santa Iria de Az\u00f3ia","potentialAction":[{"@type":"SearchAction","target":{"@type":"EntryPoint","urlTemplate":"https:\/\/aesia.pt\/portal\/?s={search_term_string}"},"query-input":{"@type":"PropertyValueSpecification","valueRequired":true,"valueName":"search_term_string"}}],"inLanguage":"pt-PT"},{"@type":"Organization","@id":"https:\/\/aesia.pt\/portal\/#organization","name":"Agrupamento de Escolas de Santa Iria de Az\u00f3ia","alternateName":"AESIA","url":"https:\/\/aesia.pt\/portal\/","logo":{"@type":"ImageObject","inLanguage":"pt-PT","@id":"https:\/\/aesia.pt\/portal\/#\/schema\/logo\/image\/","url":"https:\/\/aesia.pt\/portal\/wp-content\/uploads\/2023\/04\/logo4.png","contentUrl":"https:\/\/aesia.pt\/portal\/wp-content\/uploads\/2023\/04\/logo4.png","width":162,"height":162,"caption":"Agrupamento de Escolas de Santa Iria de Az\u00f3ia"},"image":{"@id":"https:\/\/aesia.pt\/portal\/#\/schema\/logo\/image\/"},"sameAs":["https:\/\/www.facebook.com\/aesia.pt\/"]},{"@type":"Person","@id":"https:\/\/aesia.pt\/portal\/#\/schema\/person\/8961c6287f9d82fe320fba91b3e2e991","name":"Ivo Cardoso","image":{"@type":"ImageObject","inLanguage":"pt-PT","@id":"https:\/\/secure.gravatar.com\/avatar\/b1503fafbe5678f3cfddd3fb093fcb636cd9a58fe5db5256d219059582e42c16?s=96&d=mm&r=g","url":"https:\/\/secure.gravatar.com\/avatar\/b1503fafbe5678f3cfddd3fb093fcb636cd9a58fe5db5256d219059582e42c16?s=96&d=mm&r=g","contentUrl":"https:\/\/secure.gravatar.com\/avatar\/b1503fafbe5678f3cfddd3fb093fcb636cd9a58fe5db5256d219059582e42c16?s=96&d=mm&r=g","caption":"Ivo Cardoso"},"sameAs":["http:\/\/aesia.pt"],"url":"https:\/\/aesia.pt\/portal\/author\/ivo-cardosoaesia-pt\/"}]}},"_links":{"self":[{"href":"https:\/\/aesia.pt\/portal\/wp-json\/wp\/v2\/posts\/8270","targetHints":{"allow":["GET"]}}],"collection":[{"href":"https:\/\/aesia.pt\/portal\/wp-json\/wp\/v2\/posts"}],"about":[{"href":"https:\/\/aesia.pt\/portal\/wp-json\/wp\/v2\/types\/post"}],"author":[{"embeddable":true,"href":"https:\/\/aesia.pt\/portal\/wp-json\/wp\/v2\/users\/8"}],"replies":[{"embeddable":true,"href":"https:\/\/aesia.pt\/portal\/wp-json\/wp\/v2\/comments?post=8270"}],"version-history":[{"count":0,"href":"https:\/\/aesia.pt\/portal\/wp-json\/wp\/v2\/posts\/8270\/revisions"}],"wp:attachment":[{"href":"https:\/\/aesia.pt\/portal\/wp-json\/wp\/v2\/media?parent=8270"}],"wp:term":[{"taxonomy":"category","embeddable":true,"href":"https:\/\/aesia.pt\/portal\/wp-json\/wp\/v2\/categories?post=8270"},{"taxonomy":"post_tag","embeddable":true,"href":"https:\/\/aesia.pt\/portal\/wp-json\/wp\/v2\/tags?post=8270"}],"curies":[{"name":"wp","href":"https:\/\/api.w.org\/{rel}","templated":true}]}}