{"id":8257,"date":"2023-07-05T12:20:33","date_gmt":"2023-07-05T12:20:33","guid":{"rendered":"https:\/\/aesia.pt\/portal\/?p=8257"},"modified":"2023-07-05T12:20:33","modified_gmt":"2023-07-05T12:20:33","slug":"fwd-anip-divulgacao-oferta-formativa","status":"publish","type":"post","link":"https:\/\/aesia.pt\/portal\/fwd-anip-divulgacao-oferta-formativa\/","title":{"rendered":"ANIP: Divulga\u00e7\u00e3o || Oferta Formativa"},"content":{"rendered":"<div class=\"postie-post\">\n<div dir=\"ltr\">\n<div class=\"gmail_quote\">\n<div dir=\"ltr\" class=\"gmail_attr\">&#8212;&#8212;&#8212;- Forwarded message &#8212;&#8212;&#8212;<br \/>De: <strong class=\"gmail_sendername\" dir=\"auto\">Sandra pessoa<\/strong> <span dir=\"auto\">&lt;<a href=\"mailto:sandra.pessoa@anip.net\"><a href=\"mailto:sandra.pessoa@anip.net\" >sandra.pessoa@anip.net<\/a><\/a>&gt;<\/span><br \/>Date: quarta, 5\/07\/2023 \u00e0(s) 11:01<br \/>Subject:  ANIP: Divulga\u00e7\u00e3o || Oferta Formativa<br \/>To: Sandra pessoa &lt;<a href=\"mailto:sandra.pessoa@anip.net\"><a href=\"mailto:sandra.pessoa@anip.net\" >sandra.pessoa@anip.net<\/a><\/a>&gt;<\/div>\n<div lang=\"PT\" link=\"#0563C1\" vlink=\"#954F72\" style=\"word-wrap:break-word\">\n<div>\n<p class=\"MsoNormal\" style=\"margin-bottom:6.0pt\"><b><span style=\"font-size:12.0pt\">Ex.\/a Sr.\/a,<\/span><\/b><span style=\"font-size:12.0pt\"><u><\/u><u><\/u><\/span><\/p>\n<p class=\"MsoNormal\" style=\"margin-bottom:6.0pt\"><b><span style=\"font-size:12.0pt\">O Centro de Forma\u00e7\u00e3o ANIP (Associa\u00e7\u00e3o Nacional de Interven\u00e7\u00e3o Precoce na Inf\u00e2ncia), certificado pela DGERT e acreditado pelo <span style=\"color:black;background:white\">Conselho Cient\u00edfico-Pedag\u00f3gico da Forma\u00e7\u00e3o Cont\u00ednua<\/span><\/span><\/b><span style=\"font-size:12.0pt;color:black;background:white\">\u00a0(<b>CCPFC<\/b>), vem por este meio divulgar a oferta formativa que se encontra agendada para os pr\u00f3ximos meses, <b>em formato On-line,<\/b> com descontos especiais em cada uma das a\u00e7\u00f5es<\/span><b><span style=\"font-size:12.0pt\">. <\/span><\/b><span style=\"font-size:12.0pt\">Caso pretenda frequentar as a\u00e7\u00f5es com mais de 2\/3 colegas da sua organiza\u00e7\u00e3o, por favor, entre em contato connosco: <a href=\"mailto:formacao@anip.net\" target=\"_blank\" rel=\"noopener\"><a href=\"mailto:formacao@anip.net\" >formacao@anip.net<\/a><\/a> <b><u><\/u><u><\/u><\/b><\/span><\/p>\n<p class=\"MsoNormal\"><b><span style=\"font-size:12.0pt\">\u00a0<u><\/u><u><\/u><\/span><\/b><\/p>\n<p class=\"MsoNormal\"><b><span style=\"font-size:12.0pt;color:#2f5597;text-transform:uppercase\">Curso de Forma\u00e7\u00e3o: \u201cDesenvolvimento do PIIP (Plano Individual de Interven\u00e7\u00e3o Precoce na Inf\u00e2ncia)\u201d<\/span><\/b><b><span style=\"font-size:12.0pt;text-transform:uppercase\"> \u2013 <span style=\"color:#ed7d31\">Ainda se pode Inscrever ! <\/span><\/span><\/b><span style=\"font-size:12.0pt\"><u><\/u><u><\/u><\/span><\/p>\n<p class=\"MsoNormal\"><b><span style=\"font-size:12.0pt;text-transform:uppercase\">Objetivo: <\/span><\/b><span style=\"font-size:12.0pt\">Compreender o Plano Individual de Interven\u00e7\u00e3o Precoce como oportunidade de implementa\u00e7\u00e3o das pr\u00e1ticas recomendadas em IPI e reconhecer o papel central da fam\u00edlia no desenvolvimento do PIIP.<u><\/u><u><\/u><\/span><\/p>\n<p><b><span style=\"font-family:\"Calibri\",sans-serif;color:windowtext\">Datas:<i> 6, 7 e 8 de julho de 2023\u00a0 <\/i><\/span><\/b><span style=\"font-family:\"Calibri\",sans-serif;color:windowtext\">|| <b>Dura\u00e7\u00e3o:<\/b> 14 horas <u><\/u><u><\/u><\/span><\/p>\n<p><b><span style=\"font-family:\"Calibri\",sans-serif;color:windowtext\">Hor\u00e1rio:\u00a0 <\/span><\/b><span style=\"font-family:\"Calibri\",sans-serif;color:windowtext\"><u><\/u><u><\/u><\/span><\/p>\n<ul style=\"margin-top:0cm\" type=\"disc\">\n<li style=\"color:windowtext\"><span style=\"font-family:\"Calibri\",sans-serif\">5\u00aa Feira:17h30 \u00e0s 21h30<u><\/u><u><\/u><\/span><\/li>\n<li style=\"color:windowtext\"><span style=\"font-family:\"Calibri\",sans-serif\">6\u00aa Feira:14h30\u00e0s 20h30 <u><\/u><u><\/u><\/span><\/li>\n<li style=\"margin-left:0cm\"><span style=\"font-size:12.0pt\">S\u00e1bado:09h30 \u00e0s 13h<u><\/u><u><\/u><\/span><\/li>\n<\/ul>\n<p class=\"MsoNormal\"><span style=\"font-size:12.0pt\"><u><\/u>\u00a0<u><\/u><\/span><\/p>\n<p class=\"MsoNormal\"><b><i><span style=\"font-size:12.0pt;color:#ed7d31\">Mantemos o Desconto de 10% para todas as\u00a0 inscri\u00e7\u00f5es <u><\/u><u><\/u><\/span><\/i><\/b><\/p>\n<p class=\"MsoNormal\"><b><span style=\"font-size:12.0pt\">Associado ANIP: <\/span><\/b><span style=\"font-size:12.0pt\">85\u20ac C\/desconto especial de 10% =<b> 76.50\u20ac<\/b><u><\/u><u><\/u><\/span><\/p>\n<p class=\"MsoNormal\"><b><span style=\"font-size:12.0pt\">N\u00e3o Associado ANIP: <\/span><\/b><span style=\"font-size:12.0pt\">100\u20ac C\/desconto especial de 10% =<b> 90\u20ac <\/b><u><\/u><u><\/u><\/span><\/p>\n<p class=\"MsoNormal\"><b><span style=\"font-size:12.0pt\"><u><\/u>\u00a0<u><\/u><\/span><\/b><\/p>\n<p class=\"MsoNormal\"><b><span style=\"font-size:12.0pt\">Valor da Inscri\u00e7\u00e3o <span style=\"color:#c55a11;text-transform:uppercase\">com desconto adicional de 20%<\/span><span style=\"color:#c55a11\"> para quem frequentou o curso de <u><span style=\"text-transform:uppercase\">avalia\u00e7\u00e3o da crian\u00e7a em IPI<\/span>:<\/u><\/span><\/span><\/b><span style=\"font-size:12.0pt\"><u><\/u><u><\/u><\/span><\/p>\n<p class=\"MsoNormal\"><b><span style=\"font-size:12.0pt\">Associado ANIP: <\/span><\/b><span style=\"font-size:12.0pt\">85\u20ac C\/desconto especial de 20% =<b> 68\u20ac<\/b><u><\/u><u><\/u><\/span><\/p>\n<p class=\"MsoNormal\"><b><span style=\"font-size:12.0pt\">N\u00e3o Associado ANIP: <\/span><\/b><span style=\"font-size:12.0pt\">100\u20ac C\/desconto especial de 20% =<b> 80\u20ac <\/b><u><\/u><u><\/u><\/span><\/p>\n<p class=\"MsoNormal\"><b><span style=\"font-size:12.0pt\">Para mais informa\u00e7\u00f5es aceda aqui: <\/span><\/b><span style=\"font-size:12.0pt\"><a href=\"https:\/\/www.anip.pt\/portfolio-items\/desenvolvimento-do-piip-online-4\/?portfolioCats=8%2C6%2C7%2C5\" target=\"_blank\" rel=\"noopener\">https:\/\/www.anip.pt\/portfolio-items\/desenvolvimento-do-piip-online-4\/?portfolioCats=8%2C6%2C7%2C5<\/a><u><\/u><u><\/u><\/span><\/p>\n<p class=\"MsoNormal\"><b><span style=\"font-size:12.0pt\">Ficha de Inscri\u00e7\u00e3o: <\/span><\/b><span style=\"font-size:12.0pt;color:blue\"><a href=\"https:\/\/forms.gle\/NR8Z2WZbdq1HmQK69\" target=\"_blank\" rel=\"noopener\">https:\/\/forms.gle\/NR8Z2WZbdq1HmQK69<\/a><\/span><span style=\"font-size:12.0pt\"><u><\/u><u><\/u><\/span><\/p>\n<ul style=\"margin-top:0cm\" type=\"disc\">\n<li style=\"margin-left:0cm\"><b><span style=\"font-size:12.0pt\">Certificado DGERT \u00a0<u><\/u><u><\/u><\/span><\/b><\/li>\n<\/ul>\n<p class=\"MsoNormal\"><span style=\"font-size:12.0pt\"><u><\/u>\u00a0<u><\/u><\/span><\/p>\n<p class=\"MsoNormal\"><span style=\"font-size:12.0pt;color:black\">\u00a0<\/span><span style=\"font-size:12.0pt\"><u><\/u><u><\/u><\/span><\/p>\n<p class=\"MsoNormal\" style=\"background:white\"><b><span style=\"font-size:12.0pt;color:#2f5597;text-transform:uppercase\">A\u00e7\u00e3o de curta dura\u00e7\u00e3o|| Workshop:<\/span><\/b><b><span style=\"font-size:12.0pt;color:#2f5597\"> \u201cSALTARICO APRENDE A LER E A ESCREVER\u201d \u2013 M\u00c9TODO A.R.B.O. <\/span><\/b><span style=\"font-size:12.0pt;color:#2f5597\"><u><\/u><u><\/u><\/span><\/p>\n<p class=\"MsoNormal\"><b><span style=\"font-size:12.0pt\">\u00a0<\/span><\/b><span style=\"font-size:12.0pt\"><u><\/u><u><\/u><\/span><\/p>\n<p class=\"MsoNormal\" style=\"background:white\"><b><span style=\"font-size:12.0pt;color:black\">Aceda a um pequeno v\u00eddeo sobre o saltarico aqui! &#8211; <\/span><\/b><span style=\"font-size:12.0pt;color:black\"><a href=\"https:\/\/fb.watch\/kzlOw-NPTw\/\" target=\"_blank\" rel=\"noopener\">https:\/\/fb.watch\/kzlOw-NPTw\/<\/a><\/span><span style=\"font-size:12.0pt\"><u><\/u><u><\/u><\/span><\/p>\n<p class=\"MsoNormal\"><b><span style=\"font-size:12.0pt;text-transform:uppercase\">Objetivo(S): <u><\/u><u><\/u><\/span><\/b><\/p>\n<p class=\"MsoNormal\" style=\"text-align:justify\"><span style=\"font-size:12.0pt\">&#8211; P\u00f4r em reflex\u00e3o a intr\u00ednseca rela\u00e7\u00e3o existente entre a aquisi\u00e7\u00e3o das compet\u00eancias de leitura e escrita e a parte emocional e psicol\u00f3gica das crian\u00e7as;<u><\/u><u><\/u><\/span><\/p>\n<p class=\"MsoNormal\" style=\"text-align:justify\"><span style=\"font-size:12.0pt\">&#8211; Apresentar um m\u00e9todo de leitura e escrita que se enquadra nos modelos interativos (na perspetiva da combina\u00e7\u00e3o dos modelos <i>bottom-up<\/i> e <i>top-down<\/i>), uma vez que integra estrat\u00e9gias dos m\u00e9todos f\u00f3nicos e dos m\u00e9todos globais;<u><\/u><u><\/u><\/span><\/p>\n<p class=\"MsoNormal\" style=\"text-align:justify\"><span style=\"font-size:12.0pt\">&#8211; Partilhar estrat\u00e9gias que visam promover e refor\u00e7ar a consci\u00eancia fonol\u00f3gica das crian\u00e7as;<u><\/u><u><\/u><\/span><\/p>\n<p class=\"MsoNormal\" style=\"text-align:justify\"><span style=\"font-size:12.0pt\">&#8211; Partilhar estrat\u00e9gias que possam facilitar a aquisi\u00e7\u00e3o de aprendizagens, atrav\u00e9s da \u201cativa\u00e7\u00e3o de tr\u00eas mem\u00f3rias\u201d: visual, auditiva e corporal\/cinest\u00e9sica.<u><\/u><u><\/u><\/span><\/p>\n<p class=\"MsoNormal\" style=\"background:white\"><b><span style=\"font-size:12.0pt;color:black\">Data:<\/span><\/b><span style=\"font-size:12.0pt;color:black\"> 11 de julho de 2023 || <b>Dura\u00e7\u00e3o:<\/b> 3 horas<\/span><span style=\"font-size:12.0pt\"><u><\/u><u><\/u><\/span><\/p>\n<p class=\"MsoNormal\" style=\"background:white\"><b><span style=\"font-size:12.0pt;color:black\">Hor\u00e1rio:<\/span><\/b><span style=\"font-size:12.0pt;color:black\"> 14h30 \u00e0s 17h30<\/span><span style=\"font-size:12.0pt\"><u><\/u><u><\/u><\/span><\/p>\n<p class=\"MsoNormal\" style=\"background:white\"><b><i><span style=\"font-size:12.0pt;color:#ed7d31\">Desconto de <u>10%<\/u> para inscri\u00e7\u00f5es de 2 ou mais pessoas sobre o valor da inscri\u00e7\u00e3o <\/span><\/i><\/b><span style=\"font-size:12.0pt;color:#ed7d31\"><u><\/u><u><\/u><\/span><\/p>\n<p class=\"MsoNormal\" style=\"background:white\"><span style=\"font-size:12.0pt;color:#050505\">&#8211; <\/span><b><span style=\"font-size:12.0pt;color:black\">\u00a0<\/span><\/b><span style=\"font-size:12.0pt;color:black\">Associado ANIP-15 \u20ac\u00a0 C\/ desconto de 10% = 13,50\u20ac || N\u00e3o Associado-20 \u20ac C\/ desconto de 10% = 18\u20ac<\/span><span style=\"font-size:12.0pt\"><u><\/u><u><\/u><\/span><\/p>\n<p class=\"MsoNormal\" style=\"background:white\"><b><span style=\"font-size:12.0pt;color:#050505\">Para mais informa\u00e7\u00f5es aceda aqui: <\/span><\/b><span style=\"font-size:12.0pt;color:#050505\"><a href=\"https:\/\/www.anip.pt\/portfolio-items\/saltarico-aprende-a-ler-e-escrever-metodo-arbo-online\/?portfolioCats=12%2C9%2C11%2C10\" target=\"_blank\" rel=\"noopener\">https:\/\/www.anip.pt\/portfolio-items\/saltarico-aprende-a-ler-e-escrever-metodo-arbo-online\/?portfolioCats=12%2C9%2C11%2C10<\/a><b><u><\/u><u><\/u><\/b><\/span><\/p>\n<p class=\"MsoNormal\" style=\"background:white\"><span style=\"font-size:12.0pt\"><u><\/u>\u00a0<u><\/u><\/span><\/p>\n<p class=\"MsoNormal\"><b><span style=\"font-size:12.0pt\">FICHA DE INSCRI\u00c7\u00c3O: <\/span><\/b><span style=\"font-size:12.0pt;color:blue\"><a href=\"https:\/\/forms.gle\/46dsS5sahVBZEV3k6\" target=\"_blank\" rel=\"noopener\">https:\/\/forms.gle\/46dsS5sahVBZEV3k6<\/a><u><\/u><u><\/u><\/span><\/p>\n<p class=\"MsoNormal\"><b><span style=\"font-size:12.0pt;text-transform:uppercase\">Acredita\u00e7\u00e3o e certifica\u00e7\u00e3o: <u><\/u><u><\/u><\/span><\/b><\/p>\n<ul style=\"margin-top:0cm\" type=\"disc\">\n<li style=\"color:#050505;margin-left:0cm\"><span style=\"font-size:12.0pt;color:windowtext\">Workshop Acreditado <\/span><span style=\"font-size:12.0pt\">como <b>a\u00e7\u00e3o de curta dura\u00e7\u00e3o para docentes do primeiro ciclo do ensino b\u00e1sico e educa\u00e7\u00e3o especial pelo Centro Forma\u00e7\u00e3o Docente ANIP<u><\/u><u><\/u><\/b><\/span><\/li>\n<li style=\"color:#050505;margin-left:0cm\"><b><span style=\"font-size:12.0pt\">Acesso a certificado de participa\u00e7\u00e3o.<u><\/u><u><\/u><\/span><\/b><\/li>\n<\/ul>\n<p class=\"MsoNormal\"><b><span style=\"font-size:12.0pt\"><u><\/u>\u00a0<u><\/u><\/span><\/b><\/p>\n<p class=\"MsoNormal\"><b><span style=\"font-size:12.0pt\">Aproveitamos <i>e convidamo-lo(a) a \u00a0visitar o site do M\u00e9todo A.R.B.O<\/i><\/span><\/b><span style=\"font-size:12.0pt\"> &#8211; \u00a0<span style=\"color:#4472c4\"><a href=\"https:\/\/metodoarbo.wixsite.com\/arbo\" target=\"_blank\" rel=\"noopener\"><span style=\"color:#4472c4\">https:\/\/metodoarbo.wixsite.com\/arbo<\/span><\/a><\/span><u><\/u><u><\/u><\/span><\/p>\n<p><span style=\"font-family:\"Calibri\",sans-serif;color:blue\"><u><\/u>\u00a0<u><\/u><\/span><\/p>\n<p align=\"left\" style=\"margin-bottom:6.0pt;text-align:left;line-height:normal\"><b><span style=\"font-family:\"Calibri\",sans-serif;color:#2f5597;text-transform:uppercase\">A\u00e7\u00e3o de curta dura\u00e7\u00e3o|| <i><span style=\"letter-spacing:.75pt\">O LADO B da Birra: <\/span>Problemas de Comportamento ou Problema em Lidar com Comportamento?<span style=\"letter-spacing:.75pt\"><u><\/u><u><\/u><\/span><\/i><\/span><\/b><\/p>\n<p class=\"MsoNormal\" style=\"text-autospace:none\"><b><span style=\"font-size:12.0pt;color:black\">OBJETIVOS:<\/span><\/b><span style=\"font-size:12.0pt;color:black\"><u><\/u><u><\/u><\/span><\/p>\n<p class=\"MsoNormal\" style=\"margin-right:0cm;margin-bottom:4.85pt;margin-left:0cm;text-indent:0cm;text-autospace:none\"><span style=\"font-size:12.0pt;color:black\">-Compreender o desenvolvimento emocional da crian\u00e7a e a sua rela\u00e7\u00e3o com o comportamento.<u><\/u><u><\/u><\/span><\/p>\n<p class=\"MsoNormal\" style=\"margin-left:0cm;text-indent:0cm;text-autospace:none\"><span style=\"font-size:12.0pt;color:black\">-Compreender a raz\u00e3o pela qual a crian\u00e7a manifesta determinado comportamento: qual o significado do seu comportamento.<u><\/u><u><\/u><\/span><\/p>\n<p><b><span style=\"font-family:\"Calibri\",sans-serif\">&#8211; <\/span><\/b><span style=\"font-family:\"Calibri\",sans-serif\">Refletir acerca do impacto que o comportamento da crian\u00e7a tem no adulto e Estrat\u00e9gias a utilizar <u><\/u><u><\/u><\/span><\/p>\n<p class=\"MsoNormal\" style=\"background:white\"><b><span style=\"font-size:12.0pt;color:black\">Data:<\/span><\/b><span style=\"font-size:12.0pt;color:black\"> 14 de julho de 2023 \u00a0|| <b>Dura\u00e7\u00e3o:<\/b> 4 horas <\/span><span style=\"font-size:12.0pt\"><u><\/u><u><\/u><\/span><\/p>\n<p class=\"MsoNormal\" style=\"background:white\"><b><span style=\"font-size:12.0pt;color:black\">Hor\u00e1rio:<\/span><\/b><span style=\"font-size:12.0pt;color:black\"> 14h \u00e0s 18h<\/span><span style=\"font-size:12.0pt\"><u><\/u><u><\/u><\/span><\/p>\n<p class=\"MsoNormal\" style=\"background:white\"><b><i><span style=\"font-size:12.0pt;color:#ed7d31\">Desconto de <u>10%<\/u> para inscri\u00e7\u00f5es de 2 ou mais pessoas sobre o valor da inscri\u00e7\u00e3o <\/span><\/i><\/b><span style=\"font-size:12.0pt;color:#ed7d31\"><u><\/u><u><\/u><\/span><\/p>\n<p class=\"MsoNormal\" style=\"background:white\"><span style=\"font-size:12.0pt;color:#050505\">&#8211; <\/span><b><span style=\"font-size:12.0pt;color:black\">\u00a0<\/span><\/b><span style=\"font-size:12.0pt;color:black\">Associado ANIP-15 \u20ac\u00a0 C\/ desconto de 10% = 13,50\u20ac || N\u00e3o Associado-20 \u20ac C\/ desconto de 10% = 18\u20ac<\/span><span style=\"font-size:12.0pt\"><u><\/u><u><\/u><\/span><\/p>\n<p class=\"MsoNormal\" style=\"background:white\"><b><span style=\"font-size:12.0pt;color:#050505\">Para mais informa\u00e7\u00f5es aceda aqui: <\/span><\/b><span style=\"font-size:12.0pt;color:#050505\"><a href=\"https:\/\/www.anip.pt\/portfolio-items\/o-lado-b-da-birra\/?portfolioCats=12%2C9%2C11%2C10\" target=\"_blank\" rel=\"noopener\">https:\/\/www.anip.pt\/portfolio-items\/o-lado-b-da-birra\/?portfolioCats=12%2C9%2C11%2C10<\/a><u><\/u><u><\/u><\/span><\/p>\n<p class=\"MsoNormal\" style=\"margin-bottom:6.0pt\"><b><span style=\"font-size:12.0pt\">FICHA DE INSCRI\u00c7\u00c3O: <\/span><\/b><span style=\"font-size:12.0pt;color:blue\"><a href=\"https:\/\/forms.gle\/vd8uS99WN7uD9qrn\" target=\"_blank\" rel=\"noopener\">https:\/\/forms.gle\/vd8uS99WN7uD9qrn<\/a>9<u><\/u><u><\/u><\/span><\/p>\n<p class=\"MsoNormal\"><b><span style=\"font-size:12.0pt;text-transform:uppercase\">Acredita\u00e7\u00e3o e certifica\u00e7\u00e3o: <u><\/u><u><\/u><\/span><\/b><\/p>\n<ul style=\"margin-top:0cm\" type=\"disc\">\n<li style=\"color:#050505;margin-left:0cm\"><span style=\"font-size:12.0pt;color:windowtext\">Workshop Acreditado <\/span><span style=\"font-size:12.0pt\">como <b>a\u00e7\u00e3o de curta dura\u00e7\u00e3o para docentes do primeiro ciclo do ensino b\u00e1sico e educa\u00e7\u00e3o especial pelo Centro Forma\u00e7\u00e3o Docente ANIP<u><\/u><u><\/u><\/b><\/span><\/li>\n<li style=\"color:#050505;margin-left:0cm\"><b><span style=\"font-size:12.0pt\">Acesso a certificado de participa\u00e7\u00e3o.<u><\/u><u><\/u><\/span><\/b><\/li>\n<\/ul>\n<p class=\"MsoNormal\" style=\"margin-bottom:6.0pt\"><span style=\"font-size:12.0pt;color:#2f5597\"><u><\/u>\u00a0<u><\/u><\/span><\/p>\n<p class=\"MsoNormal\" style=\"text-autospace:none\"><b><span style=\"font-size:12.0pt;color:#2f5597;text-transform:uppercase\">Curso de Forma\u00e7\u00e3o: <\/span><\/b><b><span style=\"font-size:12.0pt;color:#2f5597;text-transform:uppercase\">Curso<\/span><\/b><span style=\"font-size:12.0pt;color:#2f5597;text-transform:uppercase\"> <b>Implementa\u00e7\u00e3o do PIIP \u2013Plano Individual de Interven\u00e7\u00e3o Precoce<\/b><u><\/u><u><\/u><\/span><\/p>\n<p><span style=\"font-family:\"Calibri\",sans-serif\">Objetivos: <\/span><span style=\"font-family:\"Calibri\",sans-serif\"><u><\/u><u><\/u><\/span><\/p>\n<ul style=\"margin-top:0cm\" type=\"disc\">\n<li style=\"margin-left:0cm;text-autospace:none\"><span style=\"font-size:12.0pt\">Transformar o PIIP (documento escrito) em a\u00e7\u00f5es a implementar na vida di\u00e1ria da crian\u00e7a e da fam\u00edlia.<u><\/u><u><\/u><\/span><\/li>\n<li style=\"margin-left:0cm;text-autospace:none\"><span style=\"font-size:12.0pt\">Desenvolver e refor\u00e7ar compet\u00eancias ao n\u00edvel da realiza\u00e7\u00e3o de visitas de apoio que fortale\u00e7am a compet\u00eancia dos cuidadores e o desenvolvimento da crian\u00e7a.<u><\/u><u><\/u><\/span><\/li>\n<\/ul>\n<p><b><span style=\"font-family:\"Calibri\",sans-serif;color:windowtext\">Datas:<i> 22, 23 e 29 de setembro de 2023\u00a0 <\/i><\/span><\/b><span style=\"font-family:\"Calibri\",sans-serif;color:windowtext\">|| <b>Dura\u00e7\u00e3o:<\/b> 14 horas <u><\/u><u><\/u><\/span><\/p>\n<p class=\"MsoNormal\" style=\"text-autospace:none\"><b><span style=\"font-size:12.0pt\">Hor\u00e1rio: <\/span><\/b><span style=\"font-size:12.0pt\"><u><\/u><u><\/u><\/span><\/p>\n<ul style=\"margin-top:0cm\" type=\"disc\">\n<li style=\"margin-left:0cm;text-autospace:none\"><b><span style=\"font-size:12.0pt\">6\u00aa Feira:<\/span><\/b><span style=\"font-size:12.0pt\"> 14h\u00e0s 19h <u><\/u><u><\/u><\/span><\/li>\n<li style=\"margin-left:0cm;text-autospace:none\"><b><span style=\"font-size:12.0pt\">S\u00e1bado:<\/span><\/b><span style=\"font-size:12.0pt\"> 09h30 \u00e0s 13h30<u><\/u><u><\/u><\/span><\/li>\n<li style=\"margin-left:0cm\"><b><span style=\"font-size:12.0pt\">6\u00aa Feira:<\/span><\/b><span style=\"font-size:12.0pt\"> 16h\u00e0s 20h<\/span><span style=\"font-size:12.0pt\"><u><\/u><u><\/u><\/span><\/li>\n<\/ul>\n<p class=\"MsoNormal\"><b><i><u><span style=\"font-size:12.0pt;color:#ed7d31\">Desconto de 10% para todas as\u00a0 inscri\u00e7\u00f5es at\u00e9 ao dia 10\/08\/2023<u><\/u><u><\/u><\/span><\/u><\/i><\/b><\/p>\n<p class=\"MsoNormal\"><b><span style=\"font-size:12.0pt\">Associado ANIP: <\/span><\/b><span style=\"font-size:12.0pt\">85\u20ac C\/desconto especial de 10% =<b> 76.50\u20ac<\/b><u><\/u><u><\/u><\/span><\/p>\n<p class=\"MsoNormal\"><b><span style=\"font-size:12.0pt\">N\u00e3o Associado ANIP: <\/span><\/b><span style=\"font-size:12.0pt\">100\u20ac C\/desconto especial de 10% =<b> 90\u20ac <\/b><u><\/u><u><\/u><\/span><\/p>\n<p class=\"MsoNormal\"><b><span style=\"font-size:12.0pt\"><u><\/u>\u00a0<u><\/u><\/span><\/b><\/p>\n<p class=\"MsoNormal\"><b><span style=\"font-size:12.0pt\">Valor da Inscri\u00e7\u00e3o <span style=\"color:#c55a11;text-transform:uppercase\">com desconto adicional de 20%<\/span><span style=\"color:#c55a11\"> para quem frequentou o(s) curso(s) de <u><span style=\"text-transform:uppercase\">avalia\u00e7\u00e3o da crian\u00e7a em IPI e\/ou Desenvolvimento PIIP<\/span><\/u><\/span><\/span><\/b><span style=\"font-size:12.0pt\"><u><\/u><u><\/u><\/span><\/p>\n<p class=\"MsoNormal\"><b><span style=\"font-size:12.0pt\">Associado ANIP: <\/span><\/b><span style=\"font-size:12.0pt\">85\u20ac C\/desconto especial de 20% =<b> 68\u20ac<\/b><u><\/u><u><\/u><\/span><\/p>\n<p class=\"MsoNormal\"><b><span style=\"font-size:12.0pt\">N\u00e3o Associado ANIP: <\/span><\/b><span style=\"font-size:12.0pt\">100\u20ac C\/desconto especial de 20% =<b> 80\u20ac <\/b><u><\/u><u><\/u><\/span><\/p>\n<p class=\"MsoNormal\"><b><span style=\"font-size:12.0pt\">Para mais informa\u00e7\u00f5es aceda aqui: <\/span><\/b><span style=\"font-size:12.0pt\"><a href=\"https:\/\/www.anip.pt\/portfolio-items\/implementacao-do-piip-visitas-c-naturais-online-2\/?portfolioCats=8%2C6%2C7%2C5\" target=\"_blank\" rel=\"noopener\">https:\/\/www.anip.pt\/portfolio-items\/implementacao-do-piip-visitas-c-naturais-online-2\/?portfolioCats=8%2C6%2C7%2C5<\/a><u><\/u><u><\/u><\/span><\/p>\n<p class=\"MsoNormal\"><b><span style=\"font-size:12.0pt\">Ficha de Inscri\u00e7\u00e3o: <\/span><\/b><span style=\"font-size:12.0pt;color:blue\"><a href=\"https:\/\/forms.gle\/Qbi4uPzzU7MSSGRcA\" target=\"_blank\" rel=\"noopener\">https:\/\/forms.gle\/Qbi4uPzzU7MSSGRcA<\/a><u><\/u><u><\/u><\/span><\/p>\n<p class=\"MsoNormal\"><span style=\"font-size:12.0pt\"><u><\/u>\u00a0<u><\/u><\/span><\/p>\n<ul style=\"margin-top:0cm\" type=\"disc\">\n<li style=\"margin-left:0cm\"><span style=\"font-size:12.0pt\">Certificado DGERT <u><\/u><u><\/u><\/span><\/li>\n<li style=\"margin-left:0cm\"><span style=\"font-size:12.0pt\">A\u00e7\u00e3o em processo de acredita\u00e7\u00e3o para docentes <u><\/u><u><\/u><\/span><\/li>\n<\/ul>\n<p class=\"MsoNormal\" style=\"margin-bottom:6.0pt\">Para mais informa\u00e7\u00e3o, n\u00e3o hesite em contactar-nos.<u><\/u><u><\/u><\/p>\n<p class=\"MsoNormal\"><span><u><\/u>\u00a0<u><\/u><\/span><\/p>\n<p class=\"MsoNormal\"><u><\/u><span style=\"margin-left:8px;margin-top:764px;width:491px;height:302px\"><img loading=\"lazy\" decoding=\"async\" width=\"393\" height=\"242\" style=\"width:4.0916in;height:2.5166in\" src=\"https:\/\/aesia.pt\/portal\/wp-content\/uploads\/2023\/07\/image005.png\"><\/span><u><\/u><span>Com os melhores cumprimentos<u><\/u><u><\/u><\/span><\/p>\n<p class=\"MsoNormal\"><span>Sandra Pessoa<u><\/u><u><\/u><\/span><\/p>\n<p class=\"MsoNormal\"><i><span style=\"font-size:10.0pt\">(Gestora\/coordenadora da Forma\u00e7\u00e3o ANIP)<u><\/u><u><\/u><\/span><\/i><\/p>\n<p class=\"MsoNormal\"><i><span style=\"font-size:10.0pt\">Telm. 967132727<u><\/u><u><\/u><\/span><\/i><\/p>\n<p class=\"MsoNormal\"><span><u><\/u>\u00a0<u><\/u><\/span><\/p>\n<p class=\"MsoNormal\"><u><\/u>\u00a0<u><\/u><\/p>\n<p class=\"MsoNormal\"><u><\/u>\u00a0<u><\/u><\/p>\n<p class=\"MsoNormal\"><span><u><\/u>\u00a0<u><\/u><\/span><\/p>\n<p class=\"MsoNormal\"><u><\/u><span style=\"margin-left:8px;margin-top:801px;width:491px;height:302px\"><img loading=\"lazy\" decoding=\"async\" width=\"393\" height=\"242\" style=\"width:4.0916in;height:2.5166in\" src=\"https:\/\/aesia.pt\/portal\/wp-content\/uploads\/2023\/07\/image006.png\"><\/span><u><\/u><span>Com os melhores cumprimentos<u><\/u><u><\/u><\/span><\/p>\n<p class=\"MsoNormal\"><span>Sandra Pessoa<u><\/u><u><\/u><\/span><\/p>\n<p class=\"MsoNormal\"><i><span style=\"font-size:10.0pt\">(Gestora\/coordenadora da Forma\u00e7\u00e3o ANIP)<u><\/u><u><\/u><\/span><\/i><\/p>\n<p class=\"MsoNormal\"><i><span style=\"font-size:10.0pt\">Telm. 967132727<u><\/u><u><\/u><\/span><\/i><\/p>\n<p class=\"MsoNormal\"><span><u><\/u>\u00a0<u><\/u><\/span><\/p>\n<p class=\"MsoNormal\"><u><\/u>\u00a0<u><\/u><\/p>\n<\/div>\n<\/div>\n<\/div>\n<\/div>\n<div class=\"postie-attachments\"><a href=\"https:\/\/aesia.pt\/portal\/?attachment_id=8260\"><img decoding=\"async\" src=\"https:\/\/aesia.pt\/portal\/wp-content\/uploads\/2023\/07\/image001-300x185.png\" alt=\"\" width=\"300px\" height=\"185px\" class=\"alignnone size-medium wp-image-8260\" srcset=\"https:\/\/aesia.pt\/portal\/wp-content\/uploads\/2023\/07\/image001-300x185.png 300w, https:\/\/aesia.pt\/portal\/wp-content\/uploads\/2023\/07\/image001-768x473.png 768w, https:\/\/aesia.pt\/portal\/wp-content\/uploads\/2023\/07\/image001.png 992w\" sizes=\"(max-width: 300px) 100vw, 300px\" \/><\/a><br \/>\n<a href=\"https:\/\/aesia.pt\/portal\/?attachment_id=8261\"><img decoding=\"async\" src=\"https:\/\/aesia.pt\/portal\/wp-content\/uploads\/2023\/07\/image002.gif\" alt=\"\" width=\"15px\" height=\"15px\" class=\"alignnone size-medium wp-image-8261\" \/><\/a><br \/>\n<a href=\"https:\/\/aesia.pt\/portal\/wp-content\/uploads\/2023\/07\/Curso-Desenv-PIIP-IPI-2023.07-NEW-date-online.pdf\"><img src='https:\/\/aesia.pt\/portal\/wp-content\/plugins\/postie\/icons\/silver\/pdf-48.png' alt='pdf icon' \/> Curso-Desenv-PIIP-IPI-2023.07-NEW-date-online.pdf<\/a><br \/>\n<a href=\"https:\/\/aesia.pt\/portal\/wp-content\/uploads\/2023\/07\/Sessao-T-Lado-B-Birra-EV-WK-2023.07-vf.pdf\"><img src='https:\/\/aesia.pt\/portal\/wp-content\/plugins\/postie\/icons\/silver\/pdf-48.png' alt='pdf icon' \/> Sessao-T-Lado-B-Birra-EV-WK-2023.07-vf.pdf<\/a><br \/>\n<a href=\"https:\/\/aesia.pt\/portal\/wp-content\/uploads\/2023\/07\/Workshop-Saltarico-ARBO-WK-2023.07-online-2a-Ed.pdf\"><img src='https:\/\/aesia.pt\/portal\/wp-content\/plugins\/postie\/icons\/silver\/pdf-48.png' alt='pdf icon' \/> Workshop-Saltarico-ARBO-WK-2023.07-online-2a-Ed.pdf<\/a><br \/>\n<a href=\"https:\/\/aesia.pt\/portal\/wp-content\/uploads\/2023\/07\/Curso-Implem.-PIIP-Visitas-CN-IPI-2023.09-online.pdf\"><img src='https:\/\/aesia.pt\/portal\/wp-content\/plugins\/postie\/icons\/silver\/pdf-48.png' alt='pdf icon' \/> Curso-Implem.-PIIP-Visitas-CN-IPI-2023.09-online.pdf<\/a><\/div>\n<\/div>\n","protected":false},"excerpt":{"rendered":"<p>&#8212;&#8212;&#8212;- Forwarded message &#8212;&#8212;&#8212;De: Sandra pessoa &lt;sandra.pessoa@anip.net&gt;Date: quarta, 5\/07\/2023 \u00e0(s) 11:01Subject: ANIP: Divulga\u00e7\u00e3o || Oferta FormativaTo: Sandra pessoa &lt;sandra.pessoa@anip.net&gt; Ex.\/a&hellip; <a class=\"continue\" href=\"https:\/\/aesia.pt\/portal\/fwd-anip-divulgacao-oferta-formativa\/\">Ler mais<span> ANIP: Divulga\u00e7\u00e3o || Oferta Formativa<\/span><\/a><\/p>\n","protected":false},"author":8,"featured_media":8258,"comment_status":"closed","ping_status":"closed","sticky":false,"template":"","format":"standard","meta":{"_acf_changed":false,"footnotes":""},"categories":[56],"tags":[],"class_list":["post-8257","post","type-post","status-publish","format-standard","has-post-thumbnail","hentry","category-formacao"],"acf":[],"yoast_head":"<!-- This site is optimized with the Yoast SEO plugin v27.4 - https:\/\/yoast.com\/product\/yoast-seo-wordpress\/ -->\n<title>Fwd: ANIP: Divulga\u00e7\u00e3o || Oferta Formativa &#8211; AESIA<\/title>\n<meta name=\"robots\" content=\"index, follow, max-snippet:-1, max-image-preview:large, max-video-preview:-1\" \/>\n<link rel=\"canonical\" href=\"https:\/\/aesia.pt\/portal\/fwd-anip-divulgacao-oferta-formativa\/\" \/>\n<meta property=\"og:locale\" content=\"pt_PT\" \/>\n<meta property=\"og:type\" content=\"article\" \/>\n<meta property=\"og:title\" content=\"Fwd: ANIP: Divulga\u00e7\u00e3o || Oferta Formativa &#8211; AESIA\" \/>\n<meta property=\"og:description\" content=\"&#8212;&#8212;&#8212;- Forwarded message &#8212;&#8212;&#8212;De: Sandra pessoa &lt;sandra.pessoa@anip.net&gt;Date: quarta, 5\/07\/2023 \u00e0(s) 11:01Subject: ANIP: Divulga\u00e7\u00e3o || Oferta FormativaTo: Sandra pessoa &lt;sandra.pessoa@anip.net&gt; Ex.\/a&hellip; Ler mais ANIP: Divulga\u00e7\u00e3o || Oferta Formativa\" \/>\n<meta property=\"og:url\" content=\"https:\/\/aesia.pt\/portal\/fwd-anip-divulgacao-oferta-formativa\/\" \/>\n<meta property=\"og:site_name\" content=\"AESIA\" \/>\n<meta property=\"article:publisher\" content=\"https:\/\/www.facebook.com\/aesia.pt\/\" \/>\n<meta property=\"article:published_time\" content=\"2023-07-05T12:20:33+00:00\" \/>\n<meta property=\"og:image\" content=\"https:\/\/aesia.pt\/portal\/wp-content\/uploads\/2023\/07\/image005.png\" \/>\n\t<meta property=\"og:image:width\" content=\"491\" \/>\n\t<meta property=\"og:image:height\" content=\"302\" \/>\n\t<meta property=\"og:image:type\" content=\"image\/png\" \/>\n<meta name=\"author\" content=\"Ivo Cardoso\" \/>\n<meta name=\"twitter:card\" content=\"summary_large_image\" \/>\n<meta name=\"twitter:label1\" content=\"Escrito por\" \/>\n\t<meta name=\"twitter:data1\" content=\"Ivo Cardoso\" \/>\n\t<meta name=\"twitter:label2\" content=\"Tempo estimado de leitura\" \/>\n\t<meta name=\"twitter:data2\" content=\"5 minutos\" \/>\n<script type=\"application\/ld+json\" class=\"yoast-schema-graph\">{\"@context\":\"https:\\\/\\\/schema.org\",\"@graph\":[{\"@type\":\"Article\",\"@id\":\"https:\\\/\\\/aesia.pt\\\/portal\\\/fwd-anip-divulgacao-oferta-formativa\\\/#article\",\"isPartOf\":{\"@id\":\"https:\\\/\\\/aesia.pt\\\/portal\\\/fwd-anip-divulgacao-oferta-formativa\\\/\"},\"author\":{\"name\":\"Ivo Cardoso\",\"@id\":\"https:\\\/\\\/aesia.pt\\\/portal\\\/#\\\/schema\\\/person\\\/8961c6287f9d82fe320fba91b3e2e991\"},\"headline\":\"ANIP: Divulga\u00e7\u00e3o || Oferta Formativa\",\"datePublished\":\"2023-07-05T12:20:33+00:00\",\"mainEntityOfPage\":{\"@id\":\"https:\\\/\\\/aesia.pt\\\/portal\\\/fwd-anip-divulgacao-oferta-formativa\\\/\"},\"wordCount\":987,\"publisher\":{\"@id\":\"https:\\\/\\\/aesia.pt\\\/portal\\\/#organization\"},\"image\":{\"@id\":\"https:\\\/\\\/aesia.pt\\\/portal\\\/fwd-anip-divulgacao-oferta-formativa\\\/#primaryimage\"},\"thumbnailUrl\":\"https:\\\/\\\/aesia.pt\\\/portal\\\/wp-content\\\/uploads\\\/2023\\\/07\\\/image005.png\",\"articleSection\":[\"Forma\u00e7\u00e3o\"],\"inLanguage\":\"pt-PT\"},{\"@type\":\"WebPage\",\"@id\":\"https:\\\/\\\/aesia.pt\\\/portal\\\/fwd-anip-divulgacao-oferta-formativa\\\/\",\"url\":\"https:\\\/\\\/aesia.pt\\\/portal\\\/fwd-anip-divulgacao-oferta-formativa\\\/\",\"name\":\"Fwd: ANIP: Divulga\u00e7\u00e3o || Oferta Formativa &#8211; AESIA\",\"isPartOf\":{\"@id\":\"https:\\\/\\\/aesia.pt\\\/portal\\\/#website\"},\"primaryImageOfPage\":{\"@id\":\"https:\\\/\\\/aesia.pt\\\/portal\\\/fwd-anip-divulgacao-oferta-formativa\\\/#primaryimage\"},\"image\":{\"@id\":\"https:\\\/\\\/aesia.pt\\\/portal\\\/fwd-anip-divulgacao-oferta-formativa\\\/#primaryimage\"},\"thumbnailUrl\":\"https:\\\/\\\/aesia.pt\\\/portal\\\/wp-content\\\/uploads\\\/2023\\\/07\\\/image005.png\",\"datePublished\":\"2023-07-05T12:20:33+00:00\",\"breadcrumb\":{\"@id\":\"https:\\\/\\\/aesia.pt\\\/portal\\\/fwd-anip-divulgacao-oferta-formativa\\\/#breadcrumb\"},\"inLanguage\":\"pt-PT\",\"potentialAction\":[{\"@type\":\"ReadAction\",\"target\":[\"https:\\\/\\\/aesia.pt\\\/portal\\\/fwd-anip-divulgacao-oferta-formativa\\\/\"]}]},{\"@type\":\"ImageObject\",\"inLanguage\":\"pt-PT\",\"@id\":\"https:\\\/\\\/aesia.pt\\\/portal\\\/fwd-anip-divulgacao-oferta-formativa\\\/#primaryimage\",\"url\":\"https:\\\/\\\/aesia.pt\\\/portal\\\/wp-content\\\/uploads\\\/2023\\\/07\\\/image005.png\",\"contentUrl\":\"https:\\\/\\\/aesia.pt\\\/portal\\\/wp-content\\\/uploads\\\/2023\\\/07\\\/image005.png\",\"width\":491,\"height\":302},{\"@type\":\"BreadcrumbList\",\"@id\":\"https:\\\/\\\/aesia.pt\\\/portal\\\/fwd-anip-divulgacao-oferta-formativa\\\/#breadcrumb\",\"itemListElement\":[{\"@type\":\"ListItem\",\"position\":1,\"name\":\"Home\",\"item\":\"https:\\\/\\\/aesia.pt\\\/portal\\\/\"},{\"@type\":\"ListItem\",\"position\":2,\"name\":\"ANIP: Divulga\u00e7\u00e3o || Oferta Formativa\"}]},{\"@type\":\"WebSite\",\"@id\":\"https:\\\/\\\/aesia.pt\\\/portal\\\/#website\",\"url\":\"https:\\\/\\\/aesia.pt\\\/portal\\\/\",\"name\":\"AESIA\",\"description\":\"Agrupamento de Escolas de Santa Iria de Az\u00f3ia\",\"publisher\":{\"@id\":\"https:\\\/\\\/aesia.pt\\\/portal\\\/#organization\"},\"alternateName\":\"Agrupamento de Escolas de Santa Iria de Az\u00f3ia\",\"potentialAction\":[{\"@type\":\"SearchAction\",\"target\":{\"@type\":\"EntryPoint\",\"urlTemplate\":\"https:\\\/\\\/aesia.pt\\\/portal\\\/?s={search_term_string}\"},\"query-input\":{\"@type\":\"PropertyValueSpecification\",\"valueRequired\":true,\"valueName\":\"search_term_string\"}}],\"inLanguage\":\"pt-PT\"},{\"@type\":\"Organization\",\"@id\":\"https:\\\/\\\/aesia.pt\\\/portal\\\/#organization\",\"name\":\"Agrupamento de Escolas de Santa Iria de Az\u00f3ia\",\"alternateName\":\"AESIA\",\"url\":\"https:\\\/\\\/aesia.pt\\\/portal\\\/\",\"logo\":{\"@type\":\"ImageObject\",\"inLanguage\":\"pt-PT\",\"@id\":\"https:\\\/\\\/aesia.pt\\\/portal\\\/#\\\/schema\\\/logo\\\/image\\\/\",\"url\":\"https:\\\/\\\/aesia.pt\\\/portal\\\/wp-content\\\/uploads\\\/2023\\\/04\\\/logo4.png\",\"contentUrl\":\"https:\\\/\\\/aesia.pt\\\/portal\\\/wp-content\\\/uploads\\\/2023\\\/04\\\/logo4.png\",\"width\":162,\"height\":162,\"caption\":\"Agrupamento de Escolas de Santa Iria de Az\u00f3ia\"},\"image\":{\"@id\":\"https:\\\/\\\/aesia.pt\\\/portal\\\/#\\\/schema\\\/logo\\\/image\\\/\"},\"sameAs\":[\"https:\\\/\\\/www.facebook.com\\\/aesia.pt\\\/\"]},{\"@type\":\"Person\",\"@id\":\"https:\\\/\\\/aesia.pt\\\/portal\\\/#\\\/schema\\\/person\\\/8961c6287f9d82fe320fba91b3e2e991\",\"name\":\"Ivo Cardoso\",\"image\":{\"@type\":\"ImageObject\",\"inLanguage\":\"pt-PT\",\"@id\":\"https:\\\/\\\/secure.gravatar.com\\\/avatar\\\/b1503fafbe5678f3cfddd3fb093fcb636cd9a58fe5db5256d219059582e42c16?s=96&d=mm&r=g\",\"url\":\"https:\\\/\\\/secure.gravatar.com\\\/avatar\\\/b1503fafbe5678f3cfddd3fb093fcb636cd9a58fe5db5256d219059582e42c16?s=96&d=mm&r=g\",\"contentUrl\":\"https:\\\/\\\/secure.gravatar.com\\\/avatar\\\/b1503fafbe5678f3cfddd3fb093fcb636cd9a58fe5db5256d219059582e42c16?s=96&d=mm&r=g\",\"caption\":\"Ivo Cardoso\"},\"sameAs\":[\"http:\\\/\\\/aesia.pt\"],\"url\":\"https:\\\/\\\/aesia.pt\\\/portal\\\/author\\\/ivo-cardosoaesia-pt\\\/\"}]}<\/script>\n<!-- \/ Yoast SEO plugin. -->","yoast_head_json":{"title":"Fwd: ANIP: Divulga\u00e7\u00e3o || Oferta Formativa &#8211; AESIA","robots":{"index":"index","follow":"follow","max-snippet":"max-snippet:-1","max-image-preview":"max-image-preview:large","max-video-preview":"max-video-preview:-1"},"canonical":"https:\/\/aesia.pt\/portal\/fwd-anip-divulgacao-oferta-formativa\/","og_locale":"pt_PT","og_type":"article","og_title":"Fwd: ANIP: Divulga\u00e7\u00e3o || Oferta Formativa &#8211; AESIA","og_description":"&#8212;&#8212;&#8212;- Forwarded message &#8212;&#8212;&#8212;De: Sandra pessoa &lt;sandra.pessoa@anip.net&gt;Date: quarta, 5\/07\/2023 \u00e0(s) 11:01Subject: ANIP: Divulga\u00e7\u00e3o || Oferta FormativaTo: Sandra pessoa &lt;sandra.pessoa@anip.net&gt; Ex.\/a&hellip; Ler mais ANIP: Divulga\u00e7\u00e3o || Oferta Formativa","og_url":"https:\/\/aesia.pt\/portal\/fwd-anip-divulgacao-oferta-formativa\/","og_site_name":"AESIA","article_publisher":"https:\/\/www.facebook.com\/aesia.pt\/","article_published_time":"2023-07-05T12:20:33+00:00","og_image":[{"width":491,"height":302,"url":"https:\/\/aesia.pt\/portal\/wp-content\/uploads\/2023\/07\/image005.png","type":"image\/png"}],"author":"Ivo Cardoso","twitter_card":"summary_large_image","twitter_misc":{"Escrito por":"Ivo Cardoso","Tempo estimado de leitura":"5 minutos"},"schema":{"@context":"https:\/\/schema.org","@graph":[{"@type":"Article","@id":"https:\/\/aesia.pt\/portal\/fwd-anip-divulgacao-oferta-formativa\/#article","isPartOf":{"@id":"https:\/\/aesia.pt\/portal\/fwd-anip-divulgacao-oferta-formativa\/"},"author":{"name":"Ivo Cardoso","@id":"https:\/\/aesia.pt\/portal\/#\/schema\/person\/8961c6287f9d82fe320fba91b3e2e991"},"headline":"ANIP: Divulga\u00e7\u00e3o || Oferta Formativa","datePublished":"2023-07-05T12:20:33+00:00","mainEntityOfPage":{"@id":"https:\/\/aesia.pt\/portal\/fwd-anip-divulgacao-oferta-formativa\/"},"wordCount":987,"publisher":{"@id":"https:\/\/aesia.pt\/portal\/#organization"},"image":{"@id":"https:\/\/aesia.pt\/portal\/fwd-anip-divulgacao-oferta-formativa\/#primaryimage"},"thumbnailUrl":"https:\/\/aesia.pt\/portal\/wp-content\/uploads\/2023\/07\/image005.png","articleSection":["Forma\u00e7\u00e3o"],"inLanguage":"pt-PT"},{"@type":"WebPage","@id":"https:\/\/aesia.pt\/portal\/fwd-anip-divulgacao-oferta-formativa\/","url":"https:\/\/aesia.pt\/portal\/fwd-anip-divulgacao-oferta-formativa\/","name":"Fwd: ANIP: Divulga\u00e7\u00e3o || Oferta Formativa &#8211; AESIA","isPartOf":{"@id":"https:\/\/aesia.pt\/portal\/#website"},"primaryImageOfPage":{"@id":"https:\/\/aesia.pt\/portal\/fwd-anip-divulgacao-oferta-formativa\/#primaryimage"},"image":{"@id":"https:\/\/aesia.pt\/portal\/fwd-anip-divulgacao-oferta-formativa\/#primaryimage"},"thumbnailUrl":"https:\/\/aesia.pt\/portal\/wp-content\/uploads\/2023\/07\/image005.png","datePublished":"2023-07-05T12:20:33+00:00","breadcrumb":{"@id":"https:\/\/aesia.pt\/portal\/fwd-anip-divulgacao-oferta-formativa\/#breadcrumb"},"inLanguage":"pt-PT","potentialAction":[{"@type":"ReadAction","target":["https:\/\/aesia.pt\/portal\/fwd-anip-divulgacao-oferta-formativa\/"]}]},{"@type":"ImageObject","inLanguage":"pt-PT","@id":"https:\/\/aesia.pt\/portal\/fwd-anip-divulgacao-oferta-formativa\/#primaryimage","url":"https:\/\/aesia.pt\/portal\/wp-content\/uploads\/2023\/07\/image005.png","contentUrl":"https:\/\/aesia.pt\/portal\/wp-content\/uploads\/2023\/07\/image005.png","width":491,"height":302},{"@type":"BreadcrumbList","@id":"https:\/\/aesia.pt\/portal\/fwd-anip-divulgacao-oferta-formativa\/#breadcrumb","itemListElement":[{"@type":"ListItem","position":1,"name":"Home","item":"https:\/\/aesia.pt\/portal\/"},{"@type":"ListItem","position":2,"name":"ANIP: Divulga\u00e7\u00e3o || Oferta Formativa"}]},{"@type":"WebSite","@id":"https:\/\/aesia.pt\/portal\/#website","url":"https:\/\/aesia.pt\/portal\/","name":"AESIA","description":"Agrupamento de Escolas de Santa Iria de Az\u00f3ia","publisher":{"@id":"https:\/\/aesia.pt\/portal\/#organization"},"alternateName":"Agrupamento de Escolas de Santa Iria de Az\u00f3ia","potentialAction":[{"@type":"SearchAction","target":{"@type":"EntryPoint","urlTemplate":"https:\/\/aesia.pt\/portal\/?s={search_term_string}"},"query-input":{"@type":"PropertyValueSpecification","valueRequired":true,"valueName":"search_term_string"}}],"inLanguage":"pt-PT"},{"@type":"Organization","@id":"https:\/\/aesia.pt\/portal\/#organization","name":"Agrupamento de Escolas de Santa Iria de Az\u00f3ia","alternateName":"AESIA","url":"https:\/\/aesia.pt\/portal\/","logo":{"@type":"ImageObject","inLanguage":"pt-PT","@id":"https:\/\/aesia.pt\/portal\/#\/schema\/logo\/image\/","url":"https:\/\/aesia.pt\/portal\/wp-content\/uploads\/2023\/04\/logo4.png","contentUrl":"https:\/\/aesia.pt\/portal\/wp-content\/uploads\/2023\/04\/logo4.png","width":162,"height":162,"caption":"Agrupamento de Escolas de Santa Iria de Az\u00f3ia"},"image":{"@id":"https:\/\/aesia.pt\/portal\/#\/schema\/logo\/image\/"},"sameAs":["https:\/\/www.facebook.com\/aesia.pt\/"]},{"@type":"Person","@id":"https:\/\/aesia.pt\/portal\/#\/schema\/person\/8961c6287f9d82fe320fba91b3e2e991","name":"Ivo Cardoso","image":{"@type":"ImageObject","inLanguage":"pt-PT","@id":"https:\/\/secure.gravatar.com\/avatar\/b1503fafbe5678f3cfddd3fb093fcb636cd9a58fe5db5256d219059582e42c16?s=96&d=mm&r=g","url":"https:\/\/secure.gravatar.com\/avatar\/b1503fafbe5678f3cfddd3fb093fcb636cd9a58fe5db5256d219059582e42c16?s=96&d=mm&r=g","contentUrl":"https:\/\/secure.gravatar.com\/avatar\/b1503fafbe5678f3cfddd3fb093fcb636cd9a58fe5db5256d219059582e42c16?s=96&d=mm&r=g","caption":"Ivo Cardoso"},"sameAs":["http:\/\/aesia.pt"],"url":"https:\/\/aesia.pt\/portal\/author\/ivo-cardosoaesia-pt\/"}]}},"_links":{"self":[{"href":"https:\/\/aesia.pt\/portal\/wp-json\/wp\/v2\/posts\/8257","targetHints":{"allow":["GET"]}}],"collection":[{"href":"https:\/\/aesia.pt\/portal\/wp-json\/wp\/v2\/posts"}],"about":[{"href":"https:\/\/aesia.pt\/portal\/wp-json\/wp\/v2\/types\/post"}],"author":[{"embeddable":true,"href":"https:\/\/aesia.pt\/portal\/wp-json\/wp\/v2\/users\/8"}],"replies":[{"embeddable":true,"href":"https:\/\/aesia.pt\/portal\/wp-json\/wp\/v2\/comments?post=8257"}],"version-history":[{"count":0,"href":"https:\/\/aesia.pt\/portal\/wp-json\/wp\/v2\/posts\/8257\/revisions"}],"wp:featuredmedia":[{"embeddable":true,"href":"https:\/\/aesia.pt\/portal\/wp-json\/wp\/v2\/media\/8258"}],"wp:attachment":[{"href":"https:\/\/aesia.pt\/portal\/wp-json\/wp\/v2\/media?parent=8257"}],"wp:term":[{"taxonomy":"category","embeddable":true,"href":"https:\/\/aesia.pt\/portal\/wp-json\/wp\/v2\/categories?post=8257"},{"taxonomy":"post_tag","embeddable":true,"href":"https:\/\/aesia.pt\/portal\/wp-json\/wp\/v2\/tags?post=8257"}],"curies":[{"name":"wp","href":"https:\/\/api.w.org\/{rel}","templated":true}]}}