{"id":8253,"date":"2023-07-05T12:20:31","date_gmt":"2023-07-05T12:20:31","guid":{"rendered":"https:\/\/aesia.pt\/portal\/?p=8253"},"modified":"2023-07-05T12:20:31","modified_gmt":"2023-07-05T12:20:31","slug":"fwd-formacao-inscricao-gratuita-3-a-ed-escrever-bem-caligrafia-erro-construcao-e-revisao-textuais-dislexia-disortografia-e-autonomia-nas-aprendizagens-familia-escola-inscric","status":"publish","type":"post","link":"https:\/\/aesia.pt\/portal\/fwd-formacao-inscricao-gratuita-3-a-ed-escrever-bem-caligrafia-erro-construcao-e-revisao-textuais-dislexia-disortografia-e-autonomia-nas-aprendizagens-familia-escola-inscric\/","title":{"rendered":"Forma\u00e7\u00e3o Inscri\u00e7\u00e3o Gratuita 3.\u00aa ed. \u2013 ESCREVER BEM \u2013 Caligrafia, erro, constru\u00e7\u00e3o e revis\u00e3o textuais, dislexia\/disortografia e autonomia nas aprendizagens, Fam\u00edlia-Escola (Inscri\u00e7\u00e3o: at\u00e9 31\/julho) \u2013 setembro\/2023, \u201conline\u201d"},"content":{"rendered":"<div class=\"postie-post\">\n<div dir=\"ltr\">\n<div class=\"gmail_quote\">\n<div dir=\"ltr\" class=\"gmail_attr\">&#8212;&#8212;&#8212;- Forwarded message &#8212;&#8212;&#8212;<br \/>De: <strong class=\"gmail_sendername\" dir=\"auto\">Formar Aprender<\/strong> <span dir=\"auto\">&lt;<a href=\"mailto:aprender.formar.4@gmail.com\"><a href=\"mailto:aprender.formar.4@gmail.com\" >aprender.formar.4@gmail.com<\/a><\/a>&gt;<\/span><br \/>Date: quarta, 5\/07\/2023 \u00e0(s) 10:40<br \/>Subject: Forma\u00e7\u00e3o Inscri\u00e7\u00e3o Gratuita 3.\u00aa ed. \u2013 ESCREVER BEM \u2013 Caligrafia, erro, constru\u00e7\u00e3o e revis\u00e3o textuais, dislexia\/disortografia e autonomia nas aprendizagens, Fam\u00edlia-Escola (Inscri\u00e7\u00e3o: at\u00e9 31\/julho) \u2013 setembro\/2023, \u201conline\u201d<br \/>To: <\/div>\n<div dir=\"ltr\">\n<p class=\"MsoNormal\" align=\"center\" style=\"text-align:center;margin:0cm;font-size:10pt;font-family:Calibri,sans-serif\"><b><span style=\"font-size:18pt;font-family:Arial,sans-serif\">Fazer inscri\u00e7\u00e3o<\/span><\/b> <a href=\"https:\/\/docs.google.com\/forms\/d\/e\/1FAIpQLSdeBXs4RU6bKslaW72rKChIeYMLCm1BEKb5bKZpptVZUpQjVQ\/viewform\" style=\"color:blue\" target=\"_blank\" rel=\"noopener\"><b><span style=\"font-size:20pt\">AQUI<\/span><\/b><\/a><b><span style=\"font-size:18pt;font-family:Arial,sans-serif\">.<\/span><\/b><b><span style=\"font-size:18pt;font-family:Arial,sans-serif\"><\/span><\/b><\/p>\n<p class=\"MsoNormal\" align=\"center\" style=\"text-align:center;margin:0cm;font-size:10pt;font-family:Calibri,sans-serif\"><b><span style=\"font-size:9pt;font-family:Arial,sans-serif\">(Clicar para aceder ao question\u00e1rio de<br \/>\ninscri\u00e7\u00e3o.)<\/span><\/b><\/p>\n<p class=\"MsoNormal\" align=\"center\" style=\"text-align:center;margin:0cm;font-size:10pt;font-family:Calibri,sans-serif\"><a href=\"https:\/\/docs.google.com\/forms\/d\/e\/1FAIpQLSdeBXs4RU6bKslaW72rKChIeYMLCm1BEKb5bKZpptVZUpQjVQ\/viewform\" style=\"color:blue\" target=\"_blank\" rel=\"noopener\"><span style=\"font-size:8pt;font-family:Arial,sans-serif\">https:\/\/docs.google.com\/forms\/d\/e\/1FAIpQLSdeBXs4RU6bKslaW72rKChIeYMLCm1BEKb5bKZpptVZUpQjVQ\/viewform<\/span><\/a><span style=\"font-size:8pt;font-family:Arial,sans-serif\"> <\/span><\/p>\n<p class=\"MsoNormal\" style=\"margin:0cm;font-size:10pt;font-family:Calibri,sans-serif\"><b><span style=\"font-size:16pt;font-family:Arial,sans-serif\">\u00a0<\/span><\/b><\/p>\n<p class=\"MsoNormal\" align=\"center\" style=\"text-align:center;margin:0cm;font-size:10pt;font-family:Calibri,sans-serif\"><b><span style=\"font-size:16pt;font-family:Arial,sans-serif;color:rgb(79,129,189)\">8, 15, 22, 29 de setembro<br \/>\nde 2023 <\/span><\/b><b><span style=\"font-size:11pt;font-family:Arial,sans-serif;color:rgb(79,129,189)\">(sexta-feira)<\/span><\/b><b><span style=\"font-size:16pt;font-family:Arial,sans-serif;color:rgb(79,129,189)\"><\/span><\/b><\/p>\n<p class=\"MsoNormal\" align=\"center\" style=\"text-align:center;margin:0cm;font-size:10pt;font-family:Calibri,sans-serif\"><b><span style=\"font-size:12pt;font-family:Arial,sans-serif;color:rgb(79,129,189)\">21h30m-23h00m<\/span><\/b><b><span style=\"font-size:7pt;font-family:Arial,sans-serif;color:rgb(79,129,189)\"> <\/span><\/b><\/p>\n<p class=\"MsoNormal\" align=\"center\" style=\"text-align:center;margin:0cm;font-size:10pt;font-family:Calibri,sans-serif\"><b><span style=\"font-size:9pt;font-family:Arial,sans-serif;color:rgb(79,129,189)\">(+ tempo individual de<br \/>\nexerc\u00edcios \u2013 ass\u00edncrono)<\/span><\/b><\/p>\n<p class=\"MsoNormal\" align=\"center\" style=\"text-align:center;margin:0cm;font-size:10pt;font-family:Calibri,sans-serif\"><b><span style=\"font-size:9pt;font-family:Arial,sans-serif;color:rgb(79,129,189)\">\u00a0<\/span><\/b><\/p>\n<p class=\"MsoNormal\" align=\"center\" style=\"text-align:center;margin:0cm;font-size:10pt;font-family:Calibri,sans-serif\"><b><span style=\"font-size:16pt;font-family:Arial,sans-serif;color:rgb(79,129,189)\">9, 16, 23, 30 de setembro<br \/>\nde 2023 <\/span><\/b><b><span style=\"font-size:11pt;font-family:Arial,sans-serif;color:rgb(79,129,189)\">(s\u00e1bado)<\/span><\/b><b><span style=\"font-size:16pt;font-family:Arial,sans-serif;color:rgb(79,129,189)\"><\/span><\/b><\/p>\n<p class=\"MsoNormal\" align=\"center\" style=\"text-align:center;margin:0cm;font-size:10pt;font-family:Calibri,sans-serif\"><b><span style=\"font-size:12pt;font-family:Arial,sans-serif;color:rgb(79,129,189)\">9h30m-11h00m<\/span><\/b><\/p>\n<p class=\"MsoNormal\" align=\"center\" style=\"text-align:center;margin:0cm;font-size:10pt;font-family:Calibri,sans-serif\"><b><span style=\"font-size:9pt;font-family:Arial,sans-serif;color:rgb(79,129,189)\">(+ tempo individual de<br \/>\nexerc\u00edcios \u2013 ass\u00edncrono)<\/span><\/b><\/p>\n<p class=\"MsoNormal\" align=\"center\" style=\"text-align:center;margin:0cm;font-size:10pt;font-family:Calibri,sans-serif\"><b><span style=\"font-size:16pt;font-family:Arial,sans-serif\">\u00a0<\/span><\/b><\/p>\n<p class=\"MsoNormal\" align=\"center\" style=\"text-align:center;margin:0cm;font-size:10pt;font-family:Calibri,sans-serif\"><b><span style=\"font-size:20pt;font-family:Arial,sans-serif;font-variant-numeric:normal;font-variant-east-asian:normal;font-variant-caps:small-caps;font-variant-alternates:normal\">Escrever<br \/>\nbem nunca foi t\u00e3o simples<\/span><\/b><b><span style=\"font-size:20pt;font-family:Arial,sans-serif\">!<\/span><\/b><\/p>\n<p class=\"MsoNormal\" align=\"center\" style=\"text-align:center;margin:0cm;font-size:10pt;font-family:Calibri,sans-serif\"><b><span style=\"font-size:14pt;font-family:Arial,sans-serif\">Caligrafia,<br \/>\nerro, constru\u00e7\u00e3o e revis\u00e3o textuais, dislexia\/disortografia, autonomia nas<br \/>\naprendizagens e rela\u00e7\u00e3o Fam\u00edlia-Escola<\/span><\/b><\/p>\n<p class=\"MsoNormal\" align=\"center\" style=\"text-align:center;margin:0cm;font-size:10pt;font-family:Calibri,sans-serif\"><b><span style=\"font-size:18pt;font-family:Arial,sans-serif;text-transform:uppercase\">\u00a0<\/span><\/b><\/p>\n<p class=\"MsoNormal\" align=\"center\" style=\"text-align:center;margin:0cm;font-size:10pt;font-family:Calibri,sans-serif\"><b><u><span style=\"font-size:12pt;font-family:Arial,sans-serif;text-transform:uppercase\">FORMADORA<\/span><\/u><\/b><\/p>\n<p class=\"MsoNormal\" align=\"center\" style=\"text-align:center;margin:0cm;font-size:10pt;font-family:Calibri,sans-serif\"><b><span style=\"font-size:5pt;font-family:Arial,sans-serif\">\u00a0<\/span><\/b><\/p>\n<p class=\"MsoNormal\" align=\"center\" style=\"text-align:center;margin:0cm;font-size:10pt;font-family:Calibri,sans-serif\"><b><span style=\"font-size:16pt;font-family:Arial,sans-serif\">Dr.\u00aa Liliana F. Verde<\/span><\/b><\/p>\n<p class=\"MsoNormal\" align=\"center\" style=\"text-align:center;margin:0cm;font-size:10pt;font-family:Calibri,sans-serif\"><span style=\"font-size:9pt;font-family:Arial,sans-serif\">Licenciada<br \/>\nem L\u00ednguas e Literaturas Cl\u00e1ssicas e Portuguesa<\/span><\/p>\n<p class=\"MsoNormal\" align=\"center\" style=\"text-align:center;margin:0cm;font-size:10pt;font-family:Calibri,sans-serif\"><span style=\"font-size:9pt;font-family:Arial,sans-serif\">(Faculdade<br \/>\nde Letras da Universidade de Coimbra)<\/span><\/p>\n<p class=\"MsoNormal\" align=\"center\" style=\"text-align:center;margin:0cm;font-size:10pt;font-family:Calibri,sans-serif\"><span style=\"font-size:9pt;font-family:Arial,sans-serif\">Especializada<br \/>\nem Educa\u00e7\u00e3o Especial e em D.A.E.\/Dislexia pela E.S.E. Paula Frassinetti (Porto)<\/span><\/p>\n<p class=\"MsoNormal\" align=\"center\" style=\"text-align:center;margin:0cm;font-size:10pt;font-family:Calibri,sans-serif\"><span style=\"font-size:9pt;font-family:Arial,sans-serif\">Mestranda<br \/>\nem Ci\u00eancias da Fam\u00edlia (U.C.P.)<\/span><\/p>\n<p class=\"MsoNormal\" align=\"center\" style=\"text-align:center;margin:0cm;font-size:10pt;font-family:Calibri,sans-serif\"><span style=\"font-size:9pt;font-family:Arial,sans-serif\">Professora<br \/>\nI\u00a0 Revisora de Textos\u00a0 I\u00a0<br \/>\nFormadora<\/span><b><span style=\"font-size:16pt;font-family:Arial,sans-serif\"><\/span><\/b><\/p>\n<p class=\"MsoNormal\" style=\"margin:0cm;font-size:10pt;font-family:Calibri,sans-serif\"><i><span style=\"font-size:12pt;font-family:Arial,sans-serif\">\u00a0<\/span><\/i><\/p>\n<p class=\"MsoNormal\" align=\"center\" style=\"text-align:center;margin:0cm;font-size:10pt;font-family:Calibri,sans-serif\"><b><span style=\"font-family:Arial,sans-serif;color:rgb(79,129,189)\">Forma\u00e7\u00e3o <i>Online<\/i><\/span><\/b><\/p>\n<p class=\"MsoNormal\" style=\"margin:0cm;font-size:10pt;font-family:Calibri,sans-serif\"><b><span style=\"font-size:12pt;font-family:Arial,sans-serif\">\u00a0<\/span><\/b><\/p>\n<div align=\"center\">\n<table border=\"1\" cellspacing=\"0\" cellpadding=\"0\" style=\"border-collapse:collapse;border:none\">\n<tbody>\n<tr style=\"height:32.45pt\">\n<td width=\"659\" valign=\"top\" style=\"width:494.3pt;border-width:3pt 3pt 1.5pt;border-style:solid;border-color:rgb(84,141,212) rgb(84,141,212) windowtext;padding:0cm 5.4pt;height:32.45pt\">\n<p class=\"MsoNormal\" style=\"text-align:justify;margin:0cm;font-size:10pt;font-family:Calibri,sans-serif\"><span style=\"font-size:12pt;font-family:Arial,sans-serif\">\u00a0\u00a0\u00a0\u00a0\u00a0\u00a0\u00a0\u00a0\u00a0 <\/span><\/p>\n<p class=\"MsoNormal\" style=\"text-align:justify;background-image:initial;background-position:initial;background-size:initial;background-repeat:initial;background-origin:initial;background-clip:initial;margin:0cm;font-size:10pt;font-family:Calibri,sans-serif\"><span style=\"font-size:11pt;font-family:Arial,sans-serif;color:black\">Mais do que nunca, hoje, \u00e9<br \/>\n  indispens\u00e1vel dominar bem a escrita, em todos os contextos. \u00c9 atrav\u00e9s dela<br \/>\n  que todo o cidad\u00e3o tem acesso \u00e0 maior parte da informa\u00e7\u00e3o, mas tamb\u00e9m \u00e9<br \/>\n  atrav\u00e9s dela que se exp\u00f5e. <\/span><span style=\"font-size:11pt;font-family:Arial,sans-serif\"><\/span><\/p>\n<p class=\"MsoNormal\" style=\"text-align:justify;background-image:initial;background-position:initial;background-size:initial;background-repeat:initial;background-origin:initial;background-clip:initial;margin:0cm;font-size:10pt;font-family:Calibri,sans-serif\"><span style=\"font-size:11pt;font-family:Arial,sans-serif\">\u00a0<\/span><\/p>\n<p class=\"MsoNormal\" style=\"text-align:justify;background-image:initial;background-position:initial;background-size:initial;background-repeat:initial;background-origin:initial;background-clip:initial;margin:0cm;font-size:10pt;font-family:Calibri,sans-serif\"><span style=\"font-size:11pt;font-family:Arial,sans-serif;color:black\">No contexto escolar, em particular, \u00e9<br \/>\n  atrav\u00e9s da escrita que os alunos acedem ao conhecimento e organizam o<br \/>\n  pensamento, da\u00ed a import\u00e2ncia de trabalhar o texto desde cedo. <\/span><span style=\"font-size:11pt;font-family:Arial,sans-serif\"><\/span><\/p>\n<p class=\"MsoNormal\" style=\"text-align:justify;background-image:initial;background-position:initial;background-size:initial;background-repeat:initial;background-origin:initial;background-clip:initial;margin:0cm;font-size:10pt;font-family:Calibri,sans-serif\"><span style=\"font-family:Arial,sans-serif\">\u00a0<\/span><\/p>\n<p class=\"MsoNormal\" style=\"text-align:justify;background-image:initial;background-position:initial;background-size:initial;background-repeat:initial;background-origin:initial;background-clip:initial;margin:0cm;font-size:10pt;font-family:Calibri,sans-serif\"><span style=\"font-size:11pt;font-family:Arial,sans-serif;color:black\">Quem <\/span><span style=\"font-size:11pt;font-family:Arial,sans-serif;color:black\">n\u00e3o<br \/>\n  sente dificuldades em ajudar a aprender a escrever? Que estrat\u00e9gias podem<br \/>\n  ajudar a evoluir na escrita, em contexto de sala de aula, ao longo da escolaridade?<br \/>\n  As c\u00f3pias, os ditados e as reda\u00e7\u00f5es chegam para trabalhar a escrita? Que<br \/>\n  estrat\u00e9gias diferenciadas pode um professor usar para que os seus alunos<br \/>\n  aprendam a escrever? Estas s\u00e3o algumas das perguntas que professores e outros<br \/>\n  educadores colocam a si mesmos, hoje, perante as m\u00faltiplas dificuldades que<br \/>\n  os alunos v\u00e3o evidenciando no dom\u00ednio da escrita, em l\u00edngua portuguesa.<\/span><span style=\"font-size:11pt;font-family:Arial,sans-serif\"><\/span><\/p>\n<p class=\"MsoNormal\" style=\"text-align:justify;background-image:initial;background-position:initial;background-size:initial;background-repeat:initial;background-origin:initial;background-clip:initial;margin:0cm;font-size:10pt;font-family:Calibri,sans-serif\"><span style=\"font-size:11pt;font-family:Arial,sans-serif\">\u00a0<\/span><\/p>\n<p class=\"MsoNormal\" style=\"text-align:justify;background-image:initial;background-position:initial;background-size:initial;background-repeat:initial;background-origin:initial;background-clip:initial;margin:0cm;font-size:10pt;font-family:Calibri,sans-serif\"><span style=\"font-size:11pt;font-family:Arial,sans-serif;color:black\">E quem j\u00e1 n\u00e3o se sentiu confrontado com d\u00favidas<br \/>\n  sobre o novo acordo ortogr\u00e1fico?<\/span><span style=\"font-size:11pt;font-family:Arial,sans-serif\"><\/span><\/p>\n<p class=\"MsoNormal\" style=\"text-align:justify;background-image:initial;background-position:initial;background-size:initial;background-repeat:initial;background-origin:initial;background-clip:initial;margin:0cm;font-size:10pt;font-family:Calibri,sans-serif\"><span style=\"font-size:11pt;font-family:Arial,sans-serif\">\u00a0<\/span><\/p>\n<p class=\"MsoNormal\" style=\"text-align:justify;background-image:initial;background-position:initial;background-size:initial;background-repeat:initial;background-origin:initial;background-clip:initial;margin:0cm;font-size:10pt;font-family:Calibri,sans-serif\"><span style=\"font-size:11pt;font-family:Arial,sans-serif;color:black\">E no caso das dificuldades espec\u00edficas da aprendizagem,<br \/>\n  como a dislexia, a disortografia e a disgrafia?<\/span><span style=\"font-size:11pt;font-family:Arial,sans-serif\"><\/span><\/p>\n<p class=\"MsoNormal\" style=\"text-align:justify;background-image:initial;background-position:initial;background-size:initial;background-repeat:initial;background-origin:initial;background-clip:initial;margin:0cm;font-size:10pt;font-family:Calibri,sans-serif\"><span style=\"font-size:11pt;font-family:Arial,sans-serif\">\u00a0<\/span><\/p>\n<p class=\"MsoNormal\" style=\"text-align:justify;background-image:initial;background-position:initial;background-size:initial;background-repeat:initial;background-origin:initial;background-clip:initial;margin:0cm;font-size:10pt;font-family:Calibri,sans-serif\"><span style=\"font-size:11pt;font-family:Arial,sans-serif\">\u00a0<\/span><\/p>\n<p class=\"MsoNormal\" style=\"text-align:justify;background-image:initial;background-position:initial;background-size:initial;background-repeat:initial;background-origin:initial;background-clip:initial;margin:0cm;font-size:10pt;font-family:Calibri,sans-serif\"><span style=\"font-size:11pt;font-family:Arial,sans-serif;color:black\">Atualmente, ensinar a escrever requer uma din\u00e2mica<br \/>\n  diferente, envolvendo a pessoa do aluno e avaliando os seus pontos fracos e<br \/>\n  fortes. \u00c9 importante, n\u00e3o somente tra\u00e7ar metas de aprendizagem, mas saber<br \/>\n  orientar o processo da escrita e apresentar estrat\u00e9gias diversas para a<br \/>\n  reescrita de texto, para al\u00e9m de ajudar a dominar estrat\u00e9gias de<br \/>\n  autorregula\u00e7\u00e3o das aprendizagens.<\/span><span style=\"font-size:11pt;font-family:Arial,sans-serif\"><\/span><\/p>\n<p class=\"MsoNormal\" style=\"text-align:justify;background-image:initial;background-position:initial;background-size:initial;background-repeat:initial;background-origin:initial;background-clip:initial;margin:0cm;font-size:10pt;font-family:Calibri,sans-serif\"><span style=\"font-size:11pt;font-family:Arial,sans-serif\">\u00a0<\/span><\/p>\n<p class=\"MsoNormal\" style=\"text-align:justify;background-image:initial;background-position:initial;background-size:initial;background-repeat:initial;background-origin:initial;background-clip:initial;margin:0cm;font-size:10pt;font-family:Calibri,sans-serif\"><span style=\"font-size:11pt;font-family:Arial,sans-serif;color:black\">A forma\u00e7\u00e3o <b><i>Escrever<\/i><\/b><\/span><b><i><span style=\"font-size:11pt;font-family:Arial,sans-serif;color:black\"><br \/>\n  bem nunca foi t\u00e3o simples!<\/span><\/i><\/b><span style=\"font-size:11pt;font-family:Arial,sans-serif;color:black\"> sugere estrat\u00e9gias de ensino-aprendizagem da<br \/>\n  escrita, dos diversos tipos de erro, em contexto de sala de aula e em<br \/>\n  trabalho aut\u00f3nomo, destinando-se a todos os que auxiliam e orientam a<br \/>\n  aprendizagem dos alunos.<\/span><span style=\"font-size:11pt;font-family:Arial,sans-serif\"><\/span><\/p>\n<p class=\"MsoNormal\" style=\"text-align:justify;background-image:initial;background-position:initial;background-size:initial;background-repeat:initial;background-origin:initial;background-clip:initial;margin:0cm;font-size:10pt;font-family:Calibri,sans-serif\"><b><span style=\"font-family:Arial,sans-serif\">\u00a0<\/span><\/b><\/p>\n<p class=\"MsoNormal\" style=\"text-align:justify;background-image:initial;background-position:initial;background-size:initial;background-repeat:initial;background-origin:initial;background-clip:initial;margin:0cm;font-size:10pt;font-family:Calibri,sans-serif\"><b><span style=\"font-family:Arial,sans-serif;color:rgb(79,129,189)\">OBJETIVOS:<br \/>\n  <\/span><\/b><\/p>\n<p class=\"MsoNormal\" style=\"margin:0cm;text-align:justify;background-image:initial;background-position:initial;background-size:initial;background-repeat:initial;background-origin:initial;background-clip:initial;font-size:10pt;font-family:Calibri,sans-serif\"><span style=\"font-family:Symbol\">\u00b7<span style=\"font-variant-numeric:normal;font-variant-east-asian:normal;font-variant-alternates:normal;font-kerning:auto;font-feature-settings:normal;font-stretch:normal;font-size:7pt;line-height:normal;font-family:\"Times New Roman\"\">\u00a0\u00a0\u00a0\u00a0\u00a0\u00a0\u00a0<br \/>\n  <\/span><\/span><span style=\"font-size:11pt;font-family:Arial,sans-serif;color:black\">&#8211;<br \/>\n  Compreender a import\u00e2ncia da compet\u00eancia lingu\u00edstica no desenvolvimento da<br \/>\n  crian\u00e7a e do jovem estudante;<\/span><span style=\"font-size:11pt;font-family:Arial,sans-serif\"><\/span><\/p>\n<p class=\"MsoNormal\" style=\"margin:0cm;text-align:justify;background-image:initial;background-position:initial;background-size:initial;background-repeat:initial;background-origin:initial;background-clip:initial;font-size:10pt;font-family:Calibri,sans-serif\"><span style=\"font-family:Symbol\">\u00b7<span style=\"font-variant-numeric:normal;font-variant-east-asian:normal;font-variant-alternates:normal;font-kerning:auto;font-feature-settings:normal;font-stretch:normal;font-size:7pt;line-height:normal;font-family:\"Times New Roman\"\">\u00a0\u00a0\u00a0\u00a0\u00a0\u00a0\u00a0<br \/>\n  <\/span><\/span><span style=\"font-size:11pt;font-family:Arial,sans-serif;color:black\">&#8211;<br \/>\n  Desenvolver estrat\u00e9gias de desenvolvimento e enriquecimento lingu\u00edstico;<\/span><span style=\"font-size:11pt;font-family:Arial,sans-serif\"><\/span><\/p>\n<p class=\"MsoNormal\" style=\"margin:0cm;text-align:justify;background-image:initial;background-position:initial;background-size:initial;background-repeat:initial;background-origin:initial;background-clip:initial;font-size:10pt;font-family:Calibri,sans-serif\"><span style=\"font-family:Symbol\">\u00b7<span style=\"font-variant-numeric:normal;font-variant-east-asian:normal;font-variant-alternates:normal;font-kerning:auto;font-feature-settings:normal;font-stretch:normal;font-size:7pt;line-height:normal;font-family:\"Times New Roman\"\">\u00a0\u00a0\u00a0\u00a0\u00a0\u00a0\u00a0<br \/>\n  <\/span><\/span><span style=\"font-size:11pt;font-family:Arial,sans-serif;color:black\">&#8211;<br \/>\n  Apreender conce\u00e7\u00f5es e objetivos da pedagogia do erro como suporte do trabalho<br \/>\n  pedag\u00f3gico em contexto de sala de aula e\/ou em apoio ao aluno;<\/span><span style=\"font-size:11pt;font-family:Arial,sans-serif\"><\/span><\/p>\n<p class=\"MsoNormal\" style=\"margin:0cm;text-align:justify;background-image:initial;background-position:initial;background-size:initial;background-repeat:initial;background-origin:initial;background-clip:initial;font-size:10pt;font-family:Calibri,sans-serif\"><span style=\"font-family:Symbol\">\u00b7<span style=\"font-variant-numeric:normal;font-variant-east-asian:normal;font-variant-alternates:normal;font-kerning:auto;font-feature-settings:normal;font-stretch:normal;font-size:7pt;line-height:normal;font-family:\"Times New Roman\"\">\u00a0\u00a0\u00a0\u00a0\u00a0\u00a0\u00a0<br \/>\n  <\/span><\/span><span style=\"font-size:11pt;font-family:Arial,sans-serif;color:black\">&#8211;<br \/>\n  Desenvolver estrat\u00e9gias de reeduca\u00e7\u00e3o do tra\u00e7ado caligr\u00e1fico;<\/span><span style=\"font-size:11pt;font-family:Arial,sans-serif\"><\/span><\/p>\n<p class=\"MsoNormal\" style=\"margin:0cm;text-align:justify;background-image:initial;background-position:initial;background-size:initial;background-repeat:initial;background-origin:initial;background-clip:initial;font-size:10pt;font-family:Calibri,sans-serif\"><span style=\"font-family:Symbol\">\u00b7<span style=\"font-variant-numeric:normal;font-variant-east-asian:normal;font-variant-alternates:normal;font-kerning:auto;font-feature-settings:normal;font-stretch:normal;font-size:7pt;line-height:normal;font-family:\"Times New Roman\"\">\u00a0\u00a0\u00a0\u00a0\u00a0\u00a0\u00a0<br \/>\n  <\/span><\/span><span style=\"font-size:11pt;font-family:Arial,sans-serif;color:black\">&#8211;<br \/>\n  Compreender o erro (macro e microestrutura);\u00a0<\/span><span style=\"font-size:11pt;font-family:Arial,sans-serif\"><\/span><\/p>\n<p class=\"MsoNormal\" style=\"margin:0cm;text-align:justify;background-image:initial;background-position:initial;background-size:initial;background-repeat:initial;background-origin:initial;background-clip:initial;font-size:10pt;font-family:Calibri,sans-serif\"><span style=\"font-family:Symbol\">\u00b7<span style=\"font-variant-numeric:normal;font-variant-east-asian:normal;font-variant-alternates:normal;font-kerning:auto;font-feature-settings:normal;font-stretch:normal;font-size:7pt;line-height:normal;font-family:\"Times New Roman\"\">\u00a0\u00a0\u00a0\u00a0\u00a0\u00a0\u00a0<br \/>\n  <\/span><\/span><span style=\"font-size:11pt;font-family:Arial,sans-serif;color:black\">&#8211;<br \/>\n  Desenvolver estrat\u00e9gias de corre\u00e7\u00e3o do erro (ortogr\u00e1fico, sint\u00e1tico,<br \/>\n  etc.);\u00a0<\/span><span style=\"font-size:11pt;font-family:Arial,sans-serif\"><\/span><\/p>\n<p class=\"MsoNormal\" style=\"margin:0cm;text-align:justify;background-image:initial;background-position:initial;background-size:initial;background-repeat:initial;background-origin:initial;background-clip:initial;font-size:10pt;font-family:Calibri,sans-serif\"><span style=\"font-family:Symbol\">\u00b7<span style=\"font-variant-numeric:normal;font-variant-east-asian:normal;font-variant-alternates:normal;font-kerning:auto;font-feature-settings:normal;font-stretch:normal;font-size:7pt;line-height:normal;font-family:\"Times New Roman\"\">\u00a0\u00a0\u00a0\u00a0\u00a0\u00a0\u00a0<br \/>\n  <\/span><\/span><span style=\"font-size:11pt;font-family:Arial,sans-serif;color:black\">&#8211;<br \/>\n  Trabalhar a gram\u00e1tica de texto;<\/span><span style=\"font-size:11pt;font-family:Arial,sans-serif\"><\/span><\/p>\n<p class=\"MsoNormal\" style=\"margin:0cm;text-align:justify;background-image:initial;background-position:initial;background-size:initial;background-repeat:initial;background-origin:initial;background-clip:initial;font-size:10pt;font-family:Calibri,sans-serif\"><span style=\"font-family:Symbol\">\u00b7<span style=\"font-variant-numeric:normal;font-variant-east-asian:normal;font-variant-alternates:normal;font-kerning:auto;font-feature-settings:normal;font-stretch:normal;font-size:7pt;line-height:normal;font-family:\"Times New Roman\"\">\u00a0\u00a0\u00a0\u00a0\u00a0\u00a0\u00a0<br \/>\n  <\/span><\/span><span style=\"font-size:11pt;font-family:Arial,sans-serif;color:black\">&#8211;<br \/>\n  Desenvolver estrat\u00e9gias de escrita.<\/span><span style=\"font-size:11pt;font-family:Arial,sans-serif\"><\/span><\/p>\n<p class=\"MsoNormal\" style=\"margin:0cm;text-align:justify;background-image:initial;background-position:initial;background-size:initial;background-repeat:initial;background-origin:initial;background-clip:initial;font-size:10pt;font-family:Calibri,sans-serif\"><span style=\"font-family:Symbol\">\u00b7<span style=\"font-variant-numeric:normal;font-variant-east-asian:normal;font-variant-alternates:normal;font-kerning:auto;font-feature-settings:normal;font-stretch:normal;font-size:7pt;line-height:normal;font-family:\"Times New Roman\"\">\u00a0\u00a0\u00a0\u00a0\u00a0\u00a0\u00a0<br \/>\n  <\/span><\/span><span style=\"font-size:11pt;font-family:Arial,sans-serif;color:black\">&#8211;<br \/>\n  Desenvolver estrat\u00e9gias de autorregula\u00e7\u00e3o.<\/span><span style=\"font-size:11pt;font-family:Arial,sans-serif\"><\/span><\/p>\n<p class=\"MsoNormal\" style=\"text-align:justify;margin:0cm;font-size:10pt;font-family:Calibri,sans-serif\"><span style=\"font-family:Arial,sans-serif\">\u00a0<\/span><\/p>\n<p class=\"MsoNormal\" style=\"text-align:justify;margin:0cm;font-size:10pt;font-family:Calibri,sans-serif\"><b><span style=\"font-family:Arial,sans-serif;color:rgb(79,129,189)\">CONTE\u00daDOS:<\/span><\/b><\/p>\n<p class=\"MsoNormal\" style=\"margin:0cm;background-image:initial;background-position:initial;background-size:initial;background-repeat:initial;background-origin:initial;background-clip:initial;font-size:10pt;font-family:Calibri,sans-serif\"><span style=\"font-family:Symbol\">\u00b7<span style=\"font-variant-numeric:normal;font-variant-east-asian:normal;font-variant-alternates:normal;font-kerning:auto;font-feature-settings:normal;font-stretch:normal;font-size:7pt;line-height:normal;font-family:\"Times New Roman\"\">\u00a0\u00a0\u00a0\u00a0\u00a0\u00a0\u00a0<br \/>\n  <\/span><\/span><span style=\"font-size:10.5pt;font-family:Helvetica,sans-serif;color:black\">&#8211; Compet\u00eancia<br \/>\n  lingu\u00edstica<\/span><span style=\"font-size:10.5pt;font-family:Helvetica,sans-serif\"><\/span><\/p>\n<p class=\"MsoNormal\" style=\"margin:0cm;background-image:initial;background-position:initial;background-size:initial;background-repeat:initial;background-origin:initial;background-clip:initial;font-size:10pt;font-family:Calibri,sans-serif\"><span style=\"font-family:Symbol\">\u00b7<span style=\"font-variant-numeric:normal;font-variant-east-asian:normal;font-variant-alternates:normal;font-kerning:auto;font-feature-settings:normal;font-stretch:normal;font-size:7pt;line-height:normal;font-family:\"Times New Roman\"\">\u00a0\u00a0\u00a0\u00a0\u00a0\u00a0\u00a0<br \/>\n  <\/span><\/span><span style=\"font-size:10.5pt;font-family:Helvetica,sans-serif;color:black\">&#8211; Escrita<\/span><span style=\"font-size:10.5pt;font-family:Helvetica,sans-serif\"><\/span><\/p>\n<p class=\"MsoNormal\" style=\"margin:0cm;background-image:initial;background-position:initial;background-size:initial;background-repeat:initial;background-origin:initial;background-clip:initial;font-size:10pt;font-family:Calibri,sans-serif\"><span style=\"font-family:Symbol\">\u00b7<span style=\"font-variant-numeric:normal;font-variant-east-asian:normal;font-variant-alternates:normal;font-kerning:auto;font-feature-settings:normal;font-stretch:normal;font-size:7pt;line-height:normal;font-family:\"Times New Roman\"\">\u00a0\u00a0\u00a0\u00a0\u00a0\u00a0\u00a0<br \/>\n  <\/span><\/span><span style=\"font-size:10.5pt;font-family:Helvetica,sans-serif;color:black\">&#8211; Norma<br \/>\n  lingu\u00edstica<\/span><span style=\"font-size:10.5pt;font-family:Helvetica,sans-serif\"><\/span><\/p>\n<p class=\"MsoNormal\" style=\"margin:0cm;background-image:initial;background-position:initial;background-size:initial;background-repeat:initial;background-origin:initial;background-clip:initial;font-size:10pt;font-family:Calibri,sans-serif\"><span style=\"font-family:Symbol\">\u00b7<span style=\"font-variant-numeric:normal;font-variant-east-asian:normal;font-variant-alternates:normal;font-kerning:auto;font-feature-settings:normal;font-stretch:normal;font-size:7pt;line-height:normal;font-family:\"Times New Roman\"\">\u00a0\u00a0\u00a0\u00a0\u00a0\u00a0\u00a0<br \/>\n  <\/span><\/span><span style=\"font-size:10.5pt;font-family:Helvetica,sans-serif;color:black\">&#8211; Novo acordo<br \/>\n  ortogr\u00e1fico<\/span><span style=\"font-size:10.5pt;font-family:Helvetica,sans-serif\"><\/span><\/p>\n<p class=\"MsoNormal\" style=\"margin:0cm;background-image:initial;background-position:initial;background-size:initial;background-repeat:initial;background-origin:initial;background-clip:initial;font-size:10pt;font-family:Calibri,sans-serif\"><span style=\"font-family:Symbol\">\u00b7<span style=\"font-variant-numeric:normal;font-variant-east-asian:normal;font-variant-alternates:normal;font-kerning:auto;font-feature-settings:normal;font-stretch:normal;font-size:7pt;line-height:normal;font-family:\"Times New Roman\"\">\u00a0\u00a0\u00a0\u00a0\u00a0\u00a0\u00a0<br \/>\n  <\/span><\/span><span style=\"font-size:10.5pt;font-family:Helvetica,sans-serif;color:black\">&#8211; Pedagogia do<br \/>\n  erro<\/span><span style=\"font-size:10.5pt;font-family:Helvetica,sans-serif\"><\/span><\/p>\n<p class=\"MsoNormal\" style=\"margin:0cm;background-image:initial;background-position:initial;background-size:initial;background-repeat:initial;background-origin:initial;background-clip:initial;font-size:10pt;font-family:Calibri,sans-serif\"><span style=\"font-family:Symbol\">\u00b7<span style=\"font-variant-numeric:normal;font-variant-east-asian:normal;font-variant-alternates:normal;font-kerning:auto;font-feature-settings:normal;font-stretch:normal;font-size:7pt;line-height:normal;font-family:\"Times New Roman\"\">\u00a0\u00a0\u00a0\u00a0\u00a0\u00a0\u00a0<br \/>\n  <\/span><\/span><span style=\"font-size:10.5pt;font-family:Helvetica,sans-serif;color:black\">&#8211; Disgrafia, caligrafia<br \/>\n  e erro: avalia\u00e7\u00e3o, remedia\u00e7\u00e3o e reeduca\u00e7\u00e3o<\/span><span style=\"font-size:10.5pt;font-family:Helvetica,sans-serif\"><\/span><\/p>\n<p class=\"MsoNormal\" style=\"margin:0cm;background-image:initial;background-position:initial;background-size:initial;background-repeat:initial;background-origin:initial;background-clip:initial;font-size:10pt;font-family:Calibri,sans-serif\"><span style=\"font-family:Symbol\">\u00b7<span style=\"font-variant-numeric:normal;font-variant-east-asian:normal;font-variant-alternates:normal;font-kerning:auto;font-feature-settings:normal;font-stretch:normal;font-size:7pt;line-height:normal;font-family:\"Times New Roman\"\">\u00a0\u00a0\u00a0\u00a0\u00a0\u00a0\u00a0<br \/>\n  <\/span><\/span><span style=\"font-size:10.5pt;font-family:Helvetica,sans-serif;color:black\">&#8211; Estrat\u00e9gias de<br \/>\n  trabalho da escrita<\/span><span style=\"font-size:10.5pt;font-family:Helvetica,sans-serif\"><\/span><\/p>\n<p class=\"MsoNormal\" style=\"margin:0cm;background-image:initial;background-position:initial;background-size:initial;background-repeat:initial;background-origin:initial;background-clip:initial;font-size:10pt;font-family:Calibri,sans-serif\"><span style=\"font-family:Symbol\">\u00b7<span style=\"font-variant-numeric:normal;font-variant-east-asian:normal;font-variant-alternates:normal;font-kerning:auto;font-feature-settings:normal;font-stretch:normal;font-size:7pt;line-height:normal;font-family:\"Times New Roman\"\">\u00a0\u00a0\u00a0\u00a0\u00a0\u00a0\u00a0<br \/>\n  <\/span><\/span><span style=\"font-size:10.5pt;font-family:Helvetica,sans-serif;color:black\">&#8211; Gram\u00e1tica de<br \/>\n  texto<\/span><span style=\"font-size:10.5pt;font-family:Helvetica,sans-serif\"><\/span><\/p>\n<p class=\"MsoNormal\" style=\"margin:0cm;background-image:initial;background-position:initial;background-size:initial;background-repeat:initial;background-origin:initial;background-clip:initial;font-size:10pt;font-family:Calibri,sans-serif\"><span style=\"font-family:Symbol\">\u00b7<span style=\"font-variant-numeric:normal;font-variant-east-asian:normal;font-variant-alternates:normal;font-kerning:auto;font-feature-settings:normal;font-stretch:normal;font-size:7pt;line-height:normal;font-family:\"Times New Roman\"\">\u00a0\u00a0\u00a0\u00a0\u00a0\u00a0\u00a0<br \/>\n  <\/span><\/span><span style=\"font-size:10.5pt;font-family:Helvetica,sans-serif;color:black\">&#8211; Planifica\u00e7\u00e3o,<br \/>\n  textualiza\u00e7\u00e3o, revis\u00e3o e aperfei\u00e7oamento textual<\/span><span style=\"font-size:10.5pt;font-family:Helvetica,sans-serif\"><\/span><\/p>\n<p class=\"MsoNormal\" style=\"text-align:justify;margin:0cm;font-size:10pt;font-family:Calibri,sans-serif\"><span style=\"font-family:Arial,sans-serif\">\u00a0<\/span><\/p>\n<p class=\"MsoNormal\" style=\"text-align:justify;margin:0cm;font-size:10pt;font-family:Calibri,sans-serif\"><b><span style=\"font-family:Arial,sans-serif;color:rgb(79,129,189)\">DESTINAT\u00c1RIOS:<\/span><\/b><\/p>\n<p class=\"MsoNormal\" style=\"margin:0cm;background-image:initial;background-position:initial;background-size:initial;background-repeat:initial;background-origin:initial;background-clip:initial;font-size:10pt;font-family:Calibri,sans-serif\"><span style=\"font-family:Symbol\">\u00b7<span style=\"font-variant-numeric:normal;font-variant-east-asian:normal;font-variant-alternates:normal;font-kerning:auto;font-feature-settings:normal;font-stretch:normal;font-size:7pt;line-height:normal;font-family:\"Times New Roman\"\">\u00a0\u00a0\u00a0\u00a0\u00a0\u00a0\u00a0<br \/>\n  <\/span><\/span><span style=\"font-size:10.5pt;font-family:Helvetica,sans-serif;color:black\">Pais, Encarregados<br \/>\n  de Educa\u00e7\u00e3o, Tutores e Educadores<\/span><span style=\"font-size:10.5pt;font-family:Helvetica,sans-serif\"><\/span><\/p>\n<p class=\"MsoNormal\" style=\"margin:0cm;background-image:initial;background-position:initial;background-size:initial;background-repeat:initial;background-origin:initial;background-clip:initial;font-size:10pt;font-family:Calibri,sans-serif\"><span style=\"font-family:Symbol\">\u00b7<span style=\"font-variant-numeric:normal;font-variant-east-asian:normal;font-variant-alternates:normal;font-kerning:auto;font-feature-settings:normal;font-stretch:normal;font-size:7pt;line-height:normal;font-family:\"Times New Roman\"\">\u00a0\u00a0\u00a0\u00a0\u00a0\u00a0\u00a0<br \/>\n  <\/span><\/span><span style=\"font-size:10.5pt;font-family:Helvetica,sans-serif;color:black\">Professores do 1.\u00ba<br \/>\n  Ciclo (2.\u00ba e 3.\u00ba anos) ao Ensino Secund\u00e1rio<\/span><span style=\"font-size:10.5pt;font-family:Helvetica,sans-serif\"><\/span><\/p>\n<p class=\"MsoNormal\" style=\"margin:0cm;background-image:initial;background-position:initial;background-size:initial;background-repeat:initial;background-origin:initial;background-clip:initial;font-size:10pt;font-family:Calibri,sans-serif\"><span style=\"font-family:Symbol\">\u00b7<span style=\"font-variant-numeric:normal;font-variant-east-asian:normal;font-variant-alternates:normal;font-kerning:auto;font-feature-settings:normal;font-stretch:normal;font-size:7pt;line-height:normal;font-family:\"Times New Roman\"\">\u00a0\u00a0\u00a0\u00a0\u00a0\u00a0\u00a0<br \/>\n  <\/span><\/span><span style=\"font-size:10.5pt;font-family:Helvetica,sans-serif;color:black\">Psic\u00f3logos,<br \/>\n  Reeducadores, Terapeutas da Fala, Explicadores<\/span><span style=\"font-size:10.5pt;font-family:Helvetica,sans-serif\"><\/span><\/p>\n<p class=\"MsoNormal\" style=\"margin:0cm;background-image:initial;background-position:initial;background-size:initial;background-repeat:initial;background-origin:initial;background-clip:initial;font-size:10pt;font-family:Calibri,sans-serif\"><span style=\"font-family:Symbol\">\u00b7<span style=\"font-variant-numeric:normal;font-variant-east-asian:normal;font-variant-alternates:normal;font-kerning:auto;font-feature-settings:normal;font-stretch:normal;font-size:7pt;line-height:normal;font-family:\"Times New Roman\"\">\u00a0\u00a0\u00a0\u00a0\u00a0\u00a0\u00a0<br \/>\n  <\/span><\/span><span style=\"font-size:10.5pt;font-family:Helvetica,sans-serif;color:black\">Profissionais da<br \/>\n  Sa\u00fade<\/span><span style=\"font-size:10.5pt;font-family:Helvetica,sans-serif\"><\/span><\/p>\n<p class=\"MsoNormal\" style=\"margin:0cm;background-image:initial;background-position:initial;background-size:initial;background-repeat:initial;background-origin:initial;background-clip:initial;font-size:10pt;font-family:Calibri,sans-serif\"><span style=\"font-family:Symbol\">\u00b7<span style=\"font-variant-numeric:normal;font-variant-east-asian:normal;font-variant-alternates:normal;font-kerning:auto;font-feature-settings:normal;font-stretch:normal;font-size:7pt;line-height:normal;font-family:\"Times New Roman\"\">\u00a0\u00a0\u00a0\u00a0\u00a0\u00a0\u00a0<br \/>\n  <\/span><\/span><span style=\"font-size:10.5pt;font-family:Helvetica,sans-serif;color:black\">Profissionais do<br \/>\n  Secretariado e Comunica\u00e7\u00e3o<\/span><span style=\"font-size:10.5pt;font-family:Helvetica,sans-serif\"><\/span><\/p>\n<p class=\"MsoNormal\" style=\"margin:0cm;background-image:initial;background-position:initial;background-size:initial;background-repeat:initial;background-origin:initial;background-clip:initial;font-size:10pt;font-family:Calibri,sans-serif\"><span style=\"font-family:Symbol\">\u00b7<span style=\"font-variant-numeric:normal;font-variant-east-asian:normal;font-variant-alternates:normal;font-kerning:auto;font-feature-settings:normal;font-stretch:normal;font-size:7pt;line-height:normal;font-family:\"Times New Roman\"\">\u00a0\u00a0\u00a0\u00a0\u00a0\u00a0\u00a0<br \/>\n  <\/span><\/span><span style=\"font-size:10.5pt;font-family:Helvetica,sans-serif;color:black\">Interessados na<br \/>\n  Educa\u00e7\u00e3o<\/span><span style=\"font-size:10.5pt;font-family:Helvetica,sans-serif\"><\/span><\/p>\n<p class=\"MsoNormal\" style=\"background-image:initial;background-position:initial;background-size:initial;background-repeat:initial;background-origin:initial;background-clip:initial;margin:0cm;font-size:10pt;font-family:Calibri,sans-serif\"><span style=\"font-size:10.5pt;font-family:Helvetica,sans-serif\">\u00a0<\/span><\/p>\n<p class=\"MsoNormal\" style=\"background-image:initial;background-position:initial;background-size:initial;background-repeat:initial;background-origin:initial;background-clip:initial;margin:0cm;font-size:10pt;font-family:Calibri,sans-serif\"><b><span style=\"font-size:10.5pt;font-family:Helvetica,sans-serif;color:black\">Calend\u00e1rio<\/span><\/b><b><span style=\"font-size:10.5pt;font-family:Helvetica,sans-serif\"><\/span><\/b><\/p>\n<p class=\"MsoNormal\" style=\"background-image:initial;background-position:initial;background-size:initial;background-repeat:initial;background-origin:initial;background-clip:initial;margin:0cm;font-size:10pt;font-family:Calibri,sans-serif\"><span style=\"font-size:10.5pt;font-family:Helvetica,sans-serif;color:black\">1.<br \/>\n  Sempre a (re)escrever \u2013 8\/setembro (sexta-feira)<\/span><span style=\"font-size:10.5pt;font-family:Helvetica,sans-serif\"><\/span><\/p>\n<p class=\"MsoNormal\" style=\"background-image:initial;background-position:initial;background-size:initial;background-repeat:initial;background-origin:initial;background-clip:initial;margin:0cm;font-size:10pt;font-family:Calibri,sans-serif\"><span style=\"font-size:10.5pt;font-family:Helvetica,sans-serif;color:black\">2. \u00d3<br \/>\n  v\u00edrgulas, para que vos quero?! \u2013 9\/setembro (s\u00e1bado)<\/span><span style=\"font-size:10.5pt;font-family:Helvetica,sans-serif\"><\/span><\/p>\n<p class=\"MsoNormal\" style=\"background-image:initial;background-position:initial;background-size:initial;background-repeat:initial;background-origin:initial;background-clip:initial;margin:0cm;font-size:10pt;font-family:Calibri,sans-serif\"><span style=\"font-size:10.5pt;font-family:Helvetica,sans-serif;color:black\">3. Ortografia<br \/>\n  explicada por mi\u00fados \u2013 15\/setembro (sexta-feira)<\/span><span style=\"font-size:10.5pt;font-family:Helvetica,sans-serif\"><\/span><\/p>\n<p class=\"MsoNormal\" style=\"background-image:initial;background-position:initial;background-size:initial;background-repeat:initial;background-origin:initial;background-clip:initial;margin:0cm;font-size:10pt;font-family:Calibri,sans-serif\"><span style=\"font-size:10.5pt;font-family:Helvetica,sans-serif;color:black\">4.<br \/>\n  Novo Acordo Ortogr\u00e1fico: ainda com d\u00favidas? \u2013 16\/setembro (s\u00e1bado)<\/span><span style=\"font-size:10.5pt;font-family:Helvetica,sans-serif\"><\/span><\/p>\n<p class=\"MsoNormal\" style=\"background-image:initial;background-position:initial;background-size:initial;background-repeat:initial;background-origin:initial;background-clip:initial;margin:0cm;font-size:10pt;font-family:Calibri,sans-serif\"><span style=\"font-size:10.5pt;font-family:Helvetica,sans-serif;color:black\">5. Disgrafia<br \/>\n  e caligrafia \u2013 a arte da \u201cletra bonita\u201d \u2013 22\/setembro (sexta-feira)<\/span><span style=\"font-size:10.5pt;font-family:Helvetica,sans-serif\"><\/span><\/p>\n<p class=\"MsoNormal\" style=\"background-image:initial;background-position:initial;background-size:initial;background-repeat:initial;background-origin:initial;background-clip:initial;margin:0cm;font-size:10pt;font-family:Calibri,sans-serif\"><span style=\"font-size:10.5pt;font-family:Helvetica,sans-serif;color:black\">6.<br \/>\n  DIS-lexia e DIS-ortografia \u2013 23\/setembro (s\u00e1bado)<\/span><span style=\"font-size:10.5pt;font-family:Helvetica,sans-serif\"><\/span><\/p>\n<p class=\"MsoNormal\" style=\"background-image:initial;background-position:initial;background-size:initial;background-repeat:initial;background-origin:initial;background-clip:initial;margin:0cm;font-size:10pt;font-family:Calibri,sans-serif\"><span style=\"font-size:10.5pt;font-family:Helvetica,sans-serif;color:black\">7.<br \/>\n  Autonomia nas aprendizagens \u2013 29\/setembro (sexta-feira)<\/span><span style=\"font-size:10.5pt;font-family:Helvetica,sans-serif\"><\/span><\/p>\n<p class=\"MsoNormal\" style=\"background-image:initial;background-position:initial;background-size:initial;background-repeat:initial;background-origin:initial;background-clip:initial;margin:0cm;font-size:10pt;font-family:Calibri,sans-serif\"><span style=\"font-size:10.5pt;font-family:Helvetica,sans-serif\">\u00a0<\/span><\/p>\n<p class=\"MsoNormal\" style=\"background-image:initial;background-position:initial;background-size:initial;background-repeat:initial;background-origin:initial;background-clip:initial;margin:0cm;font-size:10pt;font-family:Calibri,sans-serif\"><span style=\"font-size:10.5pt;font-family:Helvetica,sans-serif;color:black\">OFERTA<br \/>\n  para quem adquirir todas as forma\u00e7\u00f5es:<\/span><span style=\"font-size:10.5pt;font-family:Helvetica,sans-serif\"><\/span><\/p>\n<p class=\"MsoNormal\" style=\"background-image:initial;background-position:initial;background-size:initial;background-repeat:initial;background-origin:initial;background-clip:initial;margin:0cm;font-size:10pt;font-family:Calibri,sans-serif\"><span style=\"font-size:10.5pt;font-family:Helvetica,sans-serif;color:black\">8.<br \/>\n  Rela\u00e7\u00e3o Fam\u00edlia-Escola \u2013 valorizar, promover, potenciar \u2013 30\/setembro (s\u00e1bado)<br \/>\n  <\/span><span style=\"font-size:10.5pt;font-family:Helvetica,sans-serif\"><\/span><\/p>\n<\/td>\n<\/tr>\n<\/tbody>\n<\/table>\n<\/div>\n<p class=\"MsoNormal\" style=\"text-align:justify;margin:0cm;font-size:10pt;font-family:Calibri,sans-serif\"><span style=\"font-size:12pt;font-family:Arial,sans-serif\">\u00a0\u00a0\u00a0\u00a0\u00a0\u00a0\u00a0\u00a0\u00a0 <\/span><\/p>\n<p class=\"MsoNormal\" style=\"margin:0cm;font-size:10pt;font-family:Calibri,sans-serif\"><span style=\"font-family:Arial,sans-serif\">\u00a0<\/span><\/p>\n<p class=\"MsoNormal\" align=\"center\" style=\"text-align:center;margin:0cm;font-size:10pt;font-family:Calibri,sans-serif\"><b><span style=\"font-size:18pt;font-family:Arial,sans-serif\">Fazer inscri\u00e7\u00e3o<\/span><\/b> <a href=\"https:\/\/docs.google.com\/forms\/d\/e\/1FAIpQLSdeBXs4RU6bKslaW72rKChIeYMLCm1BEKb5bKZpptVZUpQjVQ\/viewform\" style=\"color:blue\" target=\"_blank\" rel=\"noopener\"><b><span style=\"font-size:20pt\">AQUI<\/span><\/b><\/a><b><span style=\"font-size:18pt;font-family:Arial,sans-serif\">.<\/span><\/b><b><span style=\"font-size:18pt;font-family:Arial,sans-serif\"><\/span><\/b><\/p>\n<p class=\"MsoNormal\" align=\"center\" style=\"text-align:center;margin:0cm;font-size:10pt;font-family:Calibri,sans-serif\"><b><span style=\"font-size:9pt;font-family:Arial,sans-serif\">(Clicar para aceder ao question\u00e1rio de<br \/>\ninscri\u00e7\u00e3o.)<\/span><\/b><\/p>\n<p class=\"MsoNormal\" align=\"center\" style=\"text-align:center;margin:0cm;font-size:10pt;font-family:Calibri,sans-serif\"><a href=\"https:\/\/docs.google.com\/forms\/d\/e\/1FAIpQLSdeBXs4RU6bKslaW72rKChIeYMLCm1BEKb5bKZpptVZUpQjVQ\/viewform\" style=\"color:blue\" target=\"_blank\" rel=\"noopener\"><span style=\"font-size:8pt;font-family:Arial,sans-serif\">https:\/\/docs.google.com\/forms\/d\/e\/1FAIpQLSdeBXs4RU6bKslaW72rKChIeYMLCm1BEKb5bKZpptVZUpQjVQ\/viewform<\/span><\/a><span style=\"font-size:8pt;font-family:Arial,sans-serif\"> <\/span><\/p>\n<p class=\"MsoNormal\" style=\"margin:0cm;font-size:10pt;font-family:Calibri,sans-serif\"><b><span style=\"font-size:16pt;font-family:Arial,sans-serif\">\u00a0<\/span><\/b><\/p>\n<p class=\"MsoNormal\" style=\"margin:0cm;font-size:10pt;font-family:Calibri,sans-serif\"><span style=\"font-family:Arial,sans-serif\">\u00a0<\/span><\/p>\n<p class=\"MsoNormal\" style=\"text-align:justify;margin:0cm;font-size:10pt;font-family:Calibri,sans-serif\"><span style=\"font-size:12pt;font-family:Arial,sans-serif\">\u00a0<\/span><\/p>\n<div align=\"center\">\n<table border=\"1\" cellspacing=\"0\" cellpadding=\"0\" style=\"border-collapse:collapse;border:none\">\n<tbody>\n<tr>\n<td width=\"659\" valign=\"top\" style=\"width:494.3pt;border:1pt solid rgb(75,172,198);background:rgb(75,172,198);padding:0cm 5.4pt\">\n<p class=\"MsoNormal\" align=\"center\" style=\"text-align:center;margin:0cm;font-size:10pt;font-family:Calibri,sans-serif\"><b><span style=\"font-size:12pt;font-family:Arial,sans-serif;color:white\">INSCRI\u00c7\u00d5ES<\/span><\/b><span style=\"font-size:12pt;font-family:Arial,sans-serif;color:white\"><\/span><\/p>\n<\/td>\n<\/tr>\n<\/tbody>\n<\/table>\n<\/div>\n<p class=\"MsoNormal\" align=\"center\" style=\"text-align:center;margin:0cm;font-size:10pt;font-family:Calibri,sans-serif\"><span style=\"font-size:12pt;font-family:Arial,sans-serif\">\u00a0<\/span><\/p>\n<p class=\"MsoNormal\" align=\"center\" style=\"text-align:center;margin:0cm;font-size:10pt;font-family:Calibri,sans-serif\"><b><span style=\"font-size:14pt;font-family:Arial,sans-serif;color:rgb(79,129,189);text-transform:uppercase\">Inscri\u00e7\u00e3o<br \/>\ngratuita <\/span><\/b><\/p>\n<p class=\"MsoNormal\" align=\"center\" style=\"text-align:center;margin:0cm;font-size:10pt;font-family:Calibri,sans-serif\"><span style=\"font-size:12pt;font-family:Arial,sans-serif;color:rgb(79,129,189)\">Inscri\u00e7\u00e3o<br \/>\nobrigat\u00f3ria at\u00e9 31 de julho.<\/span><\/p>\n<p class=\"MsoNormal\" align=\"center\" style=\"text-align:center;margin:0cm;font-size:10pt;font-family:Calibri,sans-serif\"><span style=\"font-size:12pt;font-family:Arial,sans-serif\">\u00a0<\/span><\/p>\n<p class=\"MsoNormal\" style=\"margin:0cm;font-size:10pt;font-family:Calibri,sans-serif\"><span style=\"font-size:12pt;font-family:Arial,sans-serif\">&#8211; Inscri\u00e7\u00e3o <i>online<\/i><\/span><\/p>\n<p class=\"MsoNormal\" style=\"margin:0cm;font-size:10pt;font-family:Calibri,sans-serif\"><span style=\"font-size:12pt;font-family:Arial,sans-serif\">&#8211; Correio eletr\u00f3nico: <\/span><a href=\"mailto:aprender.formar@gmail.com\" style=\"color:blue\" target=\"_blank\" rel=\"noopener\"><span style=\"font-size:12pt;font-family:Arial,sans-serif\"><a href=\"mailto:aprender.formar@gmail.com\" >aprender.formar@gmail.com<\/a><\/span><\/a><span style=\"font-size:12pt;font-family:Arial,sans-serif\"> <\/span><\/p>\n<p class=\"MsoNormal\" style=\"margin:0cm;font-size:10pt;font-family:Calibri,sans-serif\"><span style=\"font-size:12pt;font-family:Arial,sans-serif\">&#8211; Telem\u00f3vel: <\/span><span><span style=\"font-size:12pt;font-family:Arial,sans-serif\">963051000<\/span><\/span><span style=\"font-size:12pt;font-family:Arial,sans-serif\"><\/span><\/p>\n<p class=\"MsoNormal\" style=\"margin:0cm;font-size:10pt;font-family:Calibri,sans-serif\"><span style=\"font-size:12pt;font-family:Arial,sans-serif\">\u00a0<\/span><\/p>\n<p class=\"MsoNormal\" style=\"margin:0cm;font-size:10pt;font-family:Calibri,sans-serif\"><b><span style=\"font-size:12pt;font-family:Arial,sans-serif\">Inscri\u00e7\u00e3o fora de<br \/>\nprazo:<\/span><\/b><\/p>\n<p class=\"MsoNormal\" style=\"margin:0cm;font-size:10pt;font-family:Calibri,sans-serif\"><span style=\"font-size:12pt;font-family:Arial,sans-serif\">\u00a0<\/span><\/p>\n<p class=\"MsoNormal\" style=\"margin:0cm;font-size:10pt;font-family:Calibri,sans-serif\"><span style=\"font-size:12pt;font-family:Arial,sans-serif\">&#8211;<br \/>\nInscri\u00e7\u00e3o depois de 1 de julho: 10\u20ac (cada forma\u00e7\u00e3o), 50\u20ac (todas as forma\u00e7\u00f5es) <\/span><\/p>\n<p class=\"MsoNormal\" style=\"margin:0cm;font-size:10pt;font-family:Calibri,sans-serif\"><span style=\"font-family:Arial,sans-serif\">\u00a0<\/span><\/p>\n<p class=\"MsoNormal\" style=\"margin:0cm;font-size:10pt;font-family:Calibri,sans-serif\"><b><span style=\"font-size:12pt;font-family:Arial,sans-serif\">\u00a0<\/span><\/b><\/p>\n<p class=\"MsoNormal\" align=\"center\" style=\"text-align:center;background:rgb(75,172,198);margin:0cm;font-size:10pt;font-family:Calibri,sans-serif\"><b><span style=\"font-size:12pt;font-family:Arial,sans-serif;color:white\">Certificado e manual<\/span><\/b><\/p>\n<p class=\"MsoNormal\" style=\"margin:0cm;font-size:10pt;font-family:Calibri,sans-serif\"><b><span style=\"font-size:12pt;font-family:Arial,sans-serif\">\u00a0<\/span><\/b><\/p>\n<p class=\"MsoNormal\" style=\"text-align:justify;margin:0cm;font-size:10pt;font-family:Calibri,sans-serif\"><b><span style=\"font-size:12pt;font-family:Arial,sans-serif\">Certificado<\/span><\/b><\/p>\n<p class=\"MsoNormal\" style=\"text-align:justify;margin:0cm;font-size:10pt;font-family:Calibri,sans-serif\"><span style=\"font-size:12pt;font-family:Arial,sans-serif\">Certificado de cada sess\u00e3o (aquisi\u00e7\u00e3o opcional):<br \/>\n5\u20ac <\/span><\/p>\n<p class=\"MsoNormal\" style=\"text-align:justify;margin:0cm;font-size:10pt;font-family:Calibri,sans-serif\"><b><span style=\"font-size:12pt;font-family:Arial,sans-serif\">\u00a0<\/span><\/b><\/p>\n<p class=\"MsoNormal\" style=\"text-align:justify;margin:0cm;font-size:10pt;font-family:Calibri,sans-serif\"><b><span style=\"font-size:12pt;font-family:Arial,sans-serif\">Manual<\/span><\/b><\/p>\n<p class=\"MsoNormal\" style=\"text-align:justify;margin:0cm;font-size:10pt;font-family:Calibri,sans-serif\"><span style=\"font-size:12pt;font-family:Arial,sans-serif\">Manual da forma\u00e7\u00e3o de cada sess\u00e3o (aquisi\u00e7\u00e3o opcional):<br \/>\n8\u20ac <\/span><\/p>\n<p class=\"MsoNormal\" style=\"text-align:justify;margin:0cm;font-size:10pt;font-family:Calibri,sans-serif\"><span style=\"font-size:12pt;font-family:Arial,sans-serif\">\u00a0<\/span><\/p>\n<p class=\"MsoNormal\" style=\"text-align:justify;margin:0cm;font-size:10pt;font-family:Calibri,sans-serif\"><span style=\"font-size:12pt;font-family:Arial,sans-serif\">\u00a0<\/span><\/p>\n<p class=\"MsoNormal\" style=\"text-align:justify;background:yellow;margin:0cm;font-size:10pt;font-family:Calibri,sans-serif\"><b><span style=\"font-size:12pt;font-family:Arial,sans-serif;color:black\">Certificado e Manual (de todas as sess\u00f5es)<\/span><\/b><b><span style=\"font-size:12pt;font-family:Arial,sans-serif\"><\/span><\/b><\/p>\n<p class=\"MsoNormal\" style=\"text-align:justify;background:yellow;margin:0cm;font-size:10pt;font-family:Calibri,sans-serif\"><b><span style=\"font-size:12pt;font-family:Arial,sans-serif;background-image:initial;background-position:initial;background-size:initial;background-repeat:initial;background-origin:initial;background-clip:initial\">\u00a0<\/span><\/b><\/p>\n<p class=\"MsoNormal\" style=\"text-align:justify;background:yellow;margin:0cm;font-size:10pt;font-family:Calibri,sans-serif\"><b><span style=\"font-size:12pt;font-family:Arial,sans-serif;color:black;background-image:initial;background-position:initial;background-size:initial;background-repeat:initial;background-origin:initial;background-clip:initial\">Certificado, manuais e<br \/>\ndocumenta\u00e7\u00e3o complementar + <\/span><\/b><b><span style=\"font-size:12pt;font-family:Arial,sans-serif;color:red;background-image:initial;background-position:initial;background-size:initial;background-repeat:initial;background-origin:initial;background-clip:initial\">oferta<br \/>\nda forma\u00e7\u00e3o <i>Rela\u00e7\u00e3o Fam\u00edlia-Escola vs. Escola-Fam\u00edlia<\/i><\/span><\/b><b><span style=\"font-size:12pt;font-family:Arial,sans-serif;color:black;background-image:initial;background-position:initial;background-size:initial;background-repeat:initial;background-origin:initial;background-clip:initial\">, <u>com pagamento 24h ap\u00f3s<br \/>\na inscri\u00e7\u00e3o<\/u>: 45\u20ac<\/span><\/b><b><span style=\"font-size:12pt;font-family:Arial,sans-serif\"><\/span><\/b><\/p>\n<p class=\"MsoNormal\" style=\"background:yellow;margin:0cm;font-size:10pt;font-family:Calibri,sans-serif\"><span style=\"font-size:9pt;font-family:Arial,sans-serif;color:black\">\u00a0<\/span><span style=\"font-size:9pt;font-family:Arial,sans-serif\"><\/span><\/p>\n<p class=\"MsoNormal\" style=\"text-align:justify;margin:0cm;font-size:10pt;font-family:Calibri,sans-serif\"><span style=\"font-size:12pt;font-family:Arial,sans-serif\">\u00a0<\/span><\/p>\n<p class=\"MsoNormal\" style=\"text-align:justify;margin:0cm;font-size:10pt;font-family:Calibri,sans-serif\"><b><span style=\"font-size:12pt;font-family:Arial,sans-serif\">Pagamento<br \/>\nde certificado e material no ato da inscri\u00e7\u00e3o<\/span><\/b><span style=\"font-size:12pt;font-family:Arial,sans-serif\"><\/span><\/p>\n<p class=\"MsoNormal\" style=\"margin:0cm;font-size:10pt;font-family:Calibri,sans-serif\"><span style=\"font-size:12pt;font-family:Arial,sans-serif\">\u00a0<\/span><\/p>\n<p class=\"MsoNormal\" style=\"margin:0cm;font-size:10pt;font-family:Calibri,sans-serif\"><span style=\"font-size:12pt;font-family:Arial,sans-serif\">\u00a0<\/span><\/p>\n<p class=\"MsoNormal\" align=\"center\" style=\"text-align:center;margin:0cm;font-size:10pt;font-family:Calibri,sans-serif\"><span style=\"font-family:Arial,sans-serif\">(Esta forma\u00e7\u00e3o<br \/>\nn\u00e3o \u00e9 creditada.)<\/span><\/p>\n<p class=\"MsoNormal\" align=\"center\" style=\"text-align:center;margin:0cm;font-size:10pt;font-family:Calibri,sans-serif\"><b><span style=\"font-size:12pt;font-family:Arial,sans-serif\">\u00a0<\/span><\/b><\/p>\n<p class=\"MsoNormal\" align=\"center\" style=\"text-align:center;margin:0cm;font-size:10pt;font-family:Calibri,sans-serif\"><b><span style=\"font-size:12pt;font-family:Arial,sans-serif\">\u00a0<\/span><\/b><\/p>\n<p class=\"MsoNormal\" align=\"center\" style=\"text-align:center;margin:0cm;font-size:10pt;font-family:Calibri,sans-serif\"><b><span style=\"font-size:12pt;font-family:Arial,sans-serif\">N.\u00ba DE INSCRI\u00c7\u00d5ES<br \/>\nLIMITADO<\/span><\/b><\/p>\n<p class=\"MsoNormal\" align=\"center\" style=\"text-align:center;margin:0cm;font-size:10pt;font-family:Calibri,sans-serif\"><b><span style=\"font-size:12pt;font-family:Arial,sans-serif;color:rgb(79,129,189)\">\u00a0<\/span><\/b><\/p>\n<p class=\"MsoNormal\" align=\"center\" style=\"text-align:center;margin:0cm;font-size:10pt;font-family:Calibri,sans-serif\"><b><span style=\"font-size:18pt;font-family:Arial,sans-serif\">Fazer inscri\u00e7\u00e3o<\/span><\/b> <a href=\"https:\/\/docs.google.com\/forms\/d\/e\/1FAIpQLSdeBXs4RU6bKslaW72rKChIeYMLCm1BEKb5bKZpptVZUpQjVQ\/viewform\" style=\"color:blue\" target=\"_blank\" rel=\"noopener\"><b><span style=\"font-size:20pt\">AQUI<\/span><\/b><\/a><b><span style=\"font-size:18pt;font-family:Arial,sans-serif\">.<\/span><\/b><b><span style=\"font-size:18pt;font-family:Arial,sans-serif\"><\/span><\/b><\/p>\n<p class=\"MsoNormal\" align=\"center\" style=\"text-align:center;margin:0cm;font-size:10pt;font-family:Calibri,sans-serif\"><b><span style=\"font-size:9pt;font-family:Arial,sans-serif\">(Clicar para aceder ao question\u00e1rio de<br \/>\ninscri\u00e7\u00e3o.)<\/span><\/b><\/p>\n<p class=\"MsoNormal\" align=\"center\" style=\"text-align:center;margin:0cm;font-size:10pt;font-family:Calibri,sans-serif\"><a href=\"https:\/\/docs.google.com\/forms\/d\/e\/1FAIpQLSdeBXs4RU6bKslaW72rKChIeYMLCm1BEKb5bKZpptVZUpQjVQ\/viewform\" style=\"color:blue\" target=\"_blank\" rel=\"noopener\"><span style=\"font-size:8pt;font-family:Arial,sans-serif\">https:\/\/docs.google.com\/forms\/d\/e\/1FAIpQLSdeBXs4RU6bKslaW72rKChIeYMLCm1BEKb5bKZpptVZUpQjVQ\/viewform<\/span><\/a><span style=\"font-size:8pt;font-family:Arial,sans-serif\"> <\/span><\/p>\n<p class=\"MsoNormal\" style=\"margin:0cm;font-size:10pt;font-family:Calibri,sans-serif\"><b><span style=\"font-size:16pt;font-family:Arial,sans-serif\">\u00a0<\/span><\/b><\/p>\n<p class=\"MsoNormal\" align=\"center\" style=\"text-align:center;margin:0cm;font-size:10pt;font-family:Calibri,sans-serif\"><b><span style=\"font-size:9pt;font-family:Arial,sans-serif\">\u00a0<\/span><\/b><\/p>\n<\/div>\n<\/div>\n<\/div>\n<div class=\"postie-attachments\"><a href=\"https:\/\/aesia.pt\/portal\/?attachment_id=8254\"><img decoding=\"async\" src=\"https:\/\/aesia.pt\/portal\/wp-content\/uploads\/2023\/07\/Escrever-bem-3.a-ed.-1-212x300.jpg\" alt=\"\" width=\"212px\" height=\"300px\" class=\"alignnone size-medium wp-image-8254\" srcset=\"https:\/\/aesia.pt\/portal\/wp-content\/uploads\/2023\/07\/Escrever-bem-3.a-ed.-1-212x300.jpg 212w, https:\/\/aesia.pt\/portal\/wp-content\/uploads\/2023\/07\/Escrever-bem-3.a-ed.-1-724x1024.jpg 724w, https:\/\/aesia.pt\/portal\/wp-content\/uploads\/2023\/07\/Escrever-bem-3.a-ed.-1-768x1086.jpg 768w, https:\/\/aesia.pt\/portal\/wp-content\/uploads\/2023\/07\/Escrever-bem-3.a-ed.-1-1086x1536.jpg 1086w, https:\/\/aesia.pt\/portal\/wp-content\/uploads\/2023\/07\/Escrever-bem-3.a-ed.-1-1448x2048.jpg 1448w, https:\/\/aesia.pt\/portal\/wp-content\/uploads\/2023\/07\/Escrever-bem-3.a-ed.-1.jpg 1587w\" sizes=\"(max-width: 212px) 100vw, 212px\" \/><\/a><br \/>\n<a href=\"https:\/\/aesia.pt\/portal\/wp-content\/uploads\/2023\/07\/3-ed.-Formacao-escrita-geral.pdf\"><img src='https:\/\/aesia.pt\/portal\/wp-content\/plugins\/postie\/icons\/silver\/pdf-48.png' alt='pdf icon' \/> 3-ed.-Formacao-escrita-geral.pdf<\/a><br \/>\n<a href=\"https:\/\/aesia.pt\/portal\/?attachment_id=8256\"><img decoding=\"async\" src=\"https:\/\/aesia.pt\/portal\/wp-content\/uploads\/2023\/07\/Escrever-bem-3.a-ed.-2-212x300.jpg\" alt=\"\" width=\"212px\" height=\"300px\" class=\"alignnone size-medium wp-image-8256\" srcset=\"https:\/\/aesia.pt\/portal\/wp-content\/uploads\/2023\/07\/Escrever-bem-3.a-ed.-2-212x300.jpg 212w, https:\/\/aesia.pt\/portal\/wp-content\/uploads\/2023\/07\/Escrever-bem-3.a-ed.-2-724x1024.jpg 724w, https:\/\/aesia.pt\/portal\/wp-content\/uploads\/2023\/07\/Escrever-bem-3.a-ed.-2-768x1086.jpg 768w, https:\/\/aesia.pt\/portal\/wp-content\/uploads\/2023\/07\/Escrever-bem-3.a-ed.-2-1086x1536.jpg 1086w, https:\/\/aesia.pt\/portal\/wp-content\/uploads\/2023\/07\/Escrever-bem-3.a-ed.-2-1448x2048.jpg 1448w, https:\/\/aesia.pt\/portal\/wp-content\/uploads\/2023\/07\/Escrever-bem-3.a-ed.-2.jpg 1587w\" sizes=\"(max-width: 212px) 100vw, 212px\" \/><\/a><\/div>\n<\/div>\n","protected":false},"excerpt":{"rendered":"<p>&#8212;&#8212;&#8212;- Forwarded message &#8212;&#8212;&#8212;De: Formar Aprender &lt;aprender.formar.4@gmail.com&gt;Date: quarta, 5\/07\/2023 \u00e0(s) 10:40Subject: Forma\u00e7\u00e3o Inscri\u00e7\u00e3o Gratuita 3.\u00aa ed. \u2013 ESCREVER BEM \u2013&hellip; <a class=\"continue\" href=\"https:\/\/aesia.pt\/portal\/fwd-formacao-inscricao-gratuita-3-a-ed-escrever-bem-caligrafia-erro-construcao-e-revisao-textuais-dislexia-disortografia-e-autonomia-nas-aprendizagens-familia-escola-inscric\/\">Ler mais<span> Forma\u00e7\u00e3o Inscri\u00e7\u00e3o Gratuita 3.\u00aa ed. \u2013 ESCREVER BEM \u2013 Caligrafia, erro, constru\u00e7\u00e3o e revis\u00e3o textuais, dislexia\/disortografia e autonomia nas aprendizagens, Fam\u00edlia-Escola (Inscri\u00e7\u00e3o: at\u00e9 31\/julho) \u2013 setembro\/2023, \u201conline\u201d<\/span><\/a><\/p>\n","protected":false},"author":8,"featured_media":8254,"comment_status":"closed","ping_status":"closed","sticky":false,"template":"","format":"standard","meta":{"_acf_changed":false,"footnotes":""},"categories":[56],"tags":[],"class_list":["post-8253","post","type-post","status-publish","format-standard","has-post-thumbnail","hentry","category-formacao"],"acf":[],"yoast_head":"<!-- This site is optimized with the Yoast SEO plugin v27.4 - https:\/\/yoast.com\/product\/yoast-seo-wordpress\/ -->\n<title>Fwd: Forma\u00e7\u00e3o Inscri\u00e7\u00e3o Gratuita 3.\u00aa ed. \u2013 ESCREVER BEM \u2013 Caligrafia, erro, constru\u00e7\u00e3o e revis\u00e3o textuais, dislexia\/disortografia e autonomia nas aprendizagens, Fam\u00edlia-Escola (Inscri\u00e7\u00e3o: at\u00e9 31\/julho) \u2013 setembro\/2023, \u201conline\u201d &#8211; AESIA<\/title>\n<meta name=\"robots\" content=\"index, follow, max-snippet:-1, max-image-preview:large, max-video-preview:-1\" \/>\n<link rel=\"canonical\" href=\"https:\/\/aesia.pt\/portal\/fwd-formacao-inscricao-gratuita-3-a-ed-escrever-bem-caligrafia-erro-construcao-e-revisao-textuais-dislexia-disortografia-e-autonomia-nas-aprendizagens-familia-escola-inscric\/\" \/>\n<meta property=\"og:locale\" content=\"pt_PT\" \/>\n<meta property=\"og:type\" content=\"article\" \/>\n<meta property=\"og:title\" content=\"Fwd: Forma\u00e7\u00e3o Inscri\u00e7\u00e3o Gratuita 3.\u00aa ed. \u2013 ESCREVER BEM \u2013 Caligrafia, erro, constru\u00e7\u00e3o e revis\u00e3o textuais, dislexia\/disortografia e autonomia nas aprendizagens, Fam\u00edlia-Escola (Inscri\u00e7\u00e3o: at\u00e9 31\/julho) \u2013 setembro\/2023, \u201conline\u201d &#8211; AESIA\" \/>\n<meta property=\"og:description\" content=\"&#8212;&#8212;&#8212;- Forwarded message &#8212;&#8212;&#8212;De: Formar Aprender &lt;aprender.formar.4@gmail.com&gt;Date: quarta, 5\/07\/2023 \u00e0(s) 10:40Subject: Forma\u00e7\u00e3o Inscri\u00e7\u00e3o Gratuita 3.\u00aa ed. \u2013 ESCREVER BEM \u2013&hellip; Ler mais Forma\u00e7\u00e3o Inscri\u00e7\u00e3o Gratuita 3.\u00aa ed. \u2013 ESCREVER BEM \u2013 Caligrafia, erro, constru\u00e7\u00e3o e revis\u00e3o textuais, dislexia\/disortografia e autonomia nas aprendizagens, Fam\u00edlia-Escola (Inscri\u00e7\u00e3o: at\u00e9 31\/julho) \u2013 setembro\/2023, \u201conline\u201d\" \/>\n<meta property=\"og:url\" content=\"https:\/\/aesia.pt\/portal\/fwd-formacao-inscricao-gratuita-3-a-ed-escrever-bem-caligrafia-erro-construcao-e-revisao-textuais-dislexia-disortografia-e-autonomia-nas-aprendizagens-familia-escola-inscric\/\" \/>\n<meta property=\"og:site_name\" content=\"AESIA\" \/>\n<meta property=\"article:publisher\" content=\"https:\/\/www.facebook.com\/aesia.pt\/\" \/>\n<meta property=\"article:published_time\" content=\"2023-07-05T12:20:31+00:00\" \/>\n<meta property=\"og:image\" content=\"https:\/\/aesia.pt\/portal\/wp-content\/uploads\/2023\/07\/Escrever-bem-3.a-ed.-1.jpg\" \/>\n\t<meta property=\"og:image:width\" content=\"1587\" \/>\n\t<meta property=\"og:image:height\" content=\"2245\" \/>\n\t<meta property=\"og:image:type\" content=\"image\/jpeg\" \/>\n<meta name=\"author\" content=\"Ivo Cardoso\" \/>\n<meta name=\"twitter:card\" content=\"summary_large_image\" \/>\n<meta name=\"twitter:label1\" content=\"Escrito por\" \/>\n\t<meta name=\"twitter:data1\" content=\"Ivo Cardoso\" \/>\n\t<meta name=\"twitter:label2\" content=\"Tempo estimado de leitura\" \/>\n\t<meta name=\"twitter:data2\" content=\"5 minutos\" \/>\n<script type=\"application\/ld+json\" class=\"yoast-schema-graph\">{\"@context\":\"https:\\\/\\\/schema.org\",\"@graph\":[{\"@type\":\"Article\",\"@id\":\"https:\\\/\\\/aesia.pt\\\/portal\\\/fwd-formacao-inscricao-gratuita-3-a-ed-escrever-bem-caligrafia-erro-construcao-e-revisao-textuais-dislexia-disortografia-e-autonomia-nas-aprendizagens-familia-escola-inscric\\\/#article\",\"isPartOf\":{\"@id\":\"https:\\\/\\\/aesia.pt\\\/portal\\\/fwd-formacao-inscricao-gratuita-3-a-ed-escrever-bem-caligrafia-erro-construcao-e-revisao-textuais-dislexia-disortografia-e-autonomia-nas-aprendizagens-familia-escola-inscric\\\/\"},\"author\":{\"name\":\"Ivo Cardoso\",\"@id\":\"https:\\\/\\\/aesia.pt\\\/portal\\\/#\\\/schema\\\/person\\\/8961c6287f9d82fe320fba91b3e2e991\"},\"headline\":\"Forma\u00e7\u00e3o Inscri\u00e7\u00e3o Gratuita 3.\u00aa ed. \u2013 ESCREVER BEM \u2013 Caligrafia, erro, constru\u00e7\u00e3o e revis\u00e3o textuais, dislexia\\\/disortografia e autonomia nas aprendizagens, Fam\u00edlia-Escola (Inscri\u00e7\u00e3o: at\u00e9 31\\\/julho) \u2013 setembro\\\/2023, \u201conline\u201d\",\"datePublished\":\"2023-07-05T12:20:31+00:00\",\"mainEntityOfPage\":{\"@id\":\"https:\\\/\\\/aesia.pt\\\/portal\\\/fwd-formacao-inscricao-gratuita-3-a-ed-escrever-bem-caligrafia-erro-construcao-e-revisao-textuais-dislexia-disortografia-e-autonomia-nas-aprendizagens-familia-escola-inscric\\\/\"},\"wordCount\":990,\"publisher\":{\"@id\":\"https:\\\/\\\/aesia.pt\\\/portal\\\/#organization\"},\"image\":{\"@id\":\"https:\\\/\\\/aesia.pt\\\/portal\\\/fwd-formacao-inscricao-gratuita-3-a-ed-escrever-bem-caligrafia-erro-construcao-e-revisao-textuais-dislexia-disortografia-e-autonomia-nas-aprendizagens-familia-escola-inscric\\\/#primaryimage\"},\"thumbnailUrl\":\"https:\\\/\\\/aesia.pt\\\/portal\\\/wp-content\\\/uploads\\\/2023\\\/07\\\/Escrever-bem-3.a-ed.-1.jpg\",\"articleSection\":[\"Forma\u00e7\u00e3o\"],\"inLanguage\":\"pt-PT\"},{\"@type\":\"WebPage\",\"@id\":\"https:\\\/\\\/aesia.pt\\\/portal\\\/fwd-formacao-inscricao-gratuita-3-a-ed-escrever-bem-caligrafia-erro-construcao-e-revisao-textuais-dislexia-disortografia-e-autonomia-nas-aprendizagens-familia-escola-inscric\\\/\",\"url\":\"https:\\\/\\\/aesia.pt\\\/portal\\\/fwd-formacao-inscricao-gratuita-3-a-ed-escrever-bem-caligrafia-erro-construcao-e-revisao-textuais-dislexia-disortografia-e-autonomia-nas-aprendizagens-familia-escola-inscric\\\/\",\"name\":\"Fwd: Forma\u00e7\u00e3o Inscri\u00e7\u00e3o Gratuita 3.\u00aa ed. \u2013 ESCREVER BEM \u2013 Caligrafia, erro, constru\u00e7\u00e3o e revis\u00e3o textuais, dislexia\\\/disortografia e autonomia nas aprendizagens, Fam\u00edlia-Escola (Inscri\u00e7\u00e3o: at\u00e9 31\\\/julho) \u2013 setembro\\\/2023, \u201conline\u201d &#8211; AESIA\",\"isPartOf\":{\"@id\":\"https:\\\/\\\/aesia.pt\\\/portal\\\/#website\"},\"primaryImageOfPage\":{\"@id\":\"https:\\\/\\\/aesia.pt\\\/portal\\\/fwd-formacao-inscricao-gratuita-3-a-ed-escrever-bem-caligrafia-erro-construcao-e-revisao-textuais-dislexia-disortografia-e-autonomia-nas-aprendizagens-familia-escola-inscric\\\/#primaryimage\"},\"image\":{\"@id\":\"https:\\\/\\\/aesia.pt\\\/portal\\\/fwd-formacao-inscricao-gratuita-3-a-ed-escrever-bem-caligrafia-erro-construcao-e-revisao-textuais-dislexia-disortografia-e-autonomia-nas-aprendizagens-familia-escola-inscric\\\/#primaryimage\"},\"thumbnailUrl\":\"https:\\\/\\\/aesia.pt\\\/portal\\\/wp-content\\\/uploads\\\/2023\\\/07\\\/Escrever-bem-3.a-ed.-1.jpg\",\"datePublished\":\"2023-07-05T12:20:31+00:00\",\"breadcrumb\":{\"@id\":\"https:\\\/\\\/aesia.pt\\\/portal\\\/fwd-formacao-inscricao-gratuita-3-a-ed-escrever-bem-caligrafia-erro-construcao-e-revisao-textuais-dislexia-disortografia-e-autonomia-nas-aprendizagens-familia-escola-inscric\\\/#breadcrumb\"},\"inLanguage\":\"pt-PT\",\"potentialAction\":[{\"@type\":\"ReadAction\",\"target\":[\"https:\\\/\\\/aesia.pt\\\/portal\\\/fwd-formacao-inscricao-gratuita-3-a-ed-escrever-bem-caligrafia-erro-construcao-e-revisao-textuais-dislexia-disortografia-e-autonomia-nas-aprendizagens-familia-escola-inscric\\\/\"]}]},{\"@type\":\"ImageObject\",\"inLanguage\":\"pt-PT\",\"@id\":\"https:\\\/\\\/aesia.pt\\\/portal\\\/fwd-formacao-inscricao-gratuita-3-a-ed-escrever-bem-caligrafia-erro-construcao-e-revisao-textuais-dislexia-disortografia-e-autonomia-nas-aprendizagens-familia-escola-inscric\\\/#primaryimage\",\"url\":\"https:\\\/\\\/aesia.pt\\\/portal\\\/wp-content\\\/uploads\\\/2023\\\/07\\\/Escrever-bem-3.a-ed.-1.jpg\",\"contentUrl\":\"https:\\\/\\\/aesia.pt\\\/portal\\\/wp-content\\\/uploads\\\/2023\\\/07\\\/Escrever-bem-3.a-ed.-1.jpg\",\"width\":1587,\"height\":2245},{\"@type\":\"BreadcrumbList\",\"@id\":\"https:\\\/\\\/aesia.pt\\\/portal\\\/fwd-formacao-inscricao-gratuita-3-a-ed-escrever-bem-caligrafia-erro-construcao-e-revisao-textuais-dislexia-disortografia-e-autonomia-nas-aprendizagens-familia-escola-inscric\\\/#breadcrumb\",\"itemListElement\":[{\"@type\":\"ListItem\",\"position\":1,\"name\":\"Home\",\"item\":\"https:\\\/\\\/aesia.pt\\\/portal\\\/\"},{\"@type\":\"ListItem\",\"position\":2,\"name\":\"Forma\u00e7\u00e3o Inscri\u00e7\u00e3o Gratuita 3.\u00aa ed. \u2013 ESCREVER BEM \u2013 Caligrafia, erro, constru\u00e7\u00e3o e revis\u00e3o textuais, dislexia\\\/disortografia e autonomia nas aprendizagens, Fam\u00edlia-Escola (Inscri\u00e7\u00e3o: at\u00e9 31\\\/julho) \u2013 setembro\\\/2023, \u201conline\u201d\"}]},{\"@type\":\"WebSite\",\"@id\":\"https:\\\/\\\/aesia.pt\\\/portal\\\/#website\",\"url\":\"https:\\\/\\\/aesia.pt\\\/portal\\\/\",\"name\":\"AESIA\",\"description\":\"Agrupamento de Escolas de Santa Iria de Az\u00f3ia\",\"publisher\":{\"@id\":\"https:\\\/\\\/aesia.pt\\\/portal\\\/#organization\"},\"alternateName\":\"Agrupamento de Escolas de Santa Iria de Az\u00f3ia\",\"potentialAction\":[{\"@type\":\"SearchAction\",\"target\":{\"@type\":\"EntryPoint\",\"urlTemplate\":\"https:\\\/\\\/aesia.pt\\\/portal\\\/?s={search_term_string}\"},\"query-input\":{\"@type\":\"PropertyValueSpecification\",\"valueRequired\":true,\"valueName\":\"search_term_string\"}}],\"inLanguage\":\"pt-PT\"},{\"@type\":\"Organization\",\"@id\":\"https:\\\/\\\/aesia.pt\\\/portal\\\/#organization\",\"name\":\"Agrupamento de Escolas de Santa Iria de Az\u00f3ia\",\"alternateName\":\"AESIA\",\"url\":\"https:\\\/\\\/aesia.pt\\\/portal\\\/\",\"logo\":{\"@type\":\"ImageObject\",\"inLanguage\":\"pt-PT\",\"@id\":\"https:\\\/\\\/aesia.pt\\\/portal\\\/#\\\/schema\\\/logo\\\/image\\\/\",\"url\":\"https:\\\/\\\/aesia.pt\\\/portal\\\/wp-content\\\/uploads\\\/2023\\\/04\\\/logo4.png\",\"contentUrl\":\"https:\\\/\\\/aesia.pt\\\/portal\\\/wp-content\\\/uploads\\\/2023\\\/04\\\/logo4.png\",\"width\":162,\"height\":162,\"caption\":\"Agrupamento de Escolas de Santa Iria de Az\u00f3ia\"},\"image\":{\"@id\":\"https:\\\/\\\/aesia.pt\\\/portal\\\/#\\\/schema\\\/logo\\\/image\\\/\"},\"sameAs\":[\"https:\\\/\\\/www.facebook.com\\\/aesia.pt\\\/\"]},{\"@type\":\"Person\",\"@id\":\"https:\\\/\\\/aesia.pt\\\/portal\\\/#\\\/schema\\\/person\\\/8961c6287f9d82fe320fba91b3e2e991\",\"name\":\"Ivo Cardoso\",\"image\":{\"@type\":\"ImageObject\",\"inLanguage\":\"pt-PT\",\"@id\":\"https:\\\/\\\/secure.gravatar.com\\\/avatar\\\/b1503fafbe5678f3cfddd3fb093fcb636cd9a58fe5db5256d219059582e42c16?s=96&d=mm&r=g\",\"url\":\"https:\\\/\\\/secure.gravatar.com\\\/avatar\\\/b1503fafbe5678f3cfddd3fb093fcb636cd9a58fe5db5256d219059582e42c16?s=96&d=mm&r=g\",\"contentUrl\":\"https:\\\/\\\/secure.gravatar.com\\\/avatar\\\/b1503fafbe5678f3cfddd3fb093fcb636cd9a58fe5db5256d219059582e42c16?s=96&d=mm&r=g\",\"caption\":\"Ivo Cardoso\"},\"sameAs\":[\"http:\\\/\\\/aesia.pt\"],\"url\":\"https:\\\/\\\/aesia.pt\\\/portal\\\/author\\\/ivo-cardosoaesia-pt\\\/\"}]}<\/script>\n<!-- \/ Yoast SEO plugin. -->","yoast_head_json":{"title":"Fwd: Forma\u00e7\u00e3o Inscri\u00e7\u00e3o Gratuita 3.\u00aa ed. \u2013 ESCREVER BEM \u2013 Caligrafia, erro, constru\u00e7\u00e3o e revis\u00e3o textuais, dislexia\/disortografia e autonomia nas aprendizagens, Fam\u00edlia-Escola (Inscri\u00e7\u00e3o: at\u00e9 31\/julho) \u2013 setembro\/2023, \u201conline\u201d &#8211; AESIA","robots":{"index":"index","follow":"follow","max-snippet":"max-snippet:-1","max-image-preview":"max-image-preview:large","max-video-preview":"max-video-preview:-1"},"canonical":"https:\/\/aesia.pt\/portal\/fwd-formacao-inscricao-gratuita-3-a-ed-escrever-bem-caligrafia-erro-construcao-e-revisao-textuais-dislexia-disortografia-e-autonomia-nas-aprendizagens-familia-escola-inscric\/","og_locale":"pt_PT","og_type":"article","og_title":"Fwd: Forma\u00e7\u00e3o Inscri\u00e7\u00e3o Gratuita 3.\u00aa ed. \u2013 ESCREVER BEM \u2013 Caligrafia, erro, constru\u00e7\u00e3o e revis\u00e3o textuais, dislexia\/disortografia e autonomia nas aprendizagens, Fam\u00edlia-Escola (Inscri\u00e7\u00e3o: at\u00e9 31\/julho) \u2013 setembro\/2023, \u201conline\u201d &#8211; AESIA","og_description":"&#8212;&#8212;&#8212;- Forwarded message &#8212;&#8212;&#8212;De: Formar Aprender &lt;aprender.formar.4@gmail.com&gt;Date: quarta, 5\/07\/2023 \u00e0(s) 10:40Subject: Forma\u00e7\u00e3o Inscri\u00e7\u00e3o Gratuita 3.\u00aa ed. \u2013 ESCREVER BEM \u2013&hellip; Ler mais Forma\u00e7\u00e3o Inscri\u00e7\u00e3o Gratuita 3.\u00aa ed. \u2013 ESCREVER BEM \u2013 Caligrafia, erro, constru\u00e7\u00e3o e revis\u00e3o textuais, dislexia\/disortografia e autonomia nas aprendizagens, Fam\u00edlia-Escola (Inscri\u00e7\u00e3o: at\u00e9 31\/julho) \u2013 setembro\/2023, \u201conline\u201d","og_url":"https:\/\/aesia.pt\/portal\/fwd-formacao-inscricao-gratuita-3-a-ed-escrever-bem-caligrafia-erro-construcao-e-revisao-textuais-dislexia-disortografia-e-autonomia-nas-aprendizagens-familia-escola-inscric\/","og_site_name":"AESIA","article_publisher":"https:\/\/www.facebook.com\/aesia.pt\/","article_published_time":"2023-07-05T12:20:31+00:00","og_image":[{"width":1587,"height":2245,"url":"https:\/\/aesia.pt\/portal\/wp-content\/uploads\/2023\/07\/Escrever-bem-3.a-ed.-1.jpg","type":"image\/jpeg"}],"author":"Ivo Cardoso","twitter_card":"summary_large_image","twitter_misc":{"Escrito por":"Ivo Cardoso","Tempo estimado de leitura":"5 minutos"},"schema":{"@context":"https:\/\/schema.org","@graph":[{"@type":"Article","@id":"https:\/\/aesia.pt\/portal\/fwd-formacao-inscricao-gratuita-3-a-ed-escrever-bem-caligrafia-erro-construcao-e-revisao-textuais-dislexia-disortografia-e-autonomia-nas-aprendizagens-familia-escola-inscric\/#article","isPartOf":{"@id":"https:\/\/aesia.pt\/portal\/fwd-formacao-inscricao-gratuita-3-a-ed-escrever-bem-caligrafia-erro-construcao-e-revisao-textuais-dislexia-disortografia-e-autonomia-nas-aprendizagens-familia-escola-inscric\/"},"author":{"name":"Ivo Cardoso","@id":"https:\/\/aesia.pt\/portal\/#\/schema\/person\/8961c6287f9d82fe320fba91b3e2e991"},"headline":"Forma\u00e7\u00e3o Inscri\u00e7\u00e3o Gratuita 3.\u00aa ed. \u2013 ESCREVER BEM \u2013 Caligrafia, erro, constru\u00e7\u00e3o e revis\u00e3o textuais, dislexia\/disortografia e autonomia nas aprendizagens, Fam\u00edlia-Escola (Inscri\u00e7\u00e3o: at\u00e9 31\/julho) \u2013 setembro\/2023, \u201conline\u201d","datePublished":"2023-07-05T12:20:31+00:00","mainEntityOfPage":{"@id":"https:\/\/aesia.pt\/portal\/fwd-formacao-inscricao-gratuita-3-a-ed-escrever-bem-caligrafia-erro-construcao-e-revisao-textuais-dislexia-disortografia-e-autonomia-nas-aprendizagens-familia-escola-inscric\/"},"wordCount":990,"publisher":{"@id":"https:\/\/aesia.pt\/portal\/#organization"},"image":{"@id":"https:\/\/aesia.pt\/portal\/fwd-formacao-inscricao-gratuita-3-a-ed-escrever-bem-caligrafia-erro-construcao-e-revisao-textuais-dislexia-disortografia-e-autonomia-nas-aprendizagens-familia-escola-inscric\/#primaryimage"},"thumbnailUrl":"https:\/\/aesia.pt\/portal\/wp-content\/uploads\/2023\/07\/Escrever-bem-3.a-ed.-1.jpg","articleSection":["Forma\u00e7\u00e3o"],"inLanguage":"pt-PT"},{"@type":"WebPage","@id":"https:\/\/aesia.pt\/portal\/fwd-formacao-inscricao-gratuita-3-a-ed-escrever-bem-caligrafia-erro-construcao-e-revisao-textuais-dislexia-disortografia-e-autonomia-nas-aprendizagens-familia-escola-inscric\/","url":"https:\/\/aesia.pt\/portal\/fwd-formacao-inscricao-gratuita-3-a-ed-escrever-bem-caligrafia-erro-construcao-e-revisao-textuais-dislexia-disortografia-e-autonomia-nas-aprendizagens-familia-escola-inscric\/","name":"Fwd: Forma\u00e7\u00e3o Inscri\u00e7\u00e3o Gratuita 3.\u00aa ed. \u2013 ESCREVER BEM \u2013 Caligrafia, erro, constru\u00e7\u00e3o e revis\u00e3o textuais, dislexia\/disortografia e autonomia nas aprendizagens, Fam\u00edlia-Escola (Inscri\u00e7\u00e3o: at\u00e9 31\/julho) \u2013 setembro\/2023, \u201conline\u201d &#8211; AESIA","isPartOf":{"@id":"https:\/\/aesia.pt\/portal\/#website"},"primaryImageOfPage":{"@id":"https:\/\/aesia.pt\/portal\/fwd-formacao-inscricao-gratuita-3-a-ed-escrever-bem-caligrafia-erro-construcao-e-revisao-textuais-dislexia-disortografia-e-autonomia-nas-aprendizagens-familia-escola-inscric\/#primaryimage"},"image":{"@id":"https:\/\/aesia.pt\/portal\/fwd-formacao-inscricao-gratuita-3-a-ed-escrever-bem-caligrafia-erro-construcao-e-revisao-textuais-dislexia-disortografia-e-autonomia-nas-aprendizagens-familia-escola-inscric\/#primaryimage"},"thumbnailUrl":"https:\/\/aesia.pt\/portal\/wp-content\/uploads\/2023\/07\/Escrever-bem-3.a-ed.-1.jpg","datePublished":"2023-07-05T12:20:31+00:00","breadcrumb":{"@id":"https:\/\/aesia.pt\/portal\/fwd-formacao-inscricao-gratuita-3-a-ed-escrever-bem-caligrafia-erro-construcao-e-revisao-textuais-dislexia-disortografia-e-autonomia-nas-aprendizagens-familia-escola-inscric\/#breadcrumb"},"inLanguage":"pt-PT","potentialAction":[{"@type":"ReadAction","target":["https:\/\/aesia.pt\/portal\/fwd-formacao-inscricao-gratuita-3-a-ed-escrever-bem-caligrafia-erro-construcao-e-revisao-textuais-dislexia-disortografia-e-autonomia-nas-aprendizagens-familia-escola-inscric\/"]}]},{"@type":"ImageObject","inLanguage":"pt-PT","@id":"https:\/\/aesia.pt\/portal\/fwd-formacao-inscricao-gratuita-3-a-ed-escrever-bem-caligrafia-erro-construcao-e-revisao-textuais-dislexia-disortografia-e-autonomia-nas-aprendizagens-familia-escola-inscric\/#primaryimage","url":"https:\/\/aesia.pt\/portal\/wp-content\/uploads\/2023\/07\/Escrever-bem-3.a-ed.-1.jpg","contentUrl":"https:\/\/aesia.pt\/portal\/wp-content\/uploads\/2023\/07\/Escrever-bem-3.a-ed.-1.jpg","width":1587,"height":2245},{"@type":"BreadcrumbList","@id":"https:\/\/aesia.pt\/portal\/fwd-formacao-inscricao-gratuita-3-a-ed-escrever-bem-caligrafia-erro-construcao-e-revisao-textuais-dislexia-disortografia-e-autonomia-nas-aprendizagens-familia-escola-inscric\/#breadcrumb","itemListElement":[{"@type":"ListItem","position":1,"name":"Home","item":"https:\/\/aesia.pt\/portal\/"},{"@type":"ListItem","position":2,"name":"Forma\u00e7\u00e3o Inscri\u00e7\u00e3o Gratuita 3.\u00aa ed. \u2013 ESCREVER BEM \u2013 Caligrafia, erro, constru\u00e7\u00e3o e revis\u00e3o textuais, dislexia\/disortografia e autonomia nas aprendizagens, Fam\u00edlia-Escola (Inscri\u00e7\u00e3o: at\u00e9 31\/julho) \u2013 setembro\/2023, \u201conline\u201d"}]},{"@type":"WebSite","@id":"https:\/\/aesia.pt\/portal\/#website","url":"https:\/\/aesia.pt\/portal\/","name":"AESIA","description":"Agrupamento de Escolas de Santa Iria de Az\u00f3ia","publisher":{"@id":"https:\/\/aesia.pt\/portal\/#organization"},"alternateName":"Agrupamento de Escolas de Santa Iria de Az\u00f3ia","potentialAction":[{"@type":"SearchAction","target":{"@type":"EntryPoint","urlTemplate":"https:\/\/aesia.pt\/portal\/?s={search_term_string}"},"query-input":{"@type":"PropertyValueSpecification","valueRequired":true,"valueName":"search_term_string"}}],"inLanguage":"pt-PT"},{"@type":"Organization","@id":"https:\/\/aesia.pt\/portal\/#organization","name":"Agrupamento de Escolas de Santa Iria de Az\u00f3ia","alternateName":"AESIA","url":"https:\/\/aesia.pt\/portal\/","logo":{"@type":"ImageObject","inLanguage":"pt-PT","@id":"https:\/\/aesia.pt\/portal\/#\/schema\/logo\/image\/","url":"https:\/\/aesia.pt\/portal\/wp-content\/uploads\/2023\/04\/logo4.png","contentUrl":"https:\/\/aesia.pt\/portal\/wp-content\/uploads\/2023\/04\/logo4.png","width":162,"height":162,"caption":"Agrupamento de Escolas de Santa Iria de Az\u00f3ia"},"image":{"@id":"https:\/\/aesia.pt\/portal\/#\/schema\/logo\/image\/"},"sameAs":["https:\/\/www.facebook.com\/aesia.pt\/"]},{"@type":"Person","@id":"https:\/\/aesia.pt\/portal\/#\/schema\/person\/8961c6287f9d82fe320fba91b3e2e991","name":"Ivo Cardoso","image":{"@type":"ImageObject","inLanguage":"pt-PT","@id":"https:\/\/secure.gravatar.com\/avatar\/b1503fafbe5678f3cfddd3fb093fcb636cd9a58fe5db5256d219059582e42c16?s=96&d=mm&r=g","url":"https:\/\/secure.gravatar.com\/avatar\/b1503fafbe5678f3cfddd3fb093fcb636cd9a58fe5db5256d219059582e42c16?s=96&d=mm&r=g","contentUrl":"https:\/\/secure.gravatar.com\/avatar\/b1503fafbe5678f3cfddd3fb093fcb636cd9a58fe5db5256d219059582e42c16?s=96&d=mm&r=g","caption":"Ivo Cardoso"},"sameAs":["http:\/\/aesia.pt"],"url":"https:\/\/aesia.pt\/portal\/author\/ivo-cardosoaesia-pt\/"}]}},"_links":{"self":[{"href":"https:\/\/aesia.pt\/portal\/wp-json\/wp\/v2\/posts\/8253","targetHints":{"allow":["GET"]}}],"collection":[{"href":"https:\/\/aesia.pt\/portal\/wp-json\/wp\/v2\/posts"}],"about":[{"href":"https:\/\/aesia.pt\/portal\/wp-json\/wp\/v2\/types\/post"}],"author":[{"embeddable":true,"href":"https:\/\/aesia.pt\/portal\/wp-json\/wp\/v2\/users\/8"}],"replies":[{"embeddable":true,"href":"https:\/\/aesia.pt\/portal\/wp-json\/wp\/v2\/comments?post=8253"}],"version-history":[{"count":0,"href":"https:\/\/aesia.pt\/portal\/wp-json\/wp\/v2\/posts\/8253\/revisions"}],"wp:featuredmedia":[{"embeddable":true,"href":"https:\/\/aesia.pt\/portal\/wp-json\/wp\/v2\/media\/8254"}],"wp:attachment":[{"href":"https:\/\/aesia.pt\/portal\/wp-json\/wp\/v2\/media?parent=8253"}],"wp:term":[{"taxonomy":"category","embeddable":true,"href":"https:\/\/aesia.pt\/portal\/wp-json\/wp\/v2\/categories?post=8253"},{"taxonomy":"post_tag","embeddable":true,"href":"https:\/\/aesia.pt\/portal\/wp-json\/wp\/v2\/tags?post=8253"}],"curies":[{"name":"wp","href":"https:\/\/api.w.org\/{rel}","templated":true}]}}