{"id":7359,"date":"2023-05-24T12:26:00","date_gmt":"2023-05-24T12:26:00","guid":{"rendered":"https:\/\/aesia.pt\/portal\/?p=7359"},"modified":"2023-05-24T12:26:00","modified_gmt":"2023-05-24T12:26:00","slug":"fwd-formacao-pos-graduada-para-docentes","status":"publish","type":"post","link":"https:\/\/aesia.pt\/portal\/fwd-formacao-pos-graduada-para-docentes\/","title":{"rendered":"Forma\u00e7\u00e3o P\u00f3s-graduada para docentes"},"content":{"rendered":"<div class=\"postie-post\">\n<div>\n<div dir=\"auto\">&#8212;&#8212;&#8212;- Mensagem encaminhada &#8212;&#8212;&#8212;<br \/>De: <span dir=\"auto\">Rui Fonseca &lt;<a href=\"mailto:rui.fonseca@iseclisboa.pt&#038;gt\" >rui.fonseca@iseclisboa.pt&#038;gt<\/a>;<\/span><br \/>Data: quarta-feira, 24 de maio de 2023 \u00e0(s) 10:30:58 UTC+1<br \/>Assunto: Forma\u00e7\u00e3o P\u00f3s-graduada para docentes<br \/>Para: <span dir=\"auto\">Rui Fonseca &lt;<a href=\"mailto:rui.fonseca@iseclisboa.pt&#038;gt\" >rui.fonseca@iseclisboa.pt&#038;gt<\/a>;<\/span><\/div>\n<div dir=\"ltr\">\n<div dir=\"ltr\">\n<div dir=\"ltr\">Estimado Diretor de Agrupamento,<\/p>\n<div><\/div>\n<div><\/div>\n<div>O ISEC Lisboa, tem uma experi\u00eancia de d\u00e9cadas na forma\u00e7\u00e3o e atualiza\u00e7\u00e3o de conhecimentos de professores. Como tal, temos adequado a nossa oferta formativa p\u00f3s-graduada \u00e0s necessidades dos docentes e dos agrupamentos escolares que nos\u00a0procuram com muito sucesso, contribuindo assim para a valoriza\u00e7\u00e3o e dignifica\u00e7\u00e3o da carreira docente.<\/div>\n<div><\/div>\n<div>Destarte, venho dar-lhe a conhecer a nossa oferta formativa p\u00f3s-graduada, na expectativa que possa divulgar a mesma pelos seus docentes.<\/div>\n<div><\/div>\n<div>A informa\u00e7\u00e3o sobre cada oferta formativa, pode ser consultada no nosso site, atrav\u00e9s dos links que envio em baixo (tamb\u00e9m dispon\u00edvel em (<a href=\"https:\/\/www.iseclisboa.pt\/index.php\/pt\/2019-06-21-10-03-53\/escolas?layout=edit&amp;id=270\" target=\"_blank\" rel=\"nofollow noopener\">https:\/\/www.iseclisboa.pt\/<span><\/span>index.php\/pt\/2019-06-21-10-03-<span><\/span>53\/escolas?layout=edit&amp;id=270<\/a>)<span><\/span>,\u00a0ou via QR Code que envio em anexo.<\/div>\n<div><\/div>\n<div>Desde j\u00e1, agrade\u00e7o toda a aten\u00e7\u00e3o\u00a0dispensada e colabora\u00e7\u00e3o que possa prestar.<\/div>\n<div><\/div>\n<div><span style=\"margin: 0.857em 0px; font-family: \"Titillium Web\", \"Helvetica Neue\", Helvetica, Arial, sans-serif; font-weight: normal; line-height: 0.857; color: rgb(17, 17, 17); font-size: 28px; letter-spacing: -0.045em;\">P\u00d3S-GRADUA\u00c7\u00d5ES<\/span><span style=\"margin: 1.5em 0px; font-family: \"Titillium Web\", \"Helvetica Neue\", Helvetica, Arial, sans-serif; font-weight: normal; line-height: 1.5; color: rgb(17, 17, 17); font-size: 16px; letter-spacing: -0.03em;\"><a href=\"https:\/\/www.iseclisboa.pt\/index.php\/pt\/cursos\/posgraduacoes\/eedh\/administracao-e-gestao-em-educacao\" rel=\"alternate nofollow noopener\" style=\"color: rgb(0, 153, 204); text-decoration-line: none;\" target=\"_blank\">P\u00d3S-GRADUA\u00c7\u00c3O EM ADMINISTRA\u00c7\u00c3O E GEST\u00c3O EM EDUCA\u00c7\u00c3O<\/a><br \/><a href=\"https:\/\/www.iseclisboa.pt\/index.php\/pt\/cursos\/posgraduacoes\/eedh\/arte-de-contar-estorias\" rel=\"alternate nofollow noopener\" style=\"color: rgb(0, 153, 204); text-decoration-line: none;\" target=\"_blank\">P\u00d3S-GRADUA\u00c7\u00c3O EM ARTE DE CONTAR EST\u00d3RIAS<\/a><br \/><a href=\"https:\/\/www.iseclisboa.pt\/index.php\/pt\/cursos\/posgraduacoes\/eedh\/comunicacao-apresentacao-dados-quantitativos\" rel=\"alternate nofollow noopener\" style=\"color: rgb(0, 153, 204); text-decoration-line: none;\" target=\"_blank\">P\u00d3S-GRADUA\u00c7\u00c3O EM COMUNICA\u00c7\u00c3O E APRESENTA\u00c7\u00c3O DE DADOS QUANTITATIVOS<\/a><br \/><a href=\"https:\/\/www.iseclisboa.pt\/index.php\/pt\/cursos\/posgraduacoes\/eedh\/educacao-especial-dominio-cognitivo-e-motor\" rel=\"alternate nofollow noopener\" style=\"color: rgb(0, 153, 204); text-decoration-line: none;\" target=\"_blank\">P\u00d3S-GRADUA\u00c7\u00c3O EM EDUCA\u00c7\u00c3O ESPECIAL: DOM\u00cdNIO COGNITIVO E MOTOR<\/a><br \/><a href=\"https:\/\/www.iseclisboa.pt\/index.php\/pt\/cursos\/posgraduacoes\/eedh\/ensino-outdoor-pos-graduacao\" rel=\"alternate nofollow noopener\" style=\"color: rgb(0, 153, 204); text-decoration-line: none;\" target=\"_blank\">P\u00d3S-GRADUA\u00c7\u00c3O EM ENSINO OUTDOOR<\/a><br \/><a href=\"https:\/\/www.iseclisboa.pt\/index.php\/pt\/cursos\/posgraduacoes\/eedh\/gerontologia-social-aplicada\" rel=\"alternate nofollow noopener\" style=\"color: rgb(0, 153, 204); text-decoration-line: none;\" target=\"_blank\">P\u00d3S-GRADUA\u00c7\u00c3O EM GERONTOLOGIA SOCIAL APLICADA<\/a><br \/><a href=\"https:\/\/www.iseclisboa.pt\/index.php\/pt\/cursos\/posgraduacoes\/eedh\/organizacao-e-dinamizacao-de-bibliotecas-escolares\" rel=\"alternate nofollow noopener\" style=\"color: rgb(0, 153, 204); text-decoration-line: none;\" target=\"_blank\">P\u00d3S-GRADUA\u00c7\u00c3O EM ORGANIZA\u00c7\u00c3O E DINAMIZA\u00c7\u00c3O DE BIBLIOTECAS ESCOLARES<\/a><\/span><\/p>\n<div>\n<div dir=\"ltr\">\n<div dir=\"ltr\">\n<div dir=\"auto\">\n<div style=\"line-height: normal; margin: 0cm 0cm 0.0001pt;\">\n<div style=\"color: rgb(0, 0, 0); font-family: Calibri; font-size: 14px; line-height: normal; margin: 0cm 0cm 0.0001pt;\"><font face=\"Calibri\"><br \/><\/font><\/div>\n<p><img loading=\"lazy\" decoding=\"async\" alt=\"PosGraduacoes.jpg\" width=\"508\" height=\"350\" src=\"https:\/\/aesia.pt\/portal\/wp-content\/uploads\/2023\/05\/PosGraduacoes.jpg\" \/><\/p>\n<div style=\"color: rgb(0, 0, 0); font-family: Calibri; font-size: 14px; line-height: normal; margin: 0cm 0cm 0.0001pt;\"><font face=\"Calibri\"><br \/><\/font><\/div>\n<div style=\"color: rgb(0, 0, 0); font-family: Calibri; font-size: 14px; line-height: normal; margin: 0cm 0cm 0.0001pt;\"><font face=\"Calibri\">Com os melhores cumprimentos,<\/font><\/div>\n<div style=\"color: rgb(0, 0, 0); font-family: Calibri; font-size: 14px; line-height: normal; margin: 0cm 0cm 0.0001pt;\"><\/div>\n<div style=\"color: rgb(0, 0, 0); font-family: Calibri; line-height: normal; margin: 0cm 0cm 0.0001pt;\"><font color=\"#424242\" size=\"4\">Rui Fonseca<\/font><\/div>\n<div style=\"line-height: normal; margin: 0cm 0cm 0.0001pt;\">\n<p><span style=\"color: rgb(0, 133, 202); font-family: Calibri; font-size: 14px;\"><b>Diretor da Escola de Educa\u00e7\u00e3o e Desenvolvimento Humano do ISEC Lisboa\/\u00a0<\/b><\/span><font color=\"#0085ca\" face=\"Calibri\"><span style=\"font-size: 14px;\"><b>Dean of the School of Education and Human Development at ISEC Lisboa<\/b><\/span><\/font><b style=\"color: rgb(0, 133, 202); font-family: Calibri; font-size: 14px;\">\u00a0<\/b><\/p>\n<div><font color=\"#3d85c6\"><font face=\"Arial\" style=\"font-family: Arial, Helvetica, sans-serif; font-size: small;\"><font style=\"font-size: 11px;\">Membro do Conselho de Dire\u00e7\u00e3o do ISEC Lisboa\/\u00a0<\/font><\/font><font face=\"Arial\"><span style=\"font-size: 11px;\">Member of the Board of Directors of ISEC Lisbon<\/span><\/font><\/font><\/div>\n<div dir=\"auto\"><font color=\"#3d85c6\"><span style=\"font-family: Arial; font-size: 11px;\">Membro do Conselho T\u00e9cnico-Cient\u00edfico do ISEC Lisboa\/\u00a0<\/span><font face=\"Arial\"><span style=\"font-size: 11px;\">Member of the Technical-Scientific Council of ISEC Lisbon<\/span><\/font><\/font><\/div>\n<div dir=\"auto\"><font color=\"#3d85c6\"><font face=\"Arial\" style=\"font-family: Arial, Helvetica, sans-serif; font-size: small;\"><font style=\"font-size: 11px;\">Presidente da Comiss\u00e3o T\u00e9cnico Cient\u00edfica da Escola de Educa\u00e7\u00e3o e Desenvolvimento Humano do ISEC Lisboa\/\u00a0<\/font><\/font><font face=\"Arial\"><span style=\"font-size: 11px;\">President of the Technical Scientific Commission of the School of Education and Human Development of ISEC Lisbon<\/span><\/font><\/font><\/div>\n<div dir=\"auto\"><font color=\"#3d85c6\"><font style=\"font-family: Arial, Helvetica, sans-serif; font-size: small;\"><font face=\"Arial\"><font style=\"font-size: 11px;\">Coordenador da P\u00f3s-Gradua\u00e7\u00e3o em Administra\u00e7\u00e3o e Gest\u00e3o em Educa\u00e7\u00e3o\/\u00a0<\/font><\/font><\/font><font face=\"Arial\"><span style=\"font-size: 11px;\">Coordinator of the Post-Graduation in Administration and Management in Education<\/span><\/font><\/font><\/div>\n<div style=\"font-family: Arial, Helvetica, sans-serif; font-size: small;\"><font face=\"Arial\"><font style=\"font-size: 11px;\" color=\"#3d85c6\">Professor Coordenador\/ Full Professor<\/font><\/font><\/div>\n<div dir=\"auto\" style=\"font-family: Arial, Helvetica, sans-serif; font-size: small;\"><font color=\"#3d85c6\"><font style=\"font-size: 11px;\"><font face=\"arial, helvetica, sans-serif\">Investigador no<\/font><\/font><span style=\"font-family: Arial; font-size: 11px;\">\u00a0CEIA\/ Researcher at CEIA<\/span><\/font><\/div>\n<div dir=\"auto\" style=\"font-family: Arial, Helvetica, sans-serif; font-size: small;\"><font color=\"#3d85c6\"><span style=\"font-family: Arial; font-size: 11px;\"><br \/><\/span><\/font><\/div>\n<\/div>\n<\/div>\n<\/div>\n<p><font color=\"#3d85c6\"><span style=\"font-family: Calibri; font-size: 14px;\"><\/span><\/font><\/p>\n<p style=\"font-family: Calibri; font-size: 14px; color: rgb(0, 0, 0);\"><img loading=\"lazy\" decoding=\"async\" src=\"https:\/\/ci6.googleusercontent.com\/proxy\/ymM389EwDzgDZGOl4hEbfoQw9x3Jw5OgGUnu48qe57rNZsq6J4hk-pIotepetKFP0b_uFwqCDF9CrShWTO2x9Z0PPdt-q4HcNQraKK31K9IxVw2y1IpQr02BJKV0c1uVGzZgW8_WkRTK-0eej60LEwkJatNiq-fpcSdU7oayxsmb4fMKdzyjawCCbqa2rL4PK7o8NpeFOpTO_x6oOQ=s0-d-e1-ft#https:\/\/docs.google.com\/uc?export=download&amp;id=1TWAba66muKCRHvllX0zQKWmShE8DYhUG&amp;revid=0BxC4zTd0jMTMdC9HSU9mem9McWc5ZDlsNW5ZM0FibWR4WUxjPQ\" width=\"420\" height=\"56\" \/><font size=\"1\"><font color=\"#999999\"><br \/><\/font><\/font><\/p>\n<p style=\"font-family: Calibri; font-size: 14px; color: rgb(0, 0, 0);\"><font size=\"1\"><font color=\"#999999\">Alameda das Linhas de Torres, 179\u00a0 | 1750-142 Lisboa<\/font><br \/><b><span style=\"color: rgb(46, 116, 181);\">T.<\/span><\/b>\u00a0<font color=\"#999999\"><a value=\"+351217541310\" target=\"_blank\" rel=\"nofollow noopener\">+351\u00a0217\u00a0541\u00a0310<\/a>\u00a0|\u00a0<\/font><span style=\"color: rgb(0, 133, 202);\"><a href=\"http:\/\/www.iseclisboa.pt\/\" style=\"color: rgb(17, 85, 204);\" target=\"_blank\" rel=\"nofollow noopener\">www.<span><\/span>iseclisboa.pt<\/a><\/span><span style=\"color: rgb(0, 133, 202);\">\u00a0<\/span><\/font><\/p>\n<div style=\"font-family: Calibri; font-size: 14px; color: rgb(0, 0, 0);\"><span style=\"font-family: Calibri, sans-serif; font-size: 11pt;\"><span style=\"font-size: 8pt; font-family: Tahoma, sans-serif; color: rgb(127, 127, 127);\">Esta mensagem eletr\u00f3nica, incluindo qualquer dos seus anexos, cont\u00eam informa\u00e7\u00e3o PRIVADA, CONFIDENCIAL E DE DIVULGA\u00c7\u00c3O PROIBIDA, e destina-se unicamente \u00e0(s) pessoa(s) e endere\u00e7o(s) eletr\u00f3nico(s) acima indicado(s). Caso n\u00e3o seja o(a) destinat\u00e1rio(a) desta mensagem, agradece-se que a elimine e nos comunique o lapso detetado o mais breve poss\u00edvel para o endere\u00e7o eletr\u00f3nico\u00a0<\/span><\/span><u><span style=\"font-size: 11px;\"><a href=\"mailto:rui.fonseca@iseclisboa.pt\" style=\"color: rgb(17, 85, 204);\" target=\"_blank\" rel=\"nofollow noopener\"><font face=\"Tahoma\" color=\"#0096ff\"><b>rui.fonseca@<span><\/span>iseclisboa.pt<\/b><\/font><\/a><\/span><\/u><span style=\"font-family: Calibri, sans-serif; font-size: 11pt;\"><span style=\"font-size: 8pt; font-family: Tahoma, sans-serif; color: rgb(127, 127, 127);\">.<\/span><\/span><\/div>\n<div style=\"font-family: Calibri; font-size: 14px; color: rgb(0, 0, 0); margin: 0cm 0cm 0.0001pt;\">\n<p style=\"margin: 0cm 0cm 12pt; font-family: Calibri, sans-serif; font-size: 11pt;\"><b><i><span lang=\"EN-US\" style=\"font-size: 8pt; font-family: Tahoma, sans-serif; color: rgb(127, 127, 127);\">This electronic mail transmission, including any attachments contains Private, Confidential and Protected by Disclosure, and it is only for the use of the person addressed above. If you have received this electronic mail transmission in error, please destroy it and notify us immediately through the mail address\u00a0 \u00a0<\/span><\/i><\/b><u><span style=\"font-size: 11px;\"><a href=\"mailto:rui.fonseca@iseclisboa.pt\" style=\"color: rgb(17, 85, 204);\" target=\"_blank\" rel=\"nofollow noopener\"><font face=\"Tahoma\" color=\"#0096ff\"><b><a href=\"mailto:rui.fonseca@iseclisboa.pt\" >rui.fonseca@iseclisboa.pt<\/a><\/b><\/font><\/a><\/span><\/u><span style=\"font-size: 11pt;\"><span style=\"font-size: 8pt; font-family: Tahoma, sans-serif; color: rgb(127, 127, 127);\">.<\/span><\/span><\/p>\n<\/div>\n<\/div>\n<\/div>\n<\/div>\n<\/div>\n<\/div>\n<\/div>\n<\/div>\n<\/div>\n<\/div>\n","protected":false},"excerpt":{"rendered":"<p>&#8212;&#8212;&#8212;- Mensagem encaminhada &#8212;&#8212;&#8212;De: Rui Fonseca &lt;rui.fonseca@iseclisboa.pt&#038;gt;Data: quarta-feira, 24 de maio de 2023 \u00e0(s) 10:30:58 UTC+1Assunto: Forma\u00e7\u00e3o P\u00f3s-graduada para docentesPara:&hellip; <a class=\"continue\" href=\"https:\/\/aesia.pt\/portal\/fwd-formacao-pos-graduada-para-docentes\/\">Ler mais<span> Forma\u00e7\u00e3o P\u00f3s-graduada para docentes<\/span><\/a><\/p>\n","protected":false},"author":8,"featured_media":7360,"comment_status":"closed","ping_status":"closed","sticky":false,"template":"","format":"standard","meta":{"_acf_changed":false,"footnotes":""},"categories":[56],"tags":[],"class_list":["post-7359","post","type-post","status-publish","format-standard","has-post-thumbnail","hentry","category-formacao"],"acf":[],"yoast_head":"<!-- This site is optimized with the Yoast SEO plugin v27.4 - https:\/\/yoast.com\/product\/yoast-seo-wordpress\/ -->\n<title>Fwd: Forma\u00e7\u00e3o P\u00f3s-graduada para docentes &#8211; AESIA<\/title>\n<meta name=\"robots\" content=\"index, follow, max-snippet:-1, max-image-preview:large, max-video-preview:-1\" \/>\n<link rel=\"canonical\" href=\"https:\/\/aesia.pt\/portal\/fwd-formacao-pos-graduada-para-docentes\/\" \/>\n<meta property=\"og:locale\" content=\"pt_PT\" \/>\n<meta property=\"og:type\" content=\"article\" \/>\n<meta property=\"og:title\" content=\"Fwd: Forma\u00e7\u00e3o P\u00f3s-graduada para docentes &#8211; AESIA\" \/>\n<meta property=\"og:description\" content=\"&#8212;&#8212;&#8212;- Mensagem encaminhada &#8212;&#8212;&#8212;De: Rui Fonseca &lt;rui.fonseca@iseclisboa.pt&#038;gt;Data: quarta-feira, 24 de maio de 2023 \u00e0(s) 10:30:58 UTC+1Assunto: Forma\u00e7\u00e3o P\u00f3s-graduada para docentesPara:&hellip; Ler mais Forma\u00e7\u00e3o P\u00f3s-graduada para docentes\" \/>\n<meta property=\"og:url\" content=\"https:\/\/aesia.pt\/portal\/fwd-formacao-pos-graduada-para-docentes\/\" \/>\n<meta property=\"og:site_name\" content=\"AESIA\" \/>\n<meta property=\"article:publisher\" content=\"https:\/\/www.facebook.com\/aesia.pt\/\" \/>\n<meta property=\"article:published_time\" content=\"2023-05-24T12:26:00+00:00\" \/>\n<meta property=\"og:image\" content=\"https:\/\/aesia.pt\/portal\/wp-content\/uploads\/2023\/05\/PosGraduacoes.jpg\" \/>\n\t<meta property=\"og:image:width\" content=\"508\" \/>\n\t<meta property=\"og:image:height\" content=\"350\" \/>\n\t<meta property=\"og:image:type\" content=\"image\/jpeg\" \/>\n<meta name=\"author\" content=\"Ivo Cardoso\" \/>\n<meta name=\"twitter:card\" content=\"summary_large_image\" \/>\n<meta name=\"twitter:label1\" content=\"Escrito por\" \/>\n\t<meta name=\"twitter:data1\" content=\"Ivo Cardoso\" \/>\n\t<meta name=\"twitter:label2\" content=\"Tempo estimado de leitura\" \/>\n\t<meta name=\"twitter:data2\" content=\"3 minutos\" \/>\n<script type=\"application\/ld+json\" class=\"yoast-schema-graph\">{\"@context\":\"https:\\\/\\\/schema.org\",\"@graph\":[{\"@type\":\"Article\",\"@id\":\"https:\\\/\\\/aesia.pt\\\/portal\\\/fwd-formacao-pos-graduada-para-docentes\\\/#article\",\"isPartOf\":{\"@id\":\"https:\\\/\\\/aesia.pt\\\/portal\\\/fwd-formacao-pos-graduada-para-docentes\\\/\"},\"author\":{\"name\":\"Ivo Cardoso\",\"@id\":\"https:\\\/\\\/aesia.pt\\\/portal\\\/#\\\/schema\\\/person\\\/8961c6287f9d82fe320fba91b3e2e991\"},\"headline\":\"Forma\u00e7\u00e3o P\u00f3s-graduada para docentes\",\"datePublished\":\"2023-05-24T12:26:00+00:00\",\"mainEntityOfPage\":{\"@id\":\"https:\\\/\\\/aesia.pt\\\/portal\\\/fwd-formacao-pos-graduada-para-docentes\\\/\"},\"wordCount\":530,\"publisher\":{\"@id\":\"https:\\\/\\\/aesia.pt\\\/portal\\\/#organization\"},\"image\":{\"@id\":\"https:\\\/\\\/aesia.pt\\\/portal\\\/fwd-formacao-pos-graduada-para-docentes\\\/#primaryimage\"},\"thumbnailUrl\":\"https:\\\/\\\/aesia.pt\\\/portal\\\/wp-content\\\/uploads\\\/2023\\\/05\\\/PosGraduacoes.jpg\",\"articleSection\":[\"Forma\u00e7\u00e3o\"],\"inLanguage\":\"pt-PT\"},{\"@type\":\"WebPage\",\"@id\":\"https:\\\/\\\/aesia.pt\\\/portal\\\/fwd-formacao-pos-graduada-para-docentes\\\/\",\"url\":\"https:\\\/\\\/aesia.pt\\\/portal\\\/fwd-formacao-pos-graduada-para-docentes\\\/\",\"name\":\"Fwd: Forma\u00e7\u00e3o P\u00f3s-graduada para docentes &#8211; AESIA\",\"isPartOf\":{\"@id\":\"https:\\\/\\\/aesia.pt\\\/portal\\\/#website\"},\"primaryImageOfPage\":{\"@id\":\"https:\\\/\\\/aesia.pt\\\/portal\\\/fwd-formacao-pos-graduada-para-docentes\\\/#primaryimage\"},\"image\":{\"@id\":\"https:\\\/\\\/aesia.pt\\\/portal\\\/fwd-formacao-pos-graduada-para-docentes\\\/#primaryimage\"},\"thumbnailUrl\":\"https:\\\/\\\/aesia.pt\\\/portal\\\/wp-content\\\/uploads\\\/2023\\\/05\\\/PosGraduacoes.jpg\",\"datePublished\":\"2023-05-24T12:26:00+00:00\",\"breadcrumb\":{\"@id\":\"https:\\\/\\\/aesia.pt\\\/portal\\\/fwd-formacao-pos-graduada-para-docentes\\\/#breadcrumb\"},\"inLanguage\":\"pt-PT\",\"potentialAction\":[{\"@type\":\"ReadAction\",\"target\":[\"https:\\\/\\\/aesia.pt\\\/portal\\\/fwd-formacao-pos-graduada-para-docentes\\\/\"]}]},{\"@type\":\"ImageObject\",\"inLanguage\":\"pt-PT\",\"@id\":\"https:\\\/\\\/aesia.pt\\\/portal\\\/fwd-formacao-pos-graduada-para-docentes\\\/#primaryimage\",\"url\":\"https:\\\/\\\/aesia.pt\\\/portal\\\/wp-content\\\/uploads\\\/2023\\\/05\\\/PosGraduacoes.jpg\",\"contentUrl\":\"https:\\\/\\\/aesia.pt\\\/portal\\\/wp-content\\\/uploads\\\/2023\\\/05\\\/PosGraduacoes.jpg\",\"width\":508,\"height\":350},{\"@type\":\"BreadcrumbList\",\"@id\":\"https:\\\/\\\/aesia.pt\\\/portal\\\/fwd-formacao-pos-graduada-para-docentes\\\/#breadcrumb\",\"itemListElement\":[{\"@type\":\"ListItem\",\"position\":1,\"name\":\"Home\",\"item\":\"https:\\\/\\\/aesia.pt\\\/portal\\\/\"},{\"@type\":\"ListItem\",\"position\":2,\"name\":\"Forma\u00e7\u00e3o P\u00f3s-graduada para docentes\"}]},{\"@type\":\"WebSite\",\"@id\":\"https:\\\/\\\/aesia.pt\\\/portal\\\/#website\",\"url\":\"https:\\\/\\\/aesia.pt\\\/portal\\\/\",\"name\":\"AESIA\",\"description\":\"Agrupamento de Escolas de Santa Iria de Az\u00f3ia\",\"publisher\":{\"@id\":\"https:\\\/\\\/aesia.pt\\\/portal\\\/#organization\"},\"alternateName\":\"Agrupamento de Escolas de Santa Iria de Az\u00f3ia\",\"potentialAction\":[{\"@type\":\"SearchAction\",\"target\":{\"@type\":\"EntryPoint\",\"urlTemplate\":\"https:\\\/\\\/aesia.pt\\\/portal\\\/?s={search_term_string}\"},\"query-input\":{\"@type\":\"PropertyValueSpecification\",\"valueRequired\":true,\"valueName\":\"search_term_string\"}}],\"inLanguage\":\"pt-PT\"},{\"@type\":\"Organization\",\"@id\":\"https:\\\/\\\/aesia.pt\\\/portal\\\/#organization\",\"name\":\"Agrupamento de Escolas de Santa Iria de Az\u00f3ia\",\"alternateName\":\"AESIA\",\"url\":\"https:\\\/\\\/aesia.pt\\\/portal\\\/\",\"logo\":{\"@type\":\"ImageObject\",\"inLanguage\":\"pt-PT\",\"@id\":\"https:\\\/\\\/aesia.pt\\\/portal\\\/#\\\/schema\\\/logo\\\/image\\\/\",\"url\":\"https:\\\/\\\/aesia.pt\\\/portal\\\/wp-content\\\/uploads\\\/2023\\\/04\\\/logo4.png\",\"contentUrl\":\"https:\\\/\\\/aesia.pt\\\/portal\\\/wp-content\\\/uploads\\\/2023\\\/04\\\/logo4.png\",\"width\":162,\"height\":162,\"caption\":\"Agrupamento de Escolas de Santa Iria de Az\u00f3ia\"},\"image\":{\"@id\":\"https:\\\/\\\/aesia.pt\\\/portal\\\/#\\\/schema\\\/logo\\\/image\\\/\"},\"sameAs\":[\"https:\\\/\\\/www.facebook.com\\\/aesia.pt\\\/\"]},{\"@type\":\"Person\",\"@id\":\"https:\\\/\\\/aesia.pt\\\/portal\\\/#\\\/schema\\\/person\\\/8961c6287f9d82fe320fba91b3e2e991\",\"name\":\"Ivo Cardoso\",\"image\":{\"@type\":\"ImageObject\",\"inLanguage\":\"pt-PT\",\"@id\":\"https:\\\/\\\/secure.gravatar.com\\\/avatar\\\/b1503fafbe5678f3cfddd3fb093fcb636cd9a58fe5db5256d219059582e42c16?s=96&d=mm&r=g\",\"url\":\"https:\\\/\\\/secure.gravatar.com\\\/avatar\\\/b1503fafbe5678f3cfddd3fb093fcb636cd9a58fe5db5256d219059582e42c16?s=96&d=mm&r=g\",\"contentUrl\":\"https:\\\/\\\/secure.gravatar.com\\\/avatar\\\/b1503fafbe5678f3cfddd3fb093fcb636cd9a58fe5db5256d219059582e42c16?s=96&d=mm&r=g\",\"caption\":\"Ivo Cardoso\"},\"sameAs\":[\"http:\\\/\\\/aesia.pt\"],\"url\":\"https:\\\/\\\/aesia.pt\\\/portal\\\/author\\\/ivo-cardosoaesia-pt\\\/\"}]}<\/script>\n<!-- \/ Yoast SEO plugin. -->","yoast_head_json":{"title":"Fwd: Forma\u00e7\u00e3o P\u00f3s-graduada para docentes &#8211; AESIA","robots":{"index":"index","follow":"follow","max-snippet":"max-snippet:-1","max-image-preview":"max-image-preview:large","max-video-preview":"max-video-preview:-1"},"canonical":"https:\/\/aesia.pt\/portal\/fwd-formacao-pos-graduada-para-docentes\/","og_locale":"pt_PT","og_type":"article","og_title":"Fwd: Forma\u00e7\u00e3o P\u00f3s-graduada para docentes &#8211; AESIA","og_description":"&#8212;&#8212;&#8212;- Mensagem encaminhada &#8212;&#8212;&#8212;De: Rui Fonseca &lt;rui.fonseca@iseclisboa.pt&#038;gt;Data: quarta-feira, 24 de maio de 2023 \u00e0(s) 10:30:58 UTC+1Assunto: Forma\u00e7\u00e3o P\u00f3s-graduada para docentesPara:&hellip; Ler mais Forma\u00e7\u00e3o P\u00f3s-graduada para docentes","og_url":"https:\/\/aesia.pt\/portal\/fwd-formacao-pos-graduada-para-docentes\/","og_site_name":"AESIA","article_publisher":"https:\/\/www.facebook.com\/aesia.pt\/","article_published_time":"2023-05-24T12:26:00+00:00","og_image":[{"width":508,"height":350,"url":"https:\/\/aesia.pt\/portal\/wp-content\/uploads\/2023\/05\/PosGraduacoes.jpg","type":"image\/jpeg"}],"author":"Ivo Cardoso","twitter_card":"summary_large_image","twitter_misc":{"Escrito por":"Ivo Cardoso","Tempo estimado de leitura":"3 minutos"},"schema":{"@context":"https:\/\/schema.org","@graph":[{"@type":"Article","@id":"https:\/\/aesia.pt\/portal\/fwd-formacao-pos-graduada-para-docentes\/#article","isPartOf":{"@id":"https:\/\/aesia.pt\/portal\/fwd-formacao-pos-graduada-para-docentes\/"},"author":{"name":"Ivo Cardoso","@id":"https:\/\/aesia.pt\/portal\/#\/schema\/person\/8961c6287f9d82fe320fba91b3e2e991"},"headline":"Forma\u00e7\u00e3o P\u00f3s-graduada para docentes","datePublished":"2023-05-24T12:26:00+00:00","mainEntityOfPage":{"@id":"https:\/\/aesia.pt\/portal\/fwd-formacao-pos-graduada-para-docentes\/"},"wordCount":530,"publisher":{"@id":"https:\/\/aesia.pt\/portal\/#organization"},"image":{"@id":"https:\/\/aesia.pt\/portal\/fwd-formacao-pos-graduada-para-docentes\/#primaryimage"},"thumbnailUrl":"https:\/\/aesia.pt\/portal\/wp-content\/uploads\/2023\/05\/PosGraduacoes.jpg","articleSection":["Forma\u00e7\u00e3o"],"inLanguage":"pt-PT"},{"@type":"WebPage","@id":"https:\/\/aesia.pt\/portal\/fwd-formacao-pos-graduada-para-docentes\/","url":"https:\/\/aesia.pt\/portal\/fwd-formacao-pos-graduada-para-docentes\/","name":"Fwd: Forma\u00e7\u00e3o P\u00f3s-graduada para docentes &#8211; AESIA","isPartOf":{"@id":"https:\/\/aesia.pt\/portal\/#website"},"primaryImageOfPage":{"@id":"https:\/\/aesia.pt\/portal\/fwd-formacao-pos-graduada-para-docentes\/#primaryimage"},"image":{"@id":"https:\/\/aesia.pt\/portal\/fwd-formacao-pos-graduada-para-docentes\/#primaryimage"},"thumbnailUrl":"https:\/\/aesia.pt\/portal\/wp-content\/uploads\/2023\/05\/PosGraduacoes.jpg","datePublished":"2023-05-24T12:26:00+00:00","breadcrumb":{"@id":"https:\/\/aesia.pt\/portal\/fwd-formacao-pos-graduada-para-docentes\/#breadcrumb"},"inLanguage":"pt-PT","potentialAction":[{"@type":"ReadAction","target":["https:\/\/aesia.pt\/portal\/fwd-formacao-pos-graduada-para-docentes\/"]}]},{"@type":"ImageObject","inLanguage":"pt-PT","@id":"https:\/\/aesia.pt\/portal\/fwd-formacao-pos-graduada-para-docentes\/#primaryimage","url":"https:\/\/aesia.pt\/portal\/wp-content\/uploads\/2023\/05\/PosGraduacoes.jpg","contentUrl":"https:\/\/aesia.pt\/portal\/wp-content\/uploads\/2023\/05\/PosGraduacoes.jpg","width":508,"height":350},{"@type":"BreadcrumbList","@id":"https:\/\/aesia.pt\/portal\/fwd-formacao-pos-graduada-para-docentes\/#breadcrumb","itemListElement":[{"@type":"ListItem","position":1,"name":"Home","item":"https:\/\/aesia.pt\/portal\/"},{"@type":"ListItem","position":2,"name":"Forma\u00e7\u00e3o P\u00f3s-graduada para docentes"}]},{"@type":"WebSite","@id":"https:\/\/aesia.pt\/portal\/#website","url":"https:\/\/aesia.pt\/portal\/","name":"AESIA","description":"Agrupamento de Escolas de Santa Iria de Az\u00f3ia","publisher":{"@id":"https:\/\/aesia.pt\/portal\/#organization"},"alternateName":"Agrupamento de Escolas de Santa Iria de Az\u00f3ia","potentialAction":[{"@type":"SearchAction","target":{"@type":"EntryPoint","urlTemplate":"https:\/\/aesia.pt\/portal\/?s={search_term_string}"},"query-input":{"@type":"PropertyValueSpecification","valueRequired":true,"valueName":"search_term_string"}}],"inLanguage":"pt-PT"},{"@type":"Organization","@id":"https:\/\/aesia.pt\/portal\/#organization","name":"Agrupamento de Escolas de Santa Iria de Az\u00f3ia","alternateName":"AESIA","url":"https:\/\/aesia.pt\/portal\/","logo":{"@type":"ImageObject","inLanguage":"pt-PT","@id":"https:\/\/aesia.pt\/portal\/#\/schema\/logo\/image\/","url":"https:\/\/aesia.pt\/portal\/wp-content\/uploads\/2023\/04\/logo4.png","contentUrl":"https:\/\/aesia.pt\/portal\/wp-content\/uploads\/2023\/04\/logo4.png","width":162,"height":162,"caption":"Agrupamento de Escolas de Santa Iria de Az\u00f3ia"},"image":{"@id":"https:\/\/aesia.pt\/portal\/#\/schema\/logo\/image\/"},"sameAs":["https:\/\/www.facebook.com\/aesia.pt\/"]},{"@type":"Person","@id":"https:\/\/aesia.pt\/portal\/#\/schema\/person\/8961c6287f9d82fe320fba91b3e2e991","name":"Ivo Cardoso","image":{"@type":"ImageObject","inLanguage":"pt-PT","@id":"https:\/\/secure.gravatar.com\/avatar\/b1503fafbe5678f3cfddd3fb093fcb636cd9a58fe5db5256d219059582e42c16?s=96&d=mm&r=g","url":"https:\/\/secure.gravatar.com\/avatar\/b1503fafbe5678f3cfddd3fb093fcb636cd9a58fe5db5256d219059582e42c16?s=96&d=mm&r=g","contentUrl":"https:\/\/secure.gravatar.com\/avatar\/b1503fafbe5678f3cfddd3fb093fcb636cd9a58fe5db5256d219059582e42c16?s=96&d=mm&r=g","caption":"Ivo Cardoso"},"sameAs":["http:\/\/aesia.pt"],"url":"https:\/\/aesia.pt\/portal\/author\/ivo-cardosoaesia-pt\/"}]}},"_links":{"self":[{"href":"https:\/\/aesia.pt\/portal\/wp-json\/wp\/v2\/posts\/7359","targetHints":{"allow":["GET"]}}],"collection":[{"href":"https:\/\/aesia.pt\/portal\/wp-json\/wp\/v2\/posts"}],"about":[{"href":"https:\/\/aesia.pt\/portal\/wp-json\/wp\/v2\/types\/post"}],"author":[{"embeddable":true,"href":"https:\/\/aesia.pt\/portal\/wp-json\/wp\/v2\/users\/8"}],"replies":[{"embeddable":true,"href":"https:\/\/aesia.pt\/portal\/wp-json\/wp\/v2\/comments?post=7359"}],"version-history":[{"count":0,"href":"https:\/\/aesia.pt\/portal\/wp-json\/wp\/v2\/posts\/7359\/revisions"}],"wp:featuredmedia":[{"embeddable":true,"href":"https:\/\/aesia.pt\/portal\/wp-json\/wp\/v2\/media\/7360"}],"wp:attachment":[{"href":"https:\/\/aesia.pt\/portal\/wp-json\/wp\/v2\/media?parent=7359"}],"wp:term":[{"taxonomy":"category","embeddable":true,"href":"https:\/\/aesia.pt\/portal\/wp-json\/wp\/v2\/categories?post=7359"},{"taxonomy":"post_tag","embeddable":true,"href":"https:\/\/aesia.pt\/portal\/wp-json\/wp\/v2\/tags?post=7359"}],"curies":[{"name":"wp","href":"https:\/\/api.w.org\/{rel}","templated":true}]}}