{"id":7096,"date":"2023-05-08T11:46:50","date_gmt":"2023-05-08T11:46:50","guid":{"rendered":"https:\/\/aesia.pt\/portal\/?p=7096"},"modified":"2023-05-10T16:45:58","modified_gmt":"2023-05-10T16:45:58","slug":"fwd-conferencia-educacao-e-patrimonio-formacao-presencial-gratuita-e-acreditada","status":"publish","type":"post","link":"https:\/\/aesia.pt\/portal\/fwd-conferencia-educacao-e-patrimonio-formacao-presencial-gratuita-e-acreditada\/","title":{"rendered":"Confer\u00eancia Educa\u00e7\u00e3o e Patrim\u00f3nio &#8211; Forma\u00e7\u00e3o presencial gratuita e acreditada"},"content":{"rendered":"<div class=\"postie-post\">\n<div dir=\"ltr\">\n<div class=\"gmail_quote\">\n<div>\n<p><strong>Data:<\/strong>\u00a026 e 27 de maio 2023<br \/>\n<strong>Hor\u00e1rio:<\/strong>\u00a09:30h \u2013 17:00h<br \/>\n<strong>Local:<\/strong>\u00a0Museu Nacional dos Coches<br \/>\n<strong>Gratuito<\/strong>, de inscri\u00e7\u00e3o obrigat\u00f3ria.<br \/>\n<strong>Forma\u00e7\u00e3o acreditada para docentes:\u00a0<\/strong>12 horas<strong><br \/>\nData limite de inscri\u00e7\u00e3o:<\/strong>\u00a022 maio 2023<\/p>\n<p>As inscri\u00e7\u00f5es efetuam-se exclusivamente nesta loja online. As informa\u00e7\u00f5es mais detalhadas sobre o evento encontram-se no site da Confer\u00eancia,\u00a0<a href=\"https:\/\/confeducpatrimonio.artecentral.pt\/\"><strong>aqui<\/strong><\/a>. A Confer\u00eancia Educa\u00e7\u00e3o e Patrim\u00f3nio destina-se sobretudo a docentes de todos os n\u00edveis de ensino, mas tamb\u00e9m podem inscrever-se outras pessoas interessadas. Para se inscrever, clique em \u201cadicionar\u201d, depois em \u201cver carrinho\u201d e a seguir em \u201cfinalizar compra\u201d. Preencha os seus dados, aceite os Termos e Condi\u00e7\u00f5es e clique em \u201cfinalizar encomenda\u201d. Ap\u00f3s este processo receber\u00e1 um email autom\u00e1tico que \u00e9 a confirma\u00e7\u00e3o da sua inscri\u00e7\u00e3o. Todos os participantes ter\u00e3o um certificado passado pela organiza\u00e7\u00e3o, mas para obter o certificado de forma\u00e7\u00e3o acreditada enviaremos instru\u00e7\u00f5es posteriormente via email. A Arte Central \u00e9 a respons\u00e1vel pela produ\u00e7\u00e3o da Confer\u00eancia Educa\u00e7\u00e3o e Patrim\u00f3nio. A organiza\u00e7\u00e3o est\u00e1 a cargo da Dire\u00e7\u00e3o-Geral do Patrim\u00f3nio Cultural e do Museu Nacional dos Coches, em parceria com a Bienal do Plano Nacional das Artes.<br \/>\nQualquer quest\u00e3o escreva para info@artecentral.pt<\/p>\n<\/div>\n<blockquote class=\"wp-embedded-content\" data-secret=\"XbnnwpAHqf\"><p><a href=\"https:\/\/loja.artecentral.pt\/produto\/conferencia-educacao-e-patrimonio\/\">Confer\u00eancia Educa\u00e7\u00e3o e Patrim\u00f3nio<\/a><\/p><\/blockquote>\n<p><iframe loading=\"lazy\" class=\"wp-embedded-content\" sandbox=\"allow-scripts\" security=\"restricted\" style=\"position: absolute; clip: rect(1px, 1px, 1px, 1px);\" title=\"&#8220;Confer\u00eancia Educa\u00e7\u00e3o e Patrim\u00f3nio&#8221; &#8212; Arte Central\" src=\"https:\/\/loja.artecentral.pt\/produto\/conferencia-educacao-e-patrimonio\/embed\/#?secret=R4U1OJ1pRY#?secret=XbnnwpAHqf\" data-secret=\"XbnnwpAHqf\" width=\"500\" height=\"282\" frameborder=\"0\" marginwidth=\"0\" marginheight=\"0\" scrolling=\"no\"><\/iframe><\/p>\n<div class=\"gmail_attr\" dir=\"ltr\">\n<div><\/div>\n<div class=\"postie-attachments\"><a href=\"https:\/\/aesia.pt\/portal\/?attachment_id=7097\"><img decoding=\"async\" class=\"alignnone size-medium wp-image-7097\" src=\"https:\/\/aesia.pt\/portal\/wp-content\/uploads\/2023\/05\/8dd3003a.png\" alt=\"\" width=\"250px\" height=\"189px\" \/><\/a><br \/>\n<a href=\"https:\/\/aesia.pt\/portal\/?attachment_id=7098\"><img decoding=\"async\" class=\"alignnone size-medium wp-image-7098\" src=\"https:\/\/aesia.pt\/portal\/wp-content\/uploads\/2023\/05\/bd83b41a.gif\" alt=\"\" width=\"80px\" height=\"25px\" \/><\/a><br \/>\n<a href=\"https:\/\/aesia.pt\/portal\/?attachment_id=7099\"><img decoding=\"async\" class=\"alignnone size-medium wp-image-7099\" src=\"https:\/\/aesia.pt\/portal\/wp-content\/uploads\/2023\/05\/da39002b.gif\" alt=\"\" width=\"110px\" height=\"49px\" \/><\/a><\/div>\n<\/div>\n<\/div>\n<\/div>\n<\/div>\n","protected":false},"excerpt":{"rendered":"<p>Data:\u00a026 e 27 de maio 2023 Hor\u00e1rio:\u00a09:30h \u2013 17:00h Local:\u00a0Museu Nacional dos Coches Gratuito, de inscri\u00e7\u00e3o obrigat\u00f3ria. Forma\u00e7\u00e3o acreditada para&hellip; <a class=\"continue\" href=\"https:\/\/aesia.pt\/portal\/fwd-conferencia-educacao-e-patrimonio-formacao-presencial-gratuita-e-acreditada\/\">Ler mais<span> Confer\u00eancia Educa\u00e7\u00e3o e Patrim\u00f3nio &#8211; Forma\u00e7\u00e3o presencial gratuita e acreditada<\/span><\/a><\/p>\n","protected":false},"author":8,"featured_media":7097,"comment_status":"closed","ping_status":"closed","sticky":false,"template":"","format":"standard","meta":{"_acf_changed":false,"footnotes":""},"categories":[56],"tags":[],"class_list":["post-7096","post","type-post","status-publish","format-standard","has-post-thumbnail","hentry","category-formacao"],"acf":[],"yoast_head":"<!-- This site is optimized with the Yoast SEO plugin v27.4 - https:\/\/yoast.com\/product\/yoast-seo-wordpress\/ -->\n<title>Confer\u00eancia Educa\u00e7\u00e3o e Patrim\u00f3nio &#8211; Forma\u00e7\u00e3o presencial gratuita e acreditada &#8211; AESIA<\/title>\n<meta name=\"robots\" content=\"index, follow, max-snippet:-1, max-image-preview:large, max-video-preview:-1\" \/>\n<link rel=\"canonical\" href=\"https:\/\/aesia.pt\/portal\/fwd-conferencia-educacao-e-patrimonio-formacao-presencial-gratuita-e-acreditada\/\" \/>\n<meta property=\"og:locale\" content=\"pt_PT\" \/>\n<meta property=\"og:type\" content=\"article\" \/>\n<meta property=\"og:title\" content=\"Confer\u00eancia Educa\u00e7\u00e3o e Patrim\u00f3nio &#8211; Forma\u00e7\u00e3o presencial gratuita e acreditada &#8211; AESIA\" \/>\n<meta property=\"og:description\" content=\"Data:\u00a026 e 27 de maio 2023 Hor\u00e1rio:\u00a09:30h \u2013 17:00h Local:\u00a0Museu Nacional dos Coches Gratuito, de inscri\u00e7\u00e3o obrigat\u00f3ria. Forma\u00e7\u00e3o acreditada para&hellip; Ler mais Confer\u00eancia Educa\u00e7\u00e3o e Patrim\u00f3nio &#8211; Forma\u00e7\u00e3o presencial gratuita e acreditada\" \/>\n<meta property=\"og:url\" content=\"https:\/\/aesia.pt\/portal\/fwd-conferencia-educacao-e-patrimonio-formacao-presencial-gratuita-e-acreditada\/\" \/>\n<meta property=\"og:site_name\" content=\"AESIA\" \/>\n<meta property=\"article:publisher\" content=\"https:\/\/www.facebook.com\/aesia.pt\/\" \/>\n<meta property=\"article:published_time\" content=\"2023-05-08T11:46:50+00:00\" \/>\n<meta property=\"article:modified_time\" content=\"2023-05-10T16:45:58+00:00\" \/>\n<meta property=\"og:image\" content=\"https:\/\/aesia.pt\/portal\/wp-content\/uploads\/2023\/05\/8dd3003a.png\" \/>\n\t<meta property=\"og:image:width\" content=\"250\" \/>\n\t<meta property=\"og:image:height\" content=\"189\" \/>\n\t<meta property=\"og:image:type\" content=\"image\/png\" \/>\n<meta name=\"author\" content=\"Ivo Cardoso\" \/>\n<meta name=\"twitter:card\" content=\"summary_large_image\" \/>\n<meta name=\"twitter:label1\" content=\"Escrito por\" \/>\n\t<meta name=\"twitter:data1\" content=\"Ivo Cardoso\" \/>\n\t<meta name=\"twitter:label2\" content=\"Tempo estimado de leitura\" \/>\n\t<meta name=\"twitter:data2\" content=\"1 minuto\" \/>\n<script type=\"application\/ld+json\" class=\"yoast-schema-graph\">{\"@context\":\"https:\\\/\\\/schema.org\",\"@graph\":[{\"@type\":\"Article\",\"@id\":\"https:\\\/\\\/aesia.pt\\\/portal\\\/fwd-conferencia-educacao-e-patrimonio-formacao-presencial-gratuita-e-acreditada\\\/#article\",\"isPartOf\":{\"@id\":\"https:\\\/\\\/aesia.pt\\\/portal\\\/fwd-conferencia-educacao-e-patrimonio-formacao-presencial-gratuita-e-acreditada\\\/\"},\"author\":{\"name\":\"Ivo Cardoso\",\"@id\":\"https:\\\/\\\/aesia.pt\\\/portal\\\/#\\\/schema\\\/person\\\/8961c6287f9d82fe320fba91b3e2e991\"},\"headline\":\"Confer\u00eancia Educa\u00e7\u00e3o e Patrim\u00f3nio &#8211; Forma\u00e7\u00e3o presencial gratuita e acreditada\",\"datePublished\":\"2023-05-08T11:46:50+00:00\",\"dateModified\":\"2023-05-10T16:45:58+00:00\",\"mainEntityOfPage\":{\"@id\":\"https:\\\/\\\/aesia.pt\\\/portal\\\/fwd-conferencia-educacao-e-patrimonio-formacao-presencial-gratuita-e-acreditada\\\/\"},\"wordCount\":228,\"publisher\":{\"@id\":\"https:\\\/\\\/aesia.pt\\\/portal\\\/#organization\"},\"image\":{\"@id\":\"https:\\\/\\\/aesia.pt\\\/portal\\\/fwd-conferencia-educacao-e-patrimonio-formacao-presencial-gratuita-e-acreditada\\\/#primaryimage\"},\"thumbnailUrl\":\"https:\\\/\\\/aesia.pt\\\/portal\\\/wp-content\\\/uploads\\\/2023\\\/05\\\/8dd3003a.png\",\"articleSection\":[\"Forma\u00e7\u00e3o\"],\"inLanguage\":\"pt-PT\"},{\"@type\":\"WebPage\",\"@id\":\"https:\\\/\\\/aesia.pt\\\/portal\\\/fwd-conferencia-educacao-e-patrimonio-formacao-presencial-gratuita-e-acreditada\\\/\",\"url\":\"https:\\\/\\\/aesia.pt\\\/portal\\\/fwd-conferencia-educacao-e-patrimonio-formacao-presencial-gratuita-e-acreditada\\\/\",\"name\":\"Confer\u00eancia Educa\u00e7\u00e3o e Patrim\u00f3nio &#8211; Forma\u00e7\u00e3o presencial gratuita e acreditada &#8211; AESIA\",\"isPartOf\":{\"@id\":\"https:\\\/\\\/aesia.pt\\\/portal\\\/#website\"},\"primaryImageOfPage\":{\"@id\":\"https:\\\/\\\/aesia.pt\\\/portal\\\/fwd-conferencia-educacao-e-patrimonio-formacao-presencial-gratuita-e-acreditada\\\/#primaryimage\"},\"image\":{\"@id\":\"https:\\\/\\\/aesia.pt\\\/portal\\\/fwd-conferencia-educacao-e-patrimonio-formacao-presencial-gratuita-e-acreditada\\\/#primaryimage\"},\"thumbnailUrl\":\"https:\\\/\\\/aesia.pt\\\/portal\\\/wp-content\\\/uploads\\\/2023\\\/05\\\/8dd3003a.png\",\"datePublished\":\"2023-05-08T11:46:50+00:00\",\"dateModified\":\"2023-05-10T16:45:58+00:00\",\"breadcrumb\":{\"@id\":\"https:\\\/\\\/aesia.pt\\\/portal\\\/fwd-conferencia-educacao-e-patrimonio-formacao-presencial-gratuita-e-acreditada\\\/#breadcrumb\"},\"inLanguage\":\"pt-PT\",\"potentialAction\":[{\"@type\":\"ReadAction\",\"target\":[\"https:\\\/\\\/aesia.pt\\\/portal\\\/fwd-conferencia-educacao-e-patrimonio-formacao-presencial-gratuita-e-acreditada\\\/\"]}]},{\"@type\":\"ImageObject\",\"inLanguage\":\"pt-PT\",\"@id\":\"https:\\\/\\\/aesia.pt\\\/portal\\\/fwd-conferencia-educacao-e-patrimonio-formacao-presencial-gratuita-e-acreditada\\\/#primaryimage\",\"url\":\"https:\\\/\\\/aesia.pt\\\/portal\\\/wp-content\\\/uploads\\\/2023\\\/05\\\/8dd3003a.png\",\"contentUrl\":\"https:\\\/\\\/aesia.pt\\\/portal\\\/wp-content\\\/uploads\\\/2023\\\/05\\\/8dd3003a.png\",\"width\":250,\"height\":189},{\"@type\":\"BreadcrumbList\",\"@id\":\"https:\\\/\\\/aesia.pt\\\/portal\\\/fwd-conferencia-educacao-e-patrimonio-formacao-presencial-gratuita-e-acreditada\\\/#breadcrumb\",\"itemListElement\":[{\"@type\":\"ListItem\",\"position\":1,\"name\":\"Home\",\"item\":\"https:\\\/\\\/aesia.pt\\\/portal\\\/\"},{\"@type\":\"ListItem\",\"position\":2,\"name\":\"Confer\u00eancia Educa\u00e7\u00e3o e Patrim\u00f3nio &#8211; Forma\u00e7\u00e3o presencial gratuita e acreditada\"}]},{\"@type\":\"WebSite\",\"@id\":\"https:\\\/\\\/aesia.pt\\\/portal\\\/#website\",\"url\":\"https:\\\/\\\/aesia.pt\\\/portal\\\/\",\"name\":\"AESIA\",\"description\":\"Agrupamento de Escolas de Santa Iria de Az\u00f3ia\",\"publisher\":{\"@id\":\"https:\\\/\\\/aesia.pt\\\/portal\\\/#organization\"},\"alternateName\":\"Agrupamento de Escolas de Santa Iria de Az\u00f3ia\",\"potentialAction\":[{\"@type\":\"SearchAction\",\"target\":{\"@type\":\"EntryPoint\",\"urlTemplate\":\"https:\\\/\\\/aesia.pt\\\/portal\\\/?s={search_term_string}\"},\"query-input\":{\"@type\":\"PropertyValueSpecification\",\"valueRequired\":true,\"valueName\":\"search_term_string\"}}],\"inLanguage\":\"pt-PT\"},{\"@type\":\"Organization\",\"@id\":\"https:\\\/\\\/aesia.pt\\\/portal\\\/#organization\",\"name\":\"Agrupamento de Escolas de Santa Iria de Az\u00f3ia\",\"alternateName\":\"AESIA\",\"url\":\"https:\\\/\\\/aesia.pt\\\/portal\\\/\",\"logo\":{\"@type\":\"ImageObject\",\"inLanguage\":\"pt-PT\",\"@id\":\"https:\\\/\\\/aesia.pt\\\/portal\\\/#\\\/schema\\\/logo\\\/image\\\/\",\"url\":\"https:\\\/\\\/aesia.pt\\\/portal\\\/wp-content\\\/uploads\\\/2023\\\/04\\\/logo4.png\",\"contentUrl\":\"https:\\\/\\\/aesia.pt\\\/portal\\\/wp-content\\\/uploads\\\/2023\\\/04\\\/logo4.png\",\"width\":162,\"height\":162,\"caption\":\"Agrupamento de Escolas de Santa Iria de Az\u00f3ia\"},\"image\":{\"@id\":\"https:\\\/\\\/aesia.pt\\\/portal\\\/#\\\/schema\\\/logo\\\/image\\\/\"},\"sameAs\":[\"https:\\\/\\\/www.facebook.com\\\/aesia.pt\\\/\"]},{\"@type\":\"Person\",\"@id\":\"https:\\\/\\\/aesia.pt\\\/portal\\\/#\\\/schema\\\/person\\\/8961c6287f9d82fe320fba91b3e2e991\",\"name\":\"Ivo Cardoso\",\"image\":{\"@type\":\"ImageObject\",\"inLanguage\":\"pt-PT\",\"@id\":\"https:\\\/\\\/secure.gravatar.com\\\/avatar\\\/b1503fafbe5678f3cfddd3fb093fcb636cd9a58fe5db5256d219059582e42c16?s=96&d=mm&r=g\",\"url\":\"https:\\\/\\\/secure.gravatar.com\\\/avatar\\\/b1503fafbe5678f3cfddd3fb093fcb636cd9a58fe5db5256d219059582e42c16?s=96&d=mm&r=g\",\"contentUrl\":\"https:\\\/\\\/secure.gravatar.com\\\/avatar\\\/b1503fafbe5678f3cfddd3fb093fcb636cd9a58fe5db5256d219059582e42c16?s=96&d=mm&r=g\",\"caption\":\"Ivo Cardoso\"},\"sameAs\":[\"http:\\\/\\\/aesia.pt\"],\"url\":\"https:\\\/\\\/aesia.pt\\\/portal\\\/author\\\/ivo-cardosoaesia-pt\\\/\"}]}<\/script>\n<!-- \/ Yoast SEO plugin. -->","yoast_head_json":{"title":"Confer\u00eancia Educa\u00e7\u00e3o e Patrim\u00f3nio &#8211; Forma\u00e7\u00e3o presencial gratuita e acreditada &#8211; AESIA","robots":{"index":"index","follow":"follow","max-snippet":"max-snippet:-1","max-image-preview":"max-image-preview:large","max-video-preview":"max-video-preview:-1"},"canonical":"https:\/\/aesia.pt\/portal\/fwd-conferencia-educacao-e-patrimonio-formacao-presencial-gratuita-e-acreditada\/","og_locale":"pt_PT","og_type":"article","og_title":"Confer\u00eancia Educa\u00e7\u00e3o e Patrim\u00f3nio &#8211; Forma\u00e7\u00e3o presencial gratuita e acreditada &#8211; AESIA","og_description":"Data:\u00a026 e 27 de maio 2023 Hor\u00e1rio:\u00a09:30h \u2013 17:00h Local:\u00a0Museu Nacional dos Coches Gratuito, de inscri\u00e7\u00e3o obrigat\u00f3ria. Forma\u00e7\u00e3o acreditada para&hellip; Ler mais Confer\u00eancia Educa\u00e7\u00e3o e Patrim\u00f3nio &#8211; Forma\u00e7\u00e3o presencial gratuita e acreditada","og_url":"https:\/\/aesia.pt\/portal\/fwd-conferencia-educacao-e-patrimonio-formacao-presencial-gratuita-e-acreditada\/","og_site_name":"AESIA","article_publisher":"https:\/\/www.facebook.com\/aesia.pt\/","article_published_time":"2023-05-08T11:46:50+00:00","article_modified_time":"2023-05-10T16:45:58+00:00","og_image":[{"width":250,"height":189,"url":"https:\/\/aesia.pt\/portal\/wp-content\/uploads\/2023\/05\/8dd3003a.png","type":"image\/png"}],"author":"Ivo Cardoso","twitter_card":"summary_large_image","twitter_misc":{"Escrito por":"Ivo Cardoso","Tempo estimado de leitura":"1 minuto"},"schema":{"@context":"https:\/\/schema.org","@graph":[{"@type":"Article","@id":"https:\/\/aesia.pt\/portal\/fwd-conferencia-educacao-e-patrimonio-formacao-presencial-gratuita-e-acreditada\/#article","isPartOf":{"@id":"https:\/\/aesia.pt\/portal\/fwd-conferencia-educacao-e-patrimonio-formacao-presencial-gratuita-e-acreditada\/"},"author":{"name":"Ivo Cardoso","@id":"https:\/\/aesia.pt\/portal\/#\/schema\/person\/8961c6287f9d82fe320fba91b3e2e991"},"headline":"Confer\u00eancia Educa\u00e7\u00e3o e Patrim\u00f3nio &#8211; Forma\u00e7\u00e3o presencial gratuita e acreditada","datePublished":"2023-05-08T11:46:50+00:00","dateModified":"2023-05-10T16:45:58+00:00","mainEntityOfPage":{"@id":"https:\/\/aesia.pt\/portal\/fwd-conferencia-educacao-e-patrimonio-formacao-presencial-gratuita-e-acreditada\/"},"wordCount":228,"publisher":{"@id":"https:\/\/aesia.pt\/portal\/#organization"},"image":{"@id":"https:\/\/aesia.pt\/portal\/fwd-conferencia-educacao-e-patrimonio-formacao-presencial-gratuita-e-acreditada\/#primaryimage"},"thumbnailUrl":"https:\/\/aesia.pt\/portal\/wp-content\/uploads\/2023\/05\/8dd3003a.png","articleSection":["Forma\u00e7\u00e3o"],"inLanguage":"pt-PT"},{"@type":"WebPage","@id":"https:\/\/aesia.pt\/portal\/fwd-conferencia-educacao-e-patrimonio-formacao-presencial-gratuita-e-acreditada\/","url":"https:\/\/aesia.pt\/portal\/fwd-conferencia-educacao-e-patrimonio-formacao-presencial-gratuita-e-acreditada\/","name":"Confer\u00eancia Educa\u00e7\u00e3o e Patrim\u00f3nio &#8211; Forma\u00e7\u00e3o presencial gratuita e acreditada &#8211; AESIA","isPartOf":{"@id":"https:\/\/aesia.pt\/portal\/#website"},"primaryImageOfPage":{"@id":"https:\/\/aesia.pt\/portal\/fwd-conferencia-educacao-e-patrimonio-formacao-presencial-gratuita-e-acreditada\/#primaryimage"},"image":{"@id":"https:\/\/aesia.pt\/portal\/fwd-conferencia-educacao-e-patrimonio-formacao-presencial-gratuita-e-acreditada\/#primaryimage"},"thumbnailUrl":"https:\/\/aesia.pt\/portal\/wp-content\/uploads\/2023\/05\/8dd3003a.png","datePublished":"2023-05-08T11:46:50+00:00","dateModified":"2023-05-10T16:45:58+00:00","breadcrumb":{"@id":"https:\/\/aesia.pt\/portal\/fwd-conferencia-educacao-e-patrimonio-formacao-presencial-gratuita-e-acreditada\/#breadcrumb"},"inLanguage":"pt-PT","potentialAction":[{"@type":"ReadAction","target":["https:\/\/aesia.pt\/portal\/fwd-conferencia-educacao-e-patrimonio-formacao-presencial-gratuita-e-acreditada\/"]}]},{"@type":"ImageObject","inLanguage":"pt-PT","@id":"https:\/\/aesia.pt\/portal\/fwd-conferencia-educacao-e-patrimonio-formacao-presencial-gratuita-e-acreditada\/#primaryimage","url":"https:\/\/aesia.pt\/portal\/wp-content\/uploads\/2023\/05\/8dd3003a.png","contentUrl":"https:\/\/aesia.pt\/portal\/wp-content\/uploads\/2023\/05\/8dd3003a.png","width":250,"height":189},{"@type":"BreadcrumbList","@id":"https:\/\/aesia.pt\/portal\/fwd-conferencia-educacao-e-patrimonio-formacao-presencial-gratuita-e-acreditada\/#breadcrumb","itemListElement":[{"@type":"ListItem","position":1,"name":"Home","item":"https:\/\/aesia.pt\/portal\/"},{"@type":"ListItem","position":2,"name":"Confer\u00eancia Educa\u00e7\u00e3o e Patrim\u00f3nio &#8211; Forma\u00e7\u00e3o presencial gratuita e acreditada"}]},{"@type":"WebSite","@id":"https:\/\/aesia.pt\/portal\/#website","url":"https:\/\/aesia.pt\/portal\/","name":"AESIA","description":"Agrupamento de Escolas de Santa Iria de Az\u00f3ia","publisher":{"@id":"https:\/\/aesia.pt\/portal\/#organization"},"alternateName":"Agrupamento de Escolas de Santa Iria de Az\u00f3ia","potentialAction":[{"@type":"SearchAction","target":{"@type":"EntryPoint","urlTemplate":"https:\/\/aesia.pt\/portal\/?s={search_term_string}"},"query-input":{"@type":"PropertyValueSpecification","valueRequired":true,"valueName":"search_term_string"}}],"inLanguage":"pt-PT"},{"@type":"Organization","@id":"https:\/\/aesia.pt\/portal\/#organization","name":"Agrupamento de Escolas de Santa Iria de Az\u00f3ia","alternateName":"AESIA","url":"https:\/\/aesia.pt\/portal\/","logo":{"@type":"ImageObject","inLanguage":"pt-PT","@id":"https:\/\/aesia.pt\/portal\/#\/schema\/logo\/image\/","url":"https:\/\/aesia.pt\/portal\/wp-content\/uploads\/2023\/04\/logo4.png","contentUrl":"https:\/\/aesia.pt\/portal\/wp-content\/uploads\/2023\/04\/logo4.png","width":162,"height":162,"caption":"Agrupamento de Escolas de Santa Iria de Az\u00f3ia"},"image":{"@id":"https:\/\/aesia.pt\/portal\/#\/schema\/logo\/image\/"},"sameAs":["https:\/\/www.facebook.com\/aesia.pt\/"]},{"@type":"Person","@id":"https:\/\/aesia.pt\/portal\/#\/schema\/person\/8961c6287f9d82fe320fba91b3e2e991","name":"Ivo Cardoso","image":{"@type":"ImageObject","inLanguage":"pt-PT","@id":"https:\/\/secure.gravatar.com\/avatar\/b1503fafbe5678f3cfddd3fb093fcb636cd9a58fe5db5256d219059582e42c16?s=96&d=mm&r=g","url":"https:\/\/secure.gravatar.com\/avatar\/b1503fafbe5678f3cfddd3fb093fcb636cd9a58fe5db5256d219059582e42c16?s=96&d=mm&r=g","contentUrl":"https:\/\/secure.gravatar.com\/avatar\/b1503fafbe5678f3cfddd3fb093fcb636cd9a58fe5db5256d219059582e42c16?s=96&d=mm&r=g","caption":"Ivo Cardoso"},"sameAs":["http:\/\/aesia.pt"],"url":"https:\/\/aesia.pt\/portal\/author\/ivo-cardosoaesia-pt\/"}]}},"_links":{"self":[{"href":"https:\/\/aesia.pt\/portal\/wp-json\/wp\/v2\/posts\/7096","targetHints":{"allow":["GET"]}}],"collection":[{"href":"https:\/\/aesia.pt\/portal\/wp-json\/wp\/v2\/posts"}],"about":[{"href":"https:\/\/aesia.pt\/portal\/wp-json\/wp\/v2\/types\/post"}],"author":[{"embeddable":true,"href":"https:\/\/aesia.pt\/portal\/wp-json\/wp\/v2\/users\/8"}],"replies":[{"embeddable":true,"href":"https:\/\/aesia.pt\/portal\/wp-json\/wp\/v2\/comments?post=7096"}],"version-history":[{"count":3,"href":"https:\/\/aesia.pt\/portal\/wp-json\/wp\/v2\/posts\/7096\/revisions"}],"predecessor-version":[{"id":7184,"href":"https:\/\/aesia.pt\/portal\/wp-json\/wp\/v2\/posts\/7096\/revisions\/7184"}],"wp:featuredmedia":[{"embeddable":true,"href":"https:\/\/aesia.pt\/portal\/wp-json\/wp\/v2\/media\/7097"}],"wp:attachment":[{"href":"https:\/\/aesia.pt\/portal\/wp-json\/wp\/v2\/media?parent=7096"}],"wp:term":[{"taxonomy":"category","embeddable":true,"href":"https:\/\/aesia.pt\/portal\/wp-json\/wp\/v2\/categories?post=7096"},{"taxonomy":"post_tag","embeddable":true,"href":"https:\/\/aesia.pt\/portal\/wp-json\/wp\/v2\/tags?post=7096"}],"curies":[{"name":"wp","href":"https:\/\/api.w.org\/{rel}","templated":true}]}}