{"id":7052,"date":"2023-05-03T07:26:28","date_gmt":"2023-05-03T07:26:28","guid":{"rendered":"https:\/\/aesia.pt\/portal\/?p=7052"},"modified":"2023-05-08T14:32:41","modified_gmt":"2023-05-08T14:32:41","slug":"kidicalmass-6-de-maio-10h00","status":"publish","type":"post","link":"https:\/\/aesia.pt\/portal\/kidicalmass-6-de-maio-10h00\/","title":{"rendered":"Kidicalmass &#8211; 6 de Maio &#8211; 10h00"},"content":{"rendered":"\n<p>O&nbsp;Agrupamento de Escolas de Santa Iria, foi convidado a participar na atividade Kidicalmass \u2013 Massa cr\u00edtica de crian\u00e7as, no pr\u00f3ximo dia 6 de maio (s\u00e1bado), pelas 10h00, junto ao port\u00e3o do Pavilh\u00e3o Desportivo da escola sede. A atividade consiste na realiza\u00e7\u00e3o de um percurso de bicicleta desde a nossa escola at\u00e9 ao Ecoparque de S. Jo\u00e3o da Talha, numa \u201cmanifesta\u00e7\u00e3o\u201d de pais e crian\u00e7as pela cria\u00e7\u00e3o de percursos cicl\u00e1veis e mudan\u00e7as de h\u00e1bitos no quotidiano da sociedade (menos carros e estradas mais seguras). Para tal, todos os participantes dever\u00e3o levar um pequeno cartaz (em cart\u00e3o ou outro material recicl\u00e1vel) com uma frase alusiva a esta necessidade. A atividade ser\u00e1 dinamizada com a colabora\u00e7\u00e3o da empresa Ecomood, que ir\u00e1 organizar um ciclo expresso (comboio<\/p>\n\n\n\n<p>de bicicletas) no percurso de ida e volta para o eco parque de S. Jo\u00e3o da Talha. A atividade \u00e9 gratuita e est\u00e1 aberta para todos os que queiram participar (Pais e restantes familiares) Ser\u00e1 aconselh\u00e1vel levar capacete e a bicicleta pr\u00f3pria.&nbsp; Para mais informa\u00e7\u00f5es ver o site&nbsp;<a href=\"http:\/\/www.kidicalmass.pt\/\" target=\"_blank\" rel=\"noreferrer noopener\">http:\/\/www.kidicalmass.pt\/<\/a><\/p>\n\n\n\n<p><em><strong>Nota: <\/strong><\/em>Como n\u00e3o \u00e9 uma atividade organizada pela escola, o seguro escolar n\u00e3o abrange esta iniciativa em caso de acidente.<\/p>\n\n\n\n<h2 class=\"wp-block-heading\">Itiner\u00e1rio &#8211; Ida<\/h2>\n\n\n<div class=\"wp-block-image\">\n<figure class=\"aligncenter size-large\"><a href=\"https:\/\/aesia.pt\/portal\/wp-content\/uploads\/2023\/05\/itinerario-Santa-Iria-ida.jpg\"><img loading=\"lazy\" decoding=\"async\" width=\"1024\" height=\"463\" src=\"https:\/\/aesia.pt\/portal\/wp-content\/uploads\/2023\/05\/itinerario-Santa-Iria-ida-1024x463.jpg\" alt=\"\" class=\"wp-image-7056\" srcset=\"https:\/\/aesia.pt\/portal\/wp-content\/uploads\/2023\/05\/itinerario-Santa-Iria-ida-1024x463.jpg 1024w, https:\/\/aesia.pt\/portal\/wp-content\/uploads\/2023\/05\/itinerario-Santa-Iria-ida-300x136.jpg 300w, https:\/\/aesia.pt\/portal\/wp-content\/uploads\/2023\/05\/itinerario-Santa-Iria-ida-768x347.jpg 768w, https:\/\/aesia.pt\/portal\/wp-content\/uploads\/2023\/05\/itinerario-Santa-Iria-ida.jpg 1140w\" sizes=\"auto, (max-width: 1024px) 100vw, 1024px\" \/><\/a><\/figure>\n<\/div>\n\n\n<h2 class=\"wp-block-heading\">Itiner\u00e1rio &#8211; Regresso<\/h2>\n\n\n<div class=\"wp-block-image\">\n<figure class=\"aligncenter size-large\"><a href=\"https:\/\/aesia.pt\/portal\/wp-content\/uploads\/2023\/05\/itinerario-Santa-Iria-regresso.jpg\"><img loading=\"lazy\" decoding=\"async\" width=\"1024\" height=\"484\" src=\"https:\/\/aesia.pt\/portal\/wp-content\/uploads\/2023\/05\/itinerario-Santa-Iria-regresso-1024x484.jpg\" alt=\"\" class=\"wp-image-7055\" srcset=\"https:\/\/aesia.pt\/portal\/wp-content\/uploads\/2023\/05\/itinerario-Santa-Iria-regresso-1024x484.jpg 1024w, https:\/\/aesia.pt\/portal\/wp-content\/uploads\/2023\/05\/itinerario-Santa-Iria-regresso-300x142.jpg 300w, https:\/\/aesia.pt\/portal\/wp-content\/uploads\/2023\/05\/itinerario-Santa-Iria-regresso-768x363.jpg 768w, https:\/\/aesia.pt\/portal\/wp-content\/uploads\/2023\/05\/itinerario-Santa-Iria-regresso.jpg 1130w\" sizes=\"auto, (max-width: 1024px) 100vw, 1024px\" \/><\/a><\/figure>\n<\/div>\n\n\n<h2 class=\"wp-block-heading\">Cartaz do Evento<\/h2>\n\n\n<div class=\"wp-block-image\">\n<figure class=\"aligncenter size-full\"><a href=\"https:\/\/aesia.pt\/portal\/wp-content\/uploads\/2023\/05\/cartaz.jpg\"><img loading=\"lazy\" decoding=\"async\" width=\"724\" height=\"1024\" src=\"https:\/\/aesia.pt\/portal\/wp-content\/uploads\/2023\/05\/cartaz.jpg\" alt=\"\" class=\"wp-image-7054\" srcset=\"https:\/\/aesia.pt\/portal\/wp-content\/uploads\/2023\/05\/cartaz.jpg 724w, https:\/\/aesia.pt\/portal\/wp-content\/uploads\/2023\/05\/cartaz-212x300.jpg 212w\" sizes=\"auto, (max-width: 724px) 100vw, 724px\" \/><\/a><figcaption class=\"wp-element-caption\">Cartaz do Evento<\/figcaption><\/figure>\n<\/div>","protected":false},"excerpt":{"rendered":"<p>O&nbsp;Agrupamento de Escolas de Santa Iria, foi convidado a participar na atividade Kidicalmass \u2013 Massa cr\u00edtica de crian\u00e7as, no pr\u00f3ximo&hellip; <a class=\"continue\" href=\"https:\/\/aesia.pt\/portal\/kidicalmass-6-de-maio-10h00\/\">Ler mais<span> Kidicalmass &#8211; 6 de Maio &#8211; 10h00<\/span><\/a><\/p>\n","protected":false},"author":8,"featured_media":7064,"comment_status":"closed","ping_status":"closed","sticky":false,"template":"","format":"standard","meta":{"_acf_changed":false,"footnotes":""},"categories":[14],"tags":[],"class_list":["post-7052","post","type-post","status-publish","format-standard","has-post-thumbnail","hentry","category-noticias"],"acf":[],"yoast_head":"<!-- This site is optimized with the Yoast SEO plugin v27.4 - https:\/\/yoast.com\/product\/yoast-seo-wordpress\/ -->\n<title>Kidicalmass - 6 de Maio - 10h00 &#8211; AESIA<\/title>\n<meta name=\"robots\" content=\"index, follow, max-snippet:-1, max-image-preview:large, max-video-preview:-1\" \/>\n<link rel=\"canonical\" href=\"https:\/\/aesia.pt\/portal\/kidicalmass-6-de-maio-10h00\/\" \/>\n<meta property=\"og:locale\" content=\"pt_PT\" \/>\n<meta property=\"og:type\" content=\"article\" \/>\n<meta property=\"og:title\" content=\"Kidicalmass - 6 de Maio - 10h00 &#8211; AESIA\" \/>\n<meta property=\"og:description\" content=\"O&nbsp;Agrupamento de Escolas de Santa Iria, foi convidado a participar na atividade Kidicalmass \u2013 Massa cr\u00edtica de crian\u00e7as, no pr\u00f3ximo&hellip; Ler mais Kidicalmass &#8211; 6 de Maio &#8211; 10h00\" \/>\n<meta property=\"og:url\" content=\"https:\/\/aesia.pt\/portal\/kidicalmass-6-de-maio-10h00\/\" \/>\n<meta property=\"og:site_name\" content=\"AESIA\" \/>\n<meta property=\"article:publisher\" content=\"https:\/\/www.facebook.com\/aesia.pt\/\" \/>\n<meta property=\"article:published_time\" content=\"2023-05-03T07:26:28+00:00\" \/>\n<meta property=\"article:modified_time\" content=\"2023-05-08T14:32:41+00:00\" \/>\n<meta property=\"og:image\" content=\"https:\/\/aesia.pt\/portal\/wp-content\/uploads\/2023\/05\/kidicalmass-v2.jpg\" \/>\n\t<meta property=\"og:image:width\" content=\"409\" \/>\n\t<meta property=\"og:image:height\" content=\"310\" \/>\n\t<meta property=\"og:image:type\" content=\"image\/jpeg\" \/>\n<meta name=\"author\" content=\"Ivo Cardoso\" \/>\n<meta name=\"twitter:card\" content=\"summary_large_image\" \/>\n<meta name=\"twitter:label1\" content=\"Escrito por\" \/>\n\t<meta name=\"twitter:data1\" content=\"Ivo Cardoso\" \/>\n\t<meta name=\"twitter:label2\" content=\"Tempo estimado de leitura\" \/>\n\t<meta name=\"twitter:data2\" content=\"1 minuto\" \/>\n<script type=\"application\/ld+json\" class=\"yoast-schema-graph\">{\"@context\":\"https:\\\/\\\/schema.org\",\"@graph\":[{\"@type\":\"Article\",\"@id\":\"https:\\\/\\\/aesia.pt\\\/portal\\\/kidicalmass-6-de-maio-10h00\\\/#article\",\"isPartOf\":{\"@id\":\"https:\\\/\\\/aesia.pt\\\/portal\\\/kidicalmass-6-de-maio-10h00\\\/\"},\"author\":{\"name\":\"Ivo Cardoso\",\"@id\":\"https:\\\/\\\/aesia.pt\\\/portal\\\/#\\\/schema\\\/person\\\/8961c6287f9d82fe320fba91b3e2e991\"},\"headline\":\"Kidicalmass &#8211; 6 de Maio &#8211; 10h00\",\"datePublished\":\"2023-05-03T07:26:28+00:00\",\"dateModified\":\"2023-05-08T14:32:41+00:00\",\"mainEntityOfPage\":{\"@id\":\"https:\\\/\\\/aesia.pt\\\/portal\\\/kidicalmass-6-de-maio-10h00\\\/\"},\"wordCount\":239,\"publisher\":{\"@id\":\"https:\\\/\\\/aesia.pt\\\/portal\\\/#organization\"},\"image\":{\"@id\":\"https:\\\/\\\/aesia.pt\\\/portal\\\/kidicalmass-6-de-maio-10h00\\\/#primaryimage\"},\"thumbnailUrl\":\"https:\\\/\\\/aesia.pt\\\/portal\\\/wp-content\\\/uploads\\\/2023\\\/05\\\/kidicalmass-v2.jpg\",\"articleSection\":[\"Not\u00edcias\"],\"inLanguage\":\"pt-PT\"},{\"@type\":\"WebPage\",\"@id\":\"https:\\\/\\\/aesia.pt\\\/portal\\\/kidicalmass-6-de-maio-10h00\\\/\",\"url\":\"https:\\\/\\\/aesia.pt\\\/portal\\\/kidicalmass-6-de-maio-10h00\\\/\",\"name\":\"Kidicalmass - 6 de Maio - 10h00 &#8211; AESIA\",\"isPartOf\":{\"@id\":\"https:\\\/\\\/aesia.pt\\\/portal\\\/#website\"},\"primaryImageOfPage\":{\"@id\":\"https:\\\/\\\/aesia.pt\\\/portal\\\/kidicalmass-6-de-maio-10h00\\\/#primaryimage\"},\"image\":{\"@id\":\"https:\\\/\\\/aesia.pt\\\/portal\\\/kidicalmass-6-de-maio-10h00\\\/#primaryimage\"},\"thumbnailUrl\":\"https:\\\/\\\/aesia.pt\\\/portal\\\/wp-content\\\/uploads\\\/2023\\\/05\\\/kidicalmass-v2.jpg\",\"datePublished\":\"2023-05-03T07:26:28+00:00\",\"dateModified\":\"2023-05-08T14:32:41+00:00\",\"breadcrumb\":{\"@id\":\"https:\\\/\\\/aesia.pt\\\/portal\\\/kidicalmass-6-de-maio-10h00\\\/#breadcrumb\"},\"inLanguage\":\"pt-PT\",\"potentialAction\":[{\"@type\":\"ReadAction\",\"target\":[\"https:\\\/\\\/aesia.pt\\\/portal\\\/kidicalmass-6-de-maio-10h00\\\/\"]}]},{\"@type\":\"ImageObject\",\"inLanguage\":\"pt-PT\",\"@id\":\"https:\\\/\\\/aesia.pt\\\/portal\\\/kidicalmass-6-de-maio-10h00\\\/#primaryimage\",\"url\":\"https:\\\/\\\/aesia.pt\\\/portal\\\/wp-content\\\/uploads\\\/2023\\\/05\\\/kidicalmass-v2.jpg\",\"contentUrl\":\"https:\\\/\\\/aesia.pt\\\/portal\\\/wp-content\\\/uploads\\\/2023\\\/05\\\/kidicalmass-v2.jpg\",\"width\":409,\"height\":310},{\"@type\":\"BreadcrumbList\",\"@id\":\"https:\\\/\\\/aesia.pt\\\/portal\\\/kidicalmass-6-de-maio-10h00\\\/#breadcrumb\",\"itemListElement\":[{\"@type\":\"ListItem\",\"position\":1,\"name\":\"Home\",\"item\":\"https:\\\/\\\/aesia.pt\\\/portal\\\/\"},{\"@type\":\"ListItem\",\"position\":2,\"name\":\"Kidicalmass &#8211; 6 de Maio &#8211; 10h00\"}]},{\"@type\":\"WebSite\",\"@id\":\"https:\\\/\\\/aesia.pt\\\/portal\\\/#website\",\"url\":\"https:\\\/\\\/aesia.pt\\\/portal\\\/\",\"name\":\"AESIA\",\"description\":\"Agrupamento de Escolas de Santa Iria de Az\u00f3ia\",\"publisher\":{\"@id\":\"https:\\\/\\\/aesia.pt\\\/portal\\\/#organization\"},\"alternateName\":\"Agrupamento de Escolas de Santa Iria de Az\u00f3ia\",\"potentialAction\":[{\"@type\":\"SearchAction\",\"target\":{\"@type\":\"EntryPoint\",\"urlTemplate\":\"https:\\\/\\\/aesia.pt\\\/portal\\\/?s={search_term_string}\"},\"query-input\":{\"@type\":\"PropertyValueSpecification\",\"valueRequired\":true,\"valueName\":\"search_term_string\"}}],\"inLanguage\":\"pt-PT\"},{\"@type\":\"Organization\",\"@id\":\"https:\\\/\\\/aesia.pt\\\/portal\\\/#organization\",\"name\":\"Agrupamento de Escolas de Santa Iria de Az\u00f3ia\",\"alternateName\":\"AESIA\",\"url\":\"https:\\\/\\\/aesia.pt\\\/portal\\\/\",\"logo\":{\"@type\":\"ImageObject\",\"inLanguage\":\"pt-PT\",\"@id\":\"https:\\\/\\\/aesia.pt\\\/portal\\\/#\\\/schema\\\/logo\\\/image\\\/\",\"url\":\"https:\\\/\\\/aesia.pt\\\/portal\\\/wp-content\\\/uploads\\\/2023\\\/04\\\/logo4.png\",\"contentUrl\":\"https:\\\/\\\/aesia.pt\\\/portal\\\/wp-content\\\/uploads\\\/2023\\\/04\\\/logo4.png\",\"width\":162,\"height\":162,\"caption\":\"Agrupamento de Escolas de Santa Iria de Az\u00f3ia\"},\"image\":{\"@id\":\"https:\\\/\\\/aesia.pt\\\/portal\\\/#\\\/schema\\\/logo\\\/image\\\/\"},\"sameAs\":[\"https:\\\/\\\/www.facebook.com\\\/aesia.pt\\\/\"]},{\"@type\":\"Person\",\"@id\":\"https:\\\/\\\/aesia.pt\\\/portal\\\/#\\\/schema\\\/person\\\/8961c6287f9d82fe320fba91b3e2e991\",\"name\":\"Ivo Cardoso\",\"image\":{\"@type\":\"ImageObject\",\"inLanguage\":\"pt-PT\",\"@id\":\"https:\\\/\\\/secure.gravatar.com\\\/avatar\\\/b1503fafbe5678f3cfddd3fb093fcb636cd9a58fe5db5256d219059582e42c16?s=96&d=mm&r=g\",\"url\":\"https:\\\/\\\/secure.gravatar.com\\\/avatar\\\/b1503fafbe5678f3cfddd3fb093fcb636cd9a58fe5db5256d219059582e42c16?s=96&d=mm&r=g\",\"contentUrl\":\"https:\\\/\\\/secure.gravatar.com\\\/avatar\\\/b1503fafbe5678f3cfddd3fb093fcb636cd9a58fe5db5256d219059582e42c16?s=96&d=mm&r=g\",\"caption\":\"Ivo Cardoso\"},\"sameAs\":[\"http:\\\/\\\/aesia.pt\"],\"url\":\"https:\\\/\\\/aesia.pt\\\/portal\\\/author\\\/ivo-cardosoaesia-pt\\\/\"}]}<\/script>\n<!-- \/ Yoast SEO plugin. -->","yoast_head_json":{"title":"Kidicalmass - 6 de Maio - 10h00 &#8211; AESIA","robots":{"index":"index","follow":"follow","max-snippet":"max-snippet:-1","max-image-preview":"max-image-preview:large","max-video-preview":"max-video-preview:-1"},"canonical":"https:\/\/aesia.pt\/portal\/kidicalmass-6-de-maio-10h00\/","og_locale":"pt_PT","og_type":"article","og_title":"Kidicalmass - 6 de Maio - 10h00 &#8211; AESIA","og_description":"O&nbsp;Agrupamento de Escolas de Santa Iria, foi convidado a participar na atividade Kidicalmass \u2013 Massa cr\u00edtica de crian\u00e7as, no pr\u00f3ximo&hellip; Ler mais Kidicalmass &#8211; 6 de Maio &#8211; 10h00","og_url":"https:\/\/aesia.pt\/portal\/kidicalmass-6-de-maio-10h00\/","og_site_name":"AESIA","article_publisher":"https:\/\/www.facebook.com\/aesia.pt\/","article_published_time":"2023-05-03T07:26:28+00:00","article_modified_time":"2023-05-08T14:32:41+00:00","og_image":[{"width":409,"height":310,"url":"https:\/\/aesia.pt\/portal\/wp-content\/uploads\/2023\/05\/kidicalmass-v2.jpg","type":"image\/jpeg"}],"author":"Ivo Cardoso","twitter_card":"summary_large_image","twitter_misc":{"Escrito por":"Ivo Cardoso","Tempo estimado de leitura":"1 minuto"},"schema":{"@context":"https:\/\/schema.org","@graph":[{"@type":"Article","@id":"https:\/\/aesia.pt\/portal\/kidicalmass-6-de-maio-10h00\/#article","isPartOf":{"@id":"https:\/\/aesia.pt\/portal\/kidicalmass-6-de-maio-10h00\/"},"author":{"name":"Ivo Cardoso","@id":"https:\/\/aesia.pt\/portal\/#\/schema\/person\/8961c6287f9d82fe320fba91b3e2e991"},"headline":"Kidicalmass &#8211; 6 de Maio &#8211; 10h00","datePublished":"2023-05-03T07:26:28+00:00","dateModified":"2023-05-08T14:32:41+00:00","mainEntityOfPage":{"@id":"https:\/\/aesia.pt\/portal\/kidicalmass-6-de-maio-10h00\/"},"wordCount":239,"publisher":{"@id":"https:\/\/aesia.pt\/portal\/#organization"},"image":{"@id":"https:\/\/aesia.pt\/portal\/kidicalmass-6-de-maio-10h00\/#primaryimage"},"thumbnailUrl":"https:\/\/aesia.pt\/portal\/wp-content\/uploads\/2023\/05\/kidicalmass-v2.jpg","articleSection":["Not\u00edcias"],"inLanguage":"pt-PT"},{"@type":"WebPage","@id":"https:\/\/aesia.pt\/portal\/kidicalmass-6-de-maio-10h00\/","url":"https:\/\/aesia.pt\/portal\/kidicalmass-6-de-maio-10h00\/","name":"Kidicalmass - 6 de Maio - 10h00 &#8211; AESIA","isPartOf":{"@id":"https:\/\/aesia.pt\/portal\/#website"},"primaryImageOfPage":{"@id":"https:\/\/aesia.pt\/portal\/kidicalmass-6-de-maio-10h00\/#primaryimage"},"image":{"@id":"https:\/\/aesia.pt\/portal\/kidicalmass-6-de-maio-10h00\/#primaryimage"},"thumbnailUrl":"https:\/\/aesia.pt\/portal\/wp-content\/uploads\/2023\/05\/kidicalmass-v2.jpg","datePublished":"2023-05-03T07:26:28+00:00","dateModified":"2023-05-08T14:32:41+00:00","breadcrumb":{"@id":"https:\/\/aesia.pt\/portal\/kidicalmass-6-de-maio-10h00\/#breadcrumb"},"inLanguage":"pt-PT","potentialAction":[{"@type":"ReadAction","target":["https:\/\/aesia.pt\/portal\/kidicalmass-6-de-maio-10h00\/"]}]},{"@type":"ImageObject","inLanguage":"pt-PT","@id":"https:\/\/aesia.pt\/portal\/kidicalmass-6-de-maio-10h00\/#primaryimage","url":"https:\/\/aesia.pt\/portal\/wp-content\/uploads\/2023\/05\/kidicalmass-v2.jpg","contentUrl":"https:\/\/aesia.pt\/portal\/wp-content\/uploads\/2023\/05\/kidicalmass-v2.jpg","width":409,"height":310},{"@type":"BreadcrumbList","@id":"https:\/\/aesia.pt\/portal\/kidicalmass-6-de-maio-10h00\/#breadcrumb","itemListElement":[{"@type":"ListItem","position":1,"name":"Home","item":"https:\/\/aesia.pt\/portal\/"},{"@type":"ListItem","position":2,"name":"Kidicalmass &#8211; 6 de Maio &#8211; 10h00"}]},{"@type":"WebSite","@id":"https:\/\/aesia.pt\/portal\/#website","url":"https:\/\/aesia.pt\/portal\/","name":"AESIA","description":"Agrupamento de Escolas de Santa Iria de Az\u00f3ia","publisher":{"@id":"https:\/\/aesia.pt\/portal\/#organization"},"alternateName":"Agrupamento de Escolas de Santa Iria de Az\u00f3ia","potentialAction":[{"@type":"SearchAction","target":{"@type":"EntryPoint","urlTemplate":"https:\/\/aesia.pt\/portal\/?s={search_term_string}"},"query-input":{"@type":"PropertyValueSpecification","valueRequired":true,"valueName":"search_term_string"}}],"inLanguage":"pt-PT"},{"@type":"Organization","@id":"https:\/\/aesia.pt\/portal\/#organization","name":"Agrupamento de Escolas de Santa Iria de Az\u00f3ia","alternateName":"AESIA","url":"https:\/\/aesia.pt\/portal\/","logo":{"@type":"ImageObject","inLanguage":"pt-PT","@id":"https:\/\/aesia.pt\/portal\/#\/schema\/logo\/image\/","url":"https:\/\/aesia.pt\/portal\/wp-content\/uploads\/2023\/04\/logo4.png","contentUrl":"https:\/\/aesia.pt\/portal\/wp-content\/uploads\/2023\/04\/logo4.png","width":162,"height":162,"caption":"Agrupamento de Escolas de Santa Iria de Az\u00f3ia"},"image":{"@id":"https:\/\/aesia.pt\/portal\/#\/schema\/logo\/image\/"},"sameAs":["https:\/\/www.facebook.com\/aesia.pt\/"]},{"@type":"Person","@id":"https:\/\/aesia.pt\/portal\/#\/schema\/person\/8961c6287f9d82fe320fba91b3e2e991","name":"Ivo Cardoso","image":{"@type":"ImageObject","inLanguage":"pt-PT","@id":"https:\/\/secure.gravatar.com\/avatar\/b1503fafbe5678f3cfddd3fb093fcb636cd9a58fe5db5256d219059582e42c16?s=96&d=mm&r=g","url":"https:\/\/secure.gravatar.com\/avatar\/b1503fafbe5678f3cfddd3fb093fcb636cd9a58fe5db5256d219059582e42c16?s=96&d=mm&r=g","contentUrl":"https:\/\/secure.gravatar.com\/avatar\/b1503fafbe5678f3cfddd3fb093fcb636cd9a58fe5db5256d219059582e42c16?s=96&d=mm&r=g","caption":"Ivo Cardoso"},"sameAs":["http:\/\/aesia.pt"],"url":"https:\/\/aesia.pt\/portal\/author\/ivo-cardosoaesia-pt\/"}]}},"_links":{"self":[{"href":"https:\/\/aesia.pt\/portal\/wp-json\/wp\/v2\/posts\/7052","targetHints":{"allow":["GET"]}}],"collection":[{"href":"https:\/\/aesia.pt\/portal\/wp-json\/wp\/v2\/posts"}],"about":[{"href":"https:\/\/aesia.pt\/portal\/wp-json\/wp\/v2\/types\/post"}],"author":[{"embeddable":true,"href":"https:\/\/aesia.pt\/portal\/wp-json\/wp\/v2\/users\/8"}],"replies":[{"embeddable":true,"href":"https:\/\/aesia.pt\/portal\/wp-json\/wp\/v2\/comments?post=7052"}],"version-history":[{"count":2,"href":"https:\/\/aesia.pt\/portal\/wp-json\/wp\/v2\/posts\/7052\/revisions"}],"predecessor-version":[{"id":7063,"href":"https:\/\/aesia.pt\/portal\/wp-json\/wp\/v2\/posts\/7052\/revisions\/7063"}],"wp:featuredmedia":[{"embeddable":true,"href":"https:\/\/aesia.pt\/portal\/wp-json\/wp\/v2\/media\/7064"}],"wp:attachment":[{"href":"https:\/\/aesia.pt\/portal\/wp-json\/wp\/v2\/media?parent=7052"}],"wp:term":[{"taxonomy":"category","embeddable":true,"href":"https:\/\/aesia.pt\/portal\/wp-json\/wp\/v2\/categories?post=7052"},{"taxonomy":"post_tag","embeddable":true,"href":"https:\/\/aesia.pt\/portal\/wp-json\/wp\/v2\/tags?post=7052"}],"curies":[{"name":"wp","href":"https:\/\/api.w.org\/{rel}","templated":true}]}}