{"id":4881,"date":"2020-09-04T16:35:00","date_gmt":"2020-09-04T16:35:00","guid":{"rendered":"https:\/\/aesia.pt\/portal\/?p=4881"},"modified":"2020-09-12T20:48:40","modified_gmt":"2020-09-12T20:48:40","slug":"informacoes-inicio-de-ano-letivo-2020-21","status":"publish","type":"post","link":"https:\/\/aesia.pt\/portal\/informacoes-inicio-de-ano-letivo-2020-21\/","title":{"rendered":"Informa\u00e7\u00f5es: inicio de ano letivo 2020\/21"},"content":{"rendered":"\n<p><a href=\"https:\/\/drive.google.com\/file\/d\/1bLU9ST-xzJ9Tvny3oemqrdrjk8pBIw--\/view?usp=sharing\">Calendariza\u00e7\u00e3o para consulta das turmas e Hor\u00e1rios<\/a><\/p>\n<p style=\"text-align: center;\"><span style=\"background-color: #3366ff;\"><strong>INFORMA\u00c7\u00d5ES \u2013 IN\u00cdCIO DO ANO LETIVO\u00a0 1\u00ba Ciclo<\/strong><\/span><\/p>\n<p><span style=\"font-weight: 400;\">ALUNOS E ENCARREGADOS DE EDUCA\u00c7\u00c3O\u00a0<\/span><\/p>\n<p><span style=\"font-weight: 400;\">Devido \u00e0 situa\u00e7\u00e3o pand\u00e9mica teremos de adotar medidas preventivas no combate \u00e0 COVID-19. <\/span><b>Assim, informa-se os EE que as reuni\u00f5es de pais ser\u00e3o presenciais apenas para os EE da Educa\u00e7\u00e3o Pr\u00e9-escolar e 1\u00ba ano de escolaridade.<\/b><span style=\"background-color: #00ccff;\"> <b>Salienta-se ainda que dever\u00e1 comparecer apenas 1 representante de cada crian\u00e7a.<\/b><\/span><\/p>\n<p><span style=\"font-weight: 400;\">As restantes reuni\u00f5es com os EE e os PTT decorrer\u00e3o \u00e0 dist\u00e2ncia de acordo as orienta\u00e7\u00f5es que posteriormente enviaremos.<\/span><\/p>\n<p><span style=\"font-weight: 400;\">As atividades de in\u00edcio do ano letivo tiveram de ser adaptadas \u00e0 nova realidade e decorrer\u00e3o de acordo com a\u00a0 calendariza\u00e7\u00e3o afixada e dvulgada em cada uma das escolas do Agrupamento pelo respetivo Coordenador de Estabelecimento.<\/span><\/p>\n<p>\u00a0<\/p>\n<ol>\n<li style=\"font-weight: 400;\"><span style=\"font-weight: 400;\">As crian\u00e7as da Educa\u00e7\u00e3o Pr\u00e9-escolar s\u00e3o recebidas pela educadora e seguem para a sala, onde permanecer\u00e3o at\u00e9 \u00e0s 12h ou 12h15;<\/span><\/li>\n<li style=\"font-weight: 400;\"><span style=\"font-weight: 400;\">Os alunos do 1\u00ba ano de escolaridade s\u00e3o recebidos pelo PTT e seguem para a sala de aula, onde permanecem acompanhados por um PTT da escola, at\u00e9 ao final da reuni\u00e3o com os EE; Os EE dos alunos do 1\u00ba ano ter\u00e3o reuni\u00e3o com o professor do seu educando.<\/span><\/li>\n<\/ol>\n<p>\u00a0<\/p>\n<p><b>Nos dias 16 e 17 de setembro o servi\u00e7o de refei\u00e7\u00f5es destina-se apenas \u00e0s crian\u00e7as que frequentam as AAAF (Pr\u00e9-escolar) e o ATL.<\/b><\/p>\n<p><span style=\"font-weight: 400;\">07\/09\/2020 \u00a0 \u00a0 \u00a0 \u00a0 \u00a0 \u00a0 \u00a0 \u00a0 \u00a0 \u00a0 \u00a0 \u00a0 \u00a0 \u00a0 \u00a0 \u00a0 \u00a0 \u00a0 \u00a0 \u00a0 \u00a0 \u00a0 \u00a0 \u00a0 \u00a0 \u00a0 \u00a0 \u00a0 \u00a0 \u00a0 \u00a0 \u00a0 \u00a0 \u00a0 \u00a0 \u00a0 \u00a0 \u00a0 \u00a0 \u00a0 \u00a0 \u00a0 \u00a0 \u00a0 \u00a0 \u00a0 \u00a0 \u00a0 \u00a0 \u00a0 \u00a0 \u00a0 \u00a0 \u00a0 \u00a0 \u00a0 \u00a0 \u00a0 \u00a0 A\/O Coordenador(a) de Estabelecimento<\/span><\/p>\n<p>_____________________________________________________________________________<\/p>\n<p style=\"text-align: center;\"><span style=\"background-color: #3366ff;\"><strong>RECE\u00c7\u00d5ES AOS\u00a0ALUNOS E ENCARREGADOS DE EDUCA\u00c7\u00c3O<\/strong><\/span><\/p>\n<p style=\"text-align: center;\"><span style=\"background-color: #3366ff;\"><strong>2\u00ba e 3\u00ba ciclos<\/strong><\/span><\/p>\n<ul>\n<li>\n<table width=\"584\">\n<tbody>\n<tr>\n<td width=\"83\">\n<p><strong>ANOS<\/strong><\/p>\n<\/td>\n<td width=\"73\">\n<p><strong>DATA<\/strong><\/p>\n<\/td>\n<td colspan=\"2\" width=\"428\">\n<p><strong>HORA E LOCAL<\/strong><\/p>\n<\/td>\n<\/tr>\n<tr>\n<td rowspan=\"3\" width=\"83\">\n<p>PAIS E EE<\/p>\n<p>5\u00ba ANO<\/p>\n<\/td>\n<td rowspan=\"3\" width=\"73\">\n<p>16\/09<\/p>\n<\/td>\n<td width=\"219\">\n<p>8.30<\/p>\n<\/td>\n<td width=\"209\">\n<p>5\u00baA (audit\u00f3rio)<\/p>\n<p>5\u00baB (ludoteca)<\/p>\n<\/td>\n<\/tr>\n<tr>\n<td width=\"219\">\n<p>11.00<\/p>\n<\/td>\n<td width=\"209\">\n<p>5\u00baC (audit\u00f3rio<\/p>\n<p>5\u00baD (ludoteca)<\/p>\n<\/td>\n<\/tr>\n<tr>\n<td width=\"219\">\n<p>14.00<\/p>\n<\/td>\n<td width=\"209\">\n<p>5\u00baE (audit\u00f3rio)<\/p>\n<p>5\u00baF (ludoteca)<\/p>\n<\/td>\n<\/tr>\n<tr>\n<td rowspan=\"4\" width=\"83\">\n<p>ALUNOS<\/p>\n<p>5\u00ba ANO<\/p>\n<\/td>\n<td rowspan=\"3\" width=\"73\">\n<p>16\/09<\/p>\n<\/td>\n<td width=\"219\">\n<p>8.30<\/p>\n<\/td>\n<td width=\"209\">\n<p>5\u00baA (sala B3)<\/p>\n<p>5\u00baB (sala B5)<\/p>\n<\/td>\n<\/tr>\n<tr>\n<td width=\"219\">\n<p>11.00<\/p>\n<\/td>\n<td width=\"209\">\n<p>5\u00baC (sala B6)<\/p>\n<p>5\u00baD (sala B4)<\/p>\n<\/td>\n<\/tr>\n<tr>\n<td width=\"219\">\n<p>14.00<\/p>\n<\/td>\n<td width=\"209\">\n<p>5\u00baE (sala B1)<\/p>\n<p>5\u00baF (salaB8)<\/p>\n<\/td>\n<\/tr>\n<tr>\n<td width=\"73\">\n<p>17\/09<\/p>\n<\/td>\n<td width=\"219\">\n<p>9.30 \u00e0s 12.00<\/p>\n<\/td>\n<td width=\"209\">\n<p>Nas mesmas salas do dia anterior.<\/p>\n<\/td>\n<\/tr>\n<tr>\n<td width=\"83\">\n<p>ALUNOS<\/p>\n<p>6\u00ba ANO<\/p>\n<\/td>\n<td width=\"73\">\n<p>17\/09<\/p>\n<\/td>\n<td width=\"219\">\n<p>Da 14.00 \u00e0s 15.00<\/p>\n<\/td>\n<td width=\"209\">\n<p>Consultar calend\u00e1rio.<\/p>\n<\/td>\n<\/tr>\n<tr>\n<td width=\"83\">\n<p>ALUNOS<\/p>\n<p>7\u00ba ANO<\/p>\n<\/td>\n<td width=\"73\">\n<p>17\/09<\/p>\n<\/td>\n<td width=\"219\">\n<p>Das 9.00 \u00e0s 10.00<\/p>\n<\/td>\n<td width=\"209\">\n<p>Consultar calend\u00e1rio.<\/p>\n<\/td>\n<\/tr>\n<tr>\n<td width=\"83\">\n<p>ALUNOS<\/p>\n<p>8\u00ba ANO<\/p>\n<\/td>\n<td width=\"73\">\n<p>17\/09<\/p>\n<\/td>\n<td width=\"219\">\n<p>Das 16.00 \u00e0s 17.00<\/p>\n<\/td>\n<td width=\"209\">\n<p>Consultar calend\u00e1rio.<\/p>\n<\/td>\n<\/tr>\n<tr>\n<td width=\"83\">\n<p>ALUNOS<\/p>\n<p>9\u00ba ANO<\/p>\n<\/td>\n<td width=\"73\">\n<p>17\/09<\/p>\n<\/td>\n<td width=\"219\">\n<p>Das 11.00 \u00e0s 12.00<\/p>\n<\/td>\n<td width=\"209\">\n<p>Consultar calend\u00e1rio.<\/p>\n<\/td>\n<\/tr>\n<\/tbody>\n<\/table>\n<\/li>\n<li>Dia 18 de setembro: in\u00edcio das atividades letivas.<\/li>\n<li>A calendariza\u00e7\u00e3o das reuni\u00f5es com os Encarregados de Educa\u00e7\u00e3o dos 6\u00ba, 7\u00ba, 8\u00ba e 9\u00ba anos ser\u00e1 divulgada posteriormente atrav\u00e9s do Diretor de Turma.<\/li>\n<li><span style=\"color: #0000ff;\">Nas rece\u00e7\u00f5es aos Encarregados de Educa\u00e7\u00e3o do 5\u00ba ano, apenas dever\u00e1 estar presente um familiar por aluno, de prefer\u00eancia o Encarregado de Educa\u00e7\u00e3o.<\/span><\/li>\n<\/ul>\n<p>04\/09\/2020\u00a0\u00a0\u00a0\u00a0\u00a0\u00a0\u00a0\u00a0\u00a0\u00a0\u00a0\u00a0\u00a0\u00a0\u00a0\u00a0\u00a0\u00a0\u00a0\u00a0\u00a0\u00a0\u00a0\u00a0\u00a0\u00a0\u00a0\u00a0\u00a0\u00a0\u00a0\u00a0\u00a0\u00a0\u00a0\u00a0\u00a0\u00a0\u00a0\u00a0\u00a0\u00a0\u00a0\u00a0\u00a0\u00a0\u00a0\u00a0\u00a0\u00a0\u00a0\u00a0\u00a0\u00a0\u00a0\u00a0\u00a0\u00a0\u00a0\u00a0\u00a0\u00a0\u00a0\u00a0\u00a0\u00a0\u00a0\u00a0\u00a0\u00a0 \u00a0\u00a0\u00a0\u00a0\u00a0\u00a0\u00a0\u00a0\u00a0\u00a0\u00a0\u00a0\u00a0\u00a0\u00a0\u00a0\u00a0\u00a0\u00a0\u00a0\u00a0\u00a0\u00a0\u00a0\u00a0\u00a0\u00a0\u00a0\u00a0\u00a0\u00a0\u00a0\u00a0\u00a0\u00a0\u00a0\u00a0\u00a0\u00a0\u00a0\u00a0\u00a0\u00a0\u00a0\u00a0\u00a0\u00a0\u00a0\u00a0\u00a0\u00a0\u00a0\u00a0\u00a0\u00a0\u00a0\u00a0\u00a0\u00a0\u00a0\u00a0\u00a0\u00a0\u00a0\u00a0\u00a0\u00a0\u00a0\u00a0\u00a0\u00a0\u00a0\u00a0\u00a0\u00a0\u00a0\u00a0\u00a0A Subdiretora<\/p>\n","protected":false},"excerpt":{"rendered":"","protected":false},"author":8,"featured_media":4882,"comment_status":"closed","ping_status":"closed","sticky":false,"template":"","format":"standard","meta":{"_acf_changed":false,"footnotes":""},"categories":[14],"tags":[],"class_list":["post-4881","post","type-post","status-publish","format-standard","has-post-thumbnail","hentry","category-noticias"],"acf":[],"yoast_head":"<!-- This site is optimized with the Yoast SEO plugin v27.4 - https:\/\/yoast.com\/product\/yoast-seo-wordpress\/ -->\n<title>Informa\u00e7\u00f5es: inicio de ano letivo 2020\/21 &#8211; AESIA<\/title>\n<meta name=\"robots\" content=\"index, follow, max-snippet:-1, max-image-preview:large, max-video-preview:-1\" \/>\n<link rel=\"canonical\" href=\"https:\/\/aesia.pt\/portal\/informacoes-inicio-de-ano-letivo-2020-21\/\" \/>\n<meta property=\"og:locale\" content=\"pt_PT\" \/>\n<meta property=\"og:type\" content=\"article\" \/>\n<meta property=\"og:title\" content=\"Informa\u00e7\u00f5es: inicio de ano letivo 2020\/21 &#8211; AESIA\" \/>\n<meta property=\"og:url\" content=\"https:\/\/aesia.pt\/portal\/informacoes-inicio-de-ano-letivo-2020-21\/\" \/>\n<meta property=\"og:site_name\" content=\"AESIA\" \/>\n<meta property=\"article:publisher\" content=\"https:\/\/www.facebook.com\/aesia.pt\/\" \/>\n<meta property=\"article:published_time\" content=\"2020-09-04T16:35:00+00:00\" \/>\n<meta property=\"article:modified_time\" content=\"2020-09-12T20:48:40+00:00\" \/>\n<meta property=\"og:image\" content=\"https:\/\/aesia.pt\/portal\/wp-content\/uploads\/2020\/09\/braa.jpg\" \/>\n\t<meta property=\"og:image:width\" content=\"512\" \/>\n\t<meta property=\"og:image:height\" content=\"320\" \/>\n\t<meta property=\"og:image:type\" content=\"image\/jpeg\" \/>\n<meta name=\"author\" content=\"Ivo Cardoso\" \/>\n<meta name=\"twitter:card\" content=\"summary_large_image\" \/>\n<meta name=\"twitter:label1\" content=\"Escrito por\" \/>\n\t<meta name=\"twitter:data1\" content=\"Ivo Cardoso\" \/>\n\t<meta name=\"twitter:label2\" content=\"Tempo estimado de leitura\" \/>\n\t<meta name=\"twitter:data2\" content=\"2 minutos\" \/>\n<script type=\"application\/ld+json\" class=\"yoast-schema-graph\">{\"@context\":\"https:\\\/\\\/schema.org\",\"@graph\":[{\"@type\":\"Article\",\"@id\":\"https:\\\/\\\/aesia.pt\\\/portal\\\/informacoes-inicio-de-ano-letivo-2020-21\\\/#article\",\"isPartOf\":{\"@id\":\"https:\\\/\\\/aesia.pt\\\/portal\\\/informacoes-inicio-de-ano-letivo-2020-21\\\/\"},\"author\":{\"name\":\"Ivo Cardoso\",\"@id\":\"https:\\\/\\\/aesia.pt\\\/portal\\\/#\\\/schema\\\/person\\\/8961c6287f9d82fe320fba91b3e2e991\"},\"headline\":\"Informa\u00e7\u00f5es: inicio de ano letivo 2020\\\/21\",\"datePublished\":\"2020-09-04T16:35:00+00:00\",\"dateModified\":\"2020-09-12T20:48:40+00:00\",\"mainEntityOfPage\":{\"@id\":\"https:\\\/\\\/aesia.pt\\\/portal\\\/informacoes-inicio-de-ano-letivo-2020-21\\\/\"},\"wordCount\":396,\"publisher\":{\"@id\":\"https:\\\/\\\/aesia.pt\\\/portal\\\/#organization\"},\"image\":{\"@id\":\"https:\\\/\\\/aesia.pt\\\/portal\\\/informacoes-inicio-de-ano-letivo-2020-21\\\/#primaryimage\"},\"thumbnailUrl\":\"https:\\\/\\\/aesia.pt\\\/portal\\\/wp-content\\\/uploads\\\/2020\\\/09\\\/braa.jpg\",\"articleSection\":[\"Not\u00edcias\"],\"inLanguage\":\"pt-PT\"},{\"@type\":\"WebPage\",\"@id\":\"https:\\\/\\\/aesia.pt\\\/portal\\\/informacoes-inicio-de-ano-letivo-2020-21\\\/\",\"url\":\"https:\\\/\\\/aesia.pt\\\/portal\\\/informacoes-inicio-de-ano-letivo-2020-21\\\/\",\"name\":\"Informa\u00e7\u00f5es: inicio de ano letivo 2020\\\/21 &#8211; AESIA\",\"isPartOf\":{\"@id\":\"https:\\\/\\\/aesia.pt\\\/portal\\\/#website\"},\"primaryImageOfPage\":{\"@id\":\"https:\\\/\\\/aesia.pt\\\/portal\\\/informacoes-inicio-de-ano-letivo-2020-21\\\/#primaryimage\"},\"image\":{\"@id\":\"https:\\\/\\\/aesia.pt\\\/portal\\\/informacoes-inicio-de-ano-letivo-2020-21\\\/#primaryimage\"},\"thumbnailUrl\":\"https:\\\/\\\/aesia.pt\\\/portal\\\/wp-content\\\/uploads\\\/2020\\\/09\\\/braa.jpg\",\"datePublished\":\"2020-09-04T16:35:00+00:00\",\"dateModified\":\"2020-09-12T20:48:40+00:00\",\"breadcrumb\":{\"@id\":\"https:\\\/\\\/aesia.pt\\\/portal\\\/informacoes-inicio-de-ano-letivo-2020-21\\\/#breadcrumb\"},\"inLanguage\":\"pt-PT\",\"potentialAction\":[{\"@type\":\"ReadAction\",\"target\":[\"https:\\\/\\\/aesia.pt\\\/portal\\\/informacoes-inicio-de-ano-letivo-2020-21\\\/\"]}]},{\"@type\":\"ImageObject\",\"inLanguage\":\"pt-PT\",\"@id\":\"https:\\\/\\\/aesia.pt\\\/portal\\\/informacoes-inicio-de-ano-letivo-2020-21\\\/#primaryimage\",\"url\":\"https:\\\/\\\/aesia.pt\\\/portal\\\/wp-content\\\/uploads\\\/2020\\\/09\\\/braa.jpg\",\"contentUrl\":\"https:\\\/\\\/aesia.pt\\\/portal\\\/wp-content\\\/uploads\\\/2020\\\/09\\\/braa.jpg\",\"width\":512,\"height\":320},{\"@type\":\"BreadcrumbList\",\"@id\":\"https:\\\/\\\/aesia.pt\\\/portal\\\/informacoes-inicio-de-ano-letivo-2020-21\\\/#breadcrumb\",\"itemListElement\":[{\"@type\":\"ListItem\",\"position\":1,\"name\":\"Home\",\"item\":\"https:\\\/\\\/aesia.pt\\\/portal\\\/\"},{\"@type\":\"ListItem\",\"position\":2,\"name\":\"Informa\u00e7\u00f5es: inicio de ano letivo 2020\\\/21\"}]},{\"@type\":\"WebSite\",\"@id\":\"https:\\\/\\\/aesia.pt\\\/portal\\\/#website\",\"url\":\"https:\\\/\\\/aesia.pt\\\/portal\\\/\",\"name\":\"AESIA\",\"description\":\"Agrupamento de Escolas de Santa Iria de Az\u00f3ia\",\"publisher\":{\"@id\":\"https:\\\/\\\/aesia.pt\\\/portal\\\/#organization\"},\"alternateName\":\"Agrupamento de Escolas de Santa Iria de Az\u00f3ia\",\"potentialAction\":[{\"@type\":\"SearchAction\",\"target\":{\"@type\":\"EntryPoint\",\"urlTemplate\":\"https:\\\/\\\/aesia.pt\\\/portal\\\/?s={search_term_string}\"},\"query-input\":{\"@type\":\"PropertyValueSpecification\",\"valueRequired\":true,\"valueName\":\"search_term_string\"}}],\"inLanguage\":\"pt-PT\"},{\"@type\":\"Organization\",\"@id\":\"https:\\\/\\\/aesia.pt\\\/portal\\\/#organization\",\"name\":\"Agrupamento de Escolas de Santa Iria de Az\u00f3ia\",\"alternateName\":\"AESIA\",\"url\":\"https:\\\/\\\/aesia.pt\\\/portal\\\/\",\"logo\":{\"@type\":\"ImageObject\",\"inLanguage\":\"pt-PT\",\"@id\":\"https:\\\/\\\/aesia.pt\\\/portal\\\/#\\\/schema\\\/logo\\\/image\\\/\",\"url\":\"https:\\\/\\\/aesia.pt\\\/portal\\\/wp-content\\\/uploads\\\/2023\\\/04\\\/logo4.png\",\"contentUrl\":\"https:\\\/\\\/aesia.pt\\\/portal\\\/wp-content\\\/uploads\\\/2023\\\/04\\\/logo4.png\",\"width\":162,\"height\":162,\"caption\":\"Agrupamento de Escolas de Santa Iria de Az\u00f3ia\"},\"image\":{\"@id\":\"https:\\\/\\\/aesia.pt\\\/portal\\\/#\\\/schema\\\/logo\\\/image\\\/\"},\"sameAs\":[\"https:\\\/\\\/www.facebook.com\\\/aesia.pt\\\/\"]},{\"@type\":\"Person\",\"@id\":\"https:\\\/\\\/aesia.pt\\\/portal\\\/#\\\/schema\\\/person\\\/8961c6287f9d82fe320fba91b3e2e991\",\"name\":\"Ivo Cardoso\",\"image\":{\"@type\":\"ImageObject\",\"inLanguage\":\"pt-PT\",\"@id\":\"https:\\\/\\\/secure.gravatar.com\\\/avatar\\\/b1503fafbe5678f3cfddd3fb093fcb636cd9a58fe5db5256d219059582e42c16?s=96&d=mm&r=g\",\"url\":\"https:\\\/\\\/secure.gravatar.com\\\/avatar\\\/b1503fafbe5678f3cfddd3fb093fcb636cd9a58fe5db5256d219059582e42c16?s=96&d=mm&r=g\",\"contentUrl\":\"https:\\\/\\\/secure.gravatar.com\\\/avatar\\\/b1503fafbe5678f3cfddd3fb093fcb636cd9a58fe5db5256d219059582e42c16?s=96&d=mm&r=g\",\"caption\":\"Ivo Cardoso\"},\"sameAs\":[\"http:\\\/\\\/aesia.pt\"],\"url\":\"https:\\\/\\\/aesia.pt\\\/portal\\\/author\\\/ivo-cardosoaesia-pt\\\/\"}]}<\/script>\n<!-- \/ Yoast SEO plugin. -->","yoast_head_json":{"title":"Informa\u00e7\u00f5es: inicio de ano letivo 2020\/21 &#8211; AESIA","robots":{"index":"index","follow":"follow","max-snippet":"max-snippet:-1","max-image-preview":"max-image-preview:large","max-video-preview":"max-video-preview:-1"},"canonical":"https:\/\/aesia.pt\/portal\/informacoes-inicio-de-ano-letivo-2020-21\/","og_locale":"pt_PT","og_type":"article","og_title":"Informa\u00e7\u00f5es: inicio de ano letivo 2020\/21 &#8211; AESIA","og_url":"https:\/\/aesia.pt\/portal\/informacoes-inicio-de-ano-letivo-2020-21\/","og_site_name":"AESIA","article_publisher":"https:\/\/www.facebook.com\/aesia.pt\/","article_published_time":"2020-09-04T16:35:00+00:00","article_modified_time":"2020-09-12T20:48:40+00:00","og_image":[{"width":512,"height":320,"url":"https:\/\/aesia.pt\/portal\/wp-content\/uploads\/2020\/09\/braa.jpg","type":"image\/jpeg"}],"author":"Ivo Cardoso","twitter_card":"summary_large_image","twitter_misc":{"Escrito por":"Ivo Cardoso","Tempo estimado de leitura":"2 minutos"},"schema":{"@context":"https:\/\/schema.org","@graph":[{"@type":"Article","@id":"https:\/\/aesia.pt\/portal\/informacoes-inicio-de-ano-letivo-2020-21\/#article","isPartOf":{"@id":"https:\/\/aesia.pt\/portal\/informacoes-inicio-de-ano-letivo-2020-21\/"},"author":{"name":"Ivo Cardoso","@id":"https:\/\/aesia.pt\/portal\/#\/schema\/person\/8961c6287f9d82fe320fba91b3e2e991"},"headline":"Informa\u00e7\u00f5es: inicio de ano letivo 2020\/21","datePublished":"2020-09-04T16:35:00+00:00","dateModified":"2020-09-12T20:48:40+00:00","mainEntityOfPage":{"@id":"https:\/\/aesia.pt\/portal\/informacoes-inicio-de-ano-letivo-2020-21\/"},"wordCount":396,"publisher":{"@id":"https:\/\/aesia.pt\/portal\/#organization"},"image":{"@id":"https:\/\/aesia.pt\/portal\/informacoes-inicio-de-ano-letivo-2020-21\/#primaryimage"},"thumbnailUrl":"https:\/\/aesia.pt\/portal\/wp-content\/uploads\/2020\/09\/braa.jpg","articleSection":["Not\u00edcias"],"inLanguage":"pt-PT"},{"@type":"WebPage","@id":"https:\/\/aesia.pt\/portal\/informacoes-inicio-de-ano-letivo-2020-21\/","url":"https:\/\/aesia.pt\/portal\/informacoes-inicio-de-ano-letivo-2020-21\/","name":"Informa\u00e7\u00f5es: inicio de ano letivo 2020\/21 &#8211; AESIA","isPartOf":{"@id":"https:\/\/aesia.pt\/portal\/#website"},"primaryImageOfPage":{"@id":"https:\/\/aesia.pt\/portal\/informacoes-inicio-de-ano-letivo-2020-21\/#primaryimage"},"image":{"@id":"https:\/\/aesia.pt\/portal\/informacoes-inicio-de-ano-letivo-2020-21\/#primaryimage"},"thumbnailUrl":"https:\/\/aesia.pt\/portal\/wp-content\/uploads\/2020\/09\/braa.jpg","datePublished":"2020-09-04T16:35:00+00:00","dateModified":"2020-09-12T20:48:40+00:00","breadcrumb":{"@id":"https:\/\/aesia.pt\/portal\/informacoes-inicio-de-ano-letivo-2020-21\/#breadcrumb"},"inLanguage":"pt-PT","potentialAction":[{"@type":"ReadAction","target":["https:\/\/aesia.pt\/portal\/informacoes-inicio-de-ano-letivo-2020-21\/"]}]},{"@type":"ImageObject","inLanguage":"pt-PT","@id":"https:\/\/aesia.pt\/portal\/informacoes-inicio-de-ano-letivo-2020-21\/#primaryimage","url":"https:\/\/aesia.pt\/portal\/wp-content\/uploads\/2020\/09\/braa.jpg","contentUrl":"https:\/\/aesia.pt\/portal\/wp-content\/uploads\/2020\/09\/braa.jpg","width":512,"height":320},{"@type":"BreadcrumbList","@id":"https:\/\/aesia.pt\/portal\/informacoes-inicio-de-ano-letivo-2020-21\/#breadcrumb","itemListElement":[{"@type":"ListItem","position":1,"name":"Home","item":"https:\/\/aesia.pt\/portal\/"},{"@type":"ListItem","position":2,"name":"Informa\u00e7\u00f5es: inicio de ano letivo 2020\/21"}]},{"@type":"WebSite","@id":"https:\/\/aesia.pt\/portal\/#website","url":"https:\/\/aesia.pt\/portal\/","name":"AESIA","description":"Agrupamento de Escolas de Santa Iria de Az\u00f3ia","publisher":{"@id":"https:\/\/aesia.pt\/portal\/#organization"},"alternateName":"Agrupamento de Escolas de Santa Iria de Az\u00f3ia","potentialAction":[{"@type":"SearchAction","target":{"@type":"EntryPoint","urlTemplate":"https:\/\/aesia.pt\/portal\/?s={search_term_string}"},"query-input":{"@type":"PropertyValueSpecification","valueRequired":true,"valueName":"search_term_string"}}],"inLanguage":"pt-PT"},{"@type":"Organization","@id":"https:\/\/aesia.pt\/portal\/#organization","name":"Agrupamento de Escolas de Santa Iria de Az\u00f3ia","alternateName":"AESIA","url":"https:\/\/aesia.pt\/portal\/","logo":{"@type":"ImageObject","inLanguage":"pt-PT","@id":"https:\/\/aesia.pt\/portal\/#\/schema\/logo\/image\/","url":"https:\/\/aesia.pt\/portal\/wp-content\/uploads\/2023\/04\/logo4.png","contentUrl":"https:\/\/aesia.pt\/portal\/wp-content\/uploads\/2023\/04\/logo4.png","width":162,"height":162,"caption":"Agrupamento de Escolas de Santa Iria de Az\u00f3ia"},"image":{"@id":"https:\/\/aesia.pt\/portal\/#\/schema\/logo\/image\/"},"sameAs":["https:\/\/www.facebook.com\/aesia.pt\/"]},{"@type":"Person","@id":"https:\/\/aesia.pt\/portal\/#\/schema\/person\/8961c6287f9d82fe320fba91b3e2e991","name":"Ivo Cardoso","image":{"@type":"ImageObject","inLanguage":"pt-PT","@id":"https:\/\/secure.gravatar.com\/avatar\/b1503fafbe5678f3cfddd3fb093fcb636cd9a58fe5db5256d219059582e42c16?s=96&d=mm&r=g","url":"https:\/\/secure.gravatar.com\/avatar\/b1503fafbe5678f3cfddd3fb093fcb636cd9a58fe5db5256d219059582e42c16?s=96&d=mm&r=g","contentUrl":"https:\/\/secure.gravatar.com\/avatar\/b1503fafbe5678f3cfddd3fb093fcb636cd9a58fe5db5256d219059582e42c16?s=96&d=mm&r=g","caption":"Ivo Cardoso"},"sameAs":["http:\/\/aesia.pt"],"url":"https:\/\/aesia.pt\/portal\/author\/ivo-cardosoaesia-pt\/"}]}},"_links":{"self":[{"href":"https:\/\/aesia.pt\/portal\/wp-json\/wp\/v2\/posts\/4881","targetHints":{"allow":["GET"]}}],"collection":[{"href":"https:\/\/aesia.pt\/portal\/wp-json\/wp\/v2\/posts"}],"about":[{"href":"https:\/\/aesia.pt\/portal\/wp-json\/wp\/v2\/types\/post"}],"author":[{"embeddable":true,"href":"https:\/\/aesia.pt\/portal\/wp-json\/wp\/v2\/users\/8"}],"replies":[{"embeddable":true,"href":"https:\/\/aesia.pt\/portal\/wp-json\/wp\/v2\/comments?post=4881"}],"version-history":[{"count":5,"href":"https:\/\/aesia.pt\/portal\/wp-json\/wp\/v2\/posts\/4881\/revisions"}],"predecessor-version":[{"id":4906,"href":"https:\/\/aesia.pt\/portal\/wp-json\/wp\/v2\/posts\/4881\/revisions\/4906"}],"wp:featuredmedia":[{"embeddable":true,"href":"https:\/\/aesia.pt\/portal\/wp-json\/wp\/v2\/media\/4882"}],"wp:attachment":[{"href":"https:\/\/aesia.pt\/portal\/wp-json\/wp\/v2\/media?parent=4881"}],"wp:term":[{"taxonomy":"category","embeddable":true,"href":"https:\/\/aesia.pt\/portal\/wp-json\/wp\/v2\/categories?post=4881"},{"taxonomy":"post_tag","embeddable":true,"href":"https:\/\/aesia.pt\/portal\/wp-json\/wp\/v2\/tags?post=4881"}],"curies":[{"name":"wp","href":"https:\/\/api.w.org\/{rel}","templated":true}]}}