{"id":4784,"date":"2020-05-31T22:58:21","date_gmt":"2020-05-31T22:58:21","guid":{"rendered":"https:\/\/aesia.pt\/portal\/?p=4784"},"modified":"2020-06-02T16:46:46","modified_gmt":"2020-06-02T16:46:46","slug":"4784-2","status":"publish","type":"post","link":"https:\/\/aesia.pt\/portal\/4784-2\/","title":{"rendered":"Abertura de salas\u00a0 da Educa\u00e7\u00e3o Pr\u00e9-escolar"},"content":{"rendered":"\n<p><strong>PRESID\u00caNCIA DO CONSELHO DE MINISTROS<\/strong><\/p>\n<p><strong>Decreto-Lei n.\u00ba 24-A\/2020 <\/strong><strong>de 29 de maio<\/strong><\/p>\n<p><em>Sum\u00e1rio: <\/em>Altera as medidas excecionais e tempor\u00e1rias relativas \u00e0 pandemia da doen\u00e7a COVID -19.<\/p>\n<p>Artigo 1.\u00ba <strong>Objeto<\/strong><\/p>\n<p>O presente decreto -lei procede \u00e0 d\u00e9cima terceira altera\u00e7\u00e3o ao Decreto -Lei n.\u00ba 10 -A\/2020, de 13 de mar\u00e7o, que estabelece medidas excecionais e tempor\u00e1rias relativas \u00e0 situa\u00e7\u00e3o epidemiol\u00f3gica\u00a0do novo coronav\u00edrus \u2014 COVID -19.<\/p>\n<p>Artigo 13.\u00ba -B<\/p>\n<p><strong>[&#8230;]<\/strong><\/p>\n<p>1 \u2014 \u00c9 obrigat\u00f3rio o uso de m\u00e1scaras ou viseiras para o acesso ou perman\u00eancia nos seguintes\u00a0locais:<\/p>\n<ol>\n<li><em>a<\/em>) Nos espa\u00e7os e estabelecimentos comerciais e de presta\u00e7\u00e3o de servi\u00e7os;<\/li>\n<li><em>b<\/em>) Nos edif\u00edcios p\u00fablicos ou de uso p\u00fablico onde se prestem servi\u00e7os ou ocorram atos que envolvam p\u00fablico;<\/li>\n<\/ol>\n<ol>\n<li><em>c<\/em>) Nos estabelecimentos de ensino e creches pelos funcion\u00e1rios docentes e n\u00e3o docentes e pelos alunos;<\/li>\n<\/ol>\n<ol>\n<li><em>d<\/em>) No interior das salas de espet\u00e1culos, de exibi\u00e7\u00e3o de filmes cinematogr\u00e1ficos ou similares.<\/li>\n<\/ol>\n<p>2 \u2014 [&#8230;]<\/p>\n<p>3 \u2014 \u00c9 obrigat\u00f3rio o uso de m\u00e1scaras ou viseiras na utiliza\u00e7\u00e3o de transportes coletivos de passageiros.<\/p>\n<p>4 \u2014 [&#8230;]<\/p>\n<p>5 \u2014 A obriga\u00e7\u00e3o de uso de m\u00e1scara ou viseira nos termos do presente artigo apenas \u00e9 aplic\u00e1vel \u00e0s pessoas com idade superior a 10 anos.<\/p>\n<p>6 \u2014 A obrigatoriedade referida nos n.os 1 e 3 \u00e9 dispensada mediante a apresenta\u00e7\u00e3o de:<\/p>\n<ol>\n<li><em>a<\/em>) Atestado M\u00e9dico de Incapacidade Multiusos ou declara\u00e7\u00e3o m\u00e9dica, no caso de se tratar de pessoas com defici\u00eancia cognitiva, do desenvolvimento e perturba\u00e7\u00f5es ps\u00edquicas;<\/li>\n<li><em>b<\/em>) Declara\u00e7\u00e3o m\u00e9dica que ateste que a condi\u00e7\u00e3o cl\u00ednica da pessoa n\u00e3o se coaduna com o uso de m\u00e1scaras ou viseiras.<\/li>\n<\/ol>\n<p>7 \u2014 <em>(Anterior n.\u00ba 5.)<\/em><\/p>\n<p>8 \u2014 <em>(Anterior n.\u00ba 6.)<\/em><\/p>\n<p>9 \u2014 <em>(Anterior n.\u00ba 7.)<\/em><\/p>\n<p>Artigo 25.\u00ba -D &#8211;<strong>Reabertura de respostas sociais e educativas<\/strong><\/p>\n<p>1 \u2014 Nas atividades das respostas sociais de creche, creche familiar e ama, bem como de centro de atividades ocupacionais, previstas nos n.os 1 e 2 do artigo 9.\u00ba, cuja suspens\u00e3o de atividades cessou a partir de 18 de maio de 2020, devem ser observadas as regras de ocupa\u00e7\u00e3o, perman\u00eancia,<\/p>\n<p>distanciamento f\u00edsico e de higiene determinadas pela Dire\u00e7\u00e3o -Geral da Sa\u00fade.<\/p>\n<p>2 \u2014 A partir de 1 de junho de 2020, cessa a suspens\u00e3o das atividades letivas e n\u00e3o letivas presenciais, em estabelecimentos de educa\u00e7\u00e3o pr\u00e9 -escolar da rede p\u00fablica, da rede do setor social e solid\u00e1rio e do ensino particular e cooperativo, previstas no n.\u00ba 1 do artigo 9.\u00ba, devendo ser observadas as regras de ocupa\u00e7\u00e3o, perman\u00eancia, distanciamento f\u00edsico e de higiene determinadas<\/p>\n<p>pela Dire\u00e7\u00e3o -Geral da Sa\u00fade.<\/p>\n<p>3 \u2014 A partir de 15 de junho de 2020, cessa a suspens\u00e3o das atividades desenvolvidas em centros de atividades de tempos livres n\u00e3o integradas em estabelecimentos escolares, previstas no n.\u00ba 2 do artigo 9.\u00ba, devendo ser observadas as regras de ocupa\u00e7\u00e3o, perman\u00eancia, distanciamento f\u00edsico e de higiene determinadas pela Dire\u00e7\u00e3o -Geral da Sa\u00fade.<\/p>\n<p>4 \u2014 Sem preju\u00edzo do disposto no n.\u00ba 2, as demais atividades de apoio \u00e0 fam\u00edlia e de ocupa\u00e7\u00e3o de tempos livres ou similares apenas podem funcionar a partir do final do ano letivo.<\/p>\n<p>Artigo 28.\u00ba -B<\/p>\n<p><strong>[&#8230;]<\/strong><\/p>\n<p>1 \u2014 [&#8230;]<\/p>\n<p>2 \u2014 [&#8230;]<\/p>\n<p>3 \u2014 A atribui\u00e7\u00e3o do apoio est\u00e1 sujeita a condi\u00e7\u00e3o de recursos do requerente e respetivo c\u00f4njuge ou unido de facto, com base nos rendimentos dispon\u00edveis no sistema de informa\u00e7\u00e3o da seguran\u00e7a<\/p>\n<p>\u00a0<\/p>\n<p>\u00a0<\/p>\n<p><a href=\"https:\/\/www.dgeste.mec.pt\/index.php\/destaque_1\/orientacoes-para-a-reabertura-da-educacao-pre-escolar\/\">https:\/\/www.dgeste.mec.pt\/index.php\/destaque_1\/orientacoes-para-a-reabertura-da-educacao-pre-escolar\/<\/a><\/p>\n","protected":false},"excerpt":{"rendered":"","protected":false},"author":8,"featured_media":2898,"comment_status":"closed","ping_status":"closed","sticky":false,"template":"","format":"standard","meta":{"_acf_changed":false,"footnotes":""},"categories":[14],"tags":[],"class_list":["post-4784","post","type-post","status-publish","format-standard","has-post-thumbnail","hentry","category-noticias"],"acf":[],"yoast_head":"<!-- This site is optimized with the Yoast SEO plugin v27.4 - https:\/\/yoast.com\/product\/yoast-seo-wordpress\/ -->\n<title>Abertura de salas\u00a0 da Educa\u00e7\u00e3o Pr\u00e9-escolar &#8211; AESIA<\/title>\n<meta name=\"robots\" content=\"index, follow, max-snippet:-1, max-image-preview:large, max-video-preview:-1\" \/>\n<link rel=\"canonical\" href=\"https:\/\/aesia.pt\/portal\/4784-2\/\" \/>\n<meta property=\"og:locale\" content=\"pt_PT\" \/>\n<meta property=\"og:type\" content=\"article\" \/>\n<meta property=\"og:title\" content=\"Abertura de salas\u00a0 da Educa\u00e7\u00e3o Pr\u00e9-escolar &#8211; AESIA\" \/>\n<meta property=\"og:url\" content=\"https:\/\/aesia.pt\/portal\/4784-2\/\" \/>\n<meta property=\"og:site_name\" content=\"AESIA\" \/>\n<meta property=\"article:publisher\" content=\"https:\/\/www.facebook.com\/aesia.pt\/\" \/>\n<meta property=\"article:published_time\" content=\"2020-05-31T22:58:21+00:00\" \/>\n<meta property=\"article:modified_time\" content=\"2020-06-02T16:46:46+00:00\" \/>\n<meta property=\"og:image\" content=\"https:\/\/aesia.pt\/portal\/wp-content\/uploads\/2017\/05\/naprocuradaexcelencia.jpg\" \/>\n\t<meta property=\"og:image:width\" content=\"1200\" \/>\n\t<meta property=\"og:image:height\" content=\"500\" \/>\n\t<meta property=\"og:image:type\" content=\"image\/jpeg\" \/>\n<meta name=\"author\" content=\"Ivo Cardoso\" \/>\n<meta name=\"twitter:card\" content=\"summary_large_image\" \/>\n<meta name=\"twitter:label1\" content=\"Escrito por\" \/>\n\t<meta name=\"twitter:data1\" content=\"Ivo Cardoso\" \/>\n\t<meta name=\"twitter:label2\" content=\"Tempo estimado de leitura\" \/>\n\t<meta name=\"twitter:data2\" content=\"3 minutos\" \/>\n<script type=\"application\/ld+json\" class=\"yoast-schema-graph\">{\"@context\":\"https:\\\/\\\/schema.org\",\"@graph\":[{\"@type\":\"Article\",\"@id\":\"https:\\\/\\\/aesia.pt\\\/portal\\\/4784-2\\\/#article\",\"isPartOf\":{\"@id\":\"https:\\\/\\\/aesia.pt\\\/portal\\\/4784-2\\\/\"},\"author\":{\"name\":\"Ivo Cardoso\",\"@id\":\"https:\\\/\\\/aesia.pt\\\/portal\\\/#\\\/schema\\\/person\\\/8961c6287f9d82fe320fba91b3e2e991\"},\"headline\":\"Abertura de salas\u00a0 da Educa\u00e7\u00e3o Pr\u00e9-escolar\",\"datePublished\":\"2020-05-31T22:58:21+00:00\",\"dateModified\":\"2020-06-02T16:46:46+00:00\",\"mainEntityOfPage\":{\"@id\":\"https:\\\/\\\/aesia.pt\\\/portal\\\/4784-2\\\/\"},\"wordCount\":561,\"publisher\":{\"@id\":\"https:\\\/\\\/aesia.pt\\\/portal\\\/#organization\"},\"image\":{\"@id\":\"https:\\\/\\\/aesia.pt\\\/portal\\\/4784-2\\\/#primaryimage\"},\"thumbnailUrl\":\"https:\\\/\\\/aesia.pt\\\/portal\\\/wp-content\\\/uploads\\\/2017\\\/05\\\/naprocuradaexcelencia.jpg\",\"articleSection\":[\"Not\u00edcias\"],\"inLanguage\":\"pt-PT\"},{\"@type\":\"WebPage\",\"@id\":\"https:\\\/\\\/aesia.pt\\\/portal\\\/4784-2\\\/\",\"url\":\"https:\\\/\\\/aesia.pt\\\/portal\\\/4784-2\\\/\",\"name\":\"Abertura de salas\u00a0 da Educa\u00e7\u00e3o Pr\u00e9-escolar &#8211; AESIA\",\"isPartOf\":{\"@id\":\"https:\\\/\\\/aesia.pt\\\/portal\\\/#website\"},\"primaryImageOfPage\":{\"@id\":\"https:\\\/\\\/aesia.pt\\\/portal\\\/4784-2\\\/#primaryimage\"},\"image\":{\"@id\":\"https:\\\/\\\/aesia.pt\\\/portal\\\/4784-2\\\/#primaryimage\"},\"thumbnailUrl\":\"https:\\\/\\\/aesia.pt\\\/portal\\\/wp-content\\\/uploads\\\/2017\\\/05\\\/naprocuradaexcelencia.jpg\",\"datePublished\":\"2020-05-31T22:58:21+00:00\",\"dateModified\":\"2020-06-02T16:46:46+00:00\",\"breadcrumb\":{\"@id\":\"https:\\\/\\\/aesia.pt\\\/portal\\\/4784-2\\\/#breadcrumb\"},\"inLanguage\":\"pt-PT\",\"potentialAction\":[{\"@type\":\"ReadAction\",\"target\":[\"https:\\\/\\\/aesia.pt\\\/portal\\\/4784-2\\\/\"]}]},{\"@type\":\"ImageObject\",\"inLanguage\":\"pt-PT\",\"@id\":\"https:\\\/\\\/aesia.pt\\\/portal\\\/4784-2\\\/#primaryimage\",\"url\":\"https:\\\/\\\/aesia.pt\\\/portal\\\/wp-content\\\/uploads\\\/2017\\\/05\\\/naprocuradaexcelencia.jpg\",\"contentUrl\":\"https:\\\/\\\/aesia.pt\\\/portal\\\/wp-content\\\/uploads\\\/2017\\\/05\\\/naprocuradaexcelencia.jpg\",\"width\":1200,\"height\":500},{\"@type\":\"BreadcrumbList\",\"@id\":\"https:\\\/\\\/aesia.pt\\\/portal\\\/4784-2\\\/#breadcrumb\",\"itemListElement\":[{\"@type\":\"ListItem\",\"position\":1,\"name\":\"Home\",\"item\":\"https:\\\/\\\/aesia.pt\\\/portal\\\/\"},{\"@type\":\"ListItem\",\"position\":2,\"name\":\"Abertura de salas\u00a0 da Educa\u00e7\u00e3o Pr\u00e9-escolar\"}]},{\"@type\":\"WebSite\",\"@id\":\"https:\\\/\\\/aesia.pt\\\/portal\\\/#website\",\"url\":\"https:\\\/\\\/aesia.pt\\\/portal\\\/\",\"name\":\"AESIA\",\"description\":\"Agrupamento de Escolas de Santa Iria de Az\u00f3ia\",\"publisher\":{\"@id\":\"https:\\\/\\\/aesia.pt\\\/portal\\\/#organization\"},\"alternateName\":\"Agrupamento de Escolas de Santa Iria de Az\u00f3ia\",\"potentialAction\":[{\"@type\":\"SearchAction\",\"target\":{\"@type\":\"EntryPoint\",\"urlTemplate\":\"https:\\\/\\\/aesia.pt\\\/portal\\\/?s={search_term_string}\"},\"query-input\":{\"@type\":\"PropertyValueSpecification\",\"valueRequired\":true,\"valueName\":\"search_term_string\"}}],\"inLanguage\":\"pt-PT\"},{\"@type\":\"Organization\",\"@id\":\"https:\\\/\\\/aesia.pt\\\/portal\\\/#organization\",\"name\":\"Agrupamento de Escolas de Santa Iria de Az\u00f3ia\",\"alternateName\":\"AESIA\",\"url\":\"https:\\\/\\\/aesia.pt\\\/portal\\\/\",\"logo\":{\"@type\":\"ImageObject\",\"inLanguage\":\"pt-PT\",\"@id\":\"https:\\\/\\\/aesia.pt\\\/portal\\\/#\\\/schema\\\/logo\\\/image\\\/\",\"url\":\"https:\\\/\\\/aesia.pt\\\/portal\\\/wp-content\\\/uploads\\\/2023\\\/04\\\/logo4.png\",\"contentUrl\":\"https:\\\/\\\/aesia.pt\\\/portal\\\/wp-content\\\/uploads\\\/2023\\\/04\\\/logo4.png\",\"width\":162,\"height\":162,\"caption\":\"Agrupamento de Escolas de Santa Iria de Az\u00f3ia\"},\"image\":{\"@id\":\"https:\\\/\\\/aesia.pt\\\/portal\\\/#\\\/schema\\\/logo\\\/image\\\/\"},\"sameAs\":[\"https:\\\/\\\/www.facebook.com\\\/aesia.pt\\\/\"]},{\"@type\":\"Person\",\"@id\":\"https:\\\/\\\/aesia.pt\\\/portal\\\/#\\\/schema\\\/person\\\/8961c6287f9d82fe320fba91b3e2e991\",\"name\":\"Ivo Cardoso\",\"image\":{\"@type\":\"ImageObject\",\"inLanguage\":\"pt-PT\",\"@id\":\"https:\\\/\\\/secure.gravatar.com\\\/avatar\\\/b1503fafbe5678f3cfddd3fb093fcb636cd9a58fe5db5256d219059582e42c16?s=96&d=mm&r=g\",\"url\":\"https:\\\/\\\/secure.gravatar.com\\\/avatar\\\/b1503fafbe5678f3cfddd3fb093fcb636cd9a58fe5db5256d219059582e42c16?s=96&d=mm&r=g\",\"contentUrl\":\"https:\\\/\\\/secure.gravatar.com\\\/avatar\\\/b1503fafbe5678f3cfddd3fb093fcb636cd9a58fe5db5256d219059582e42c16?s=96&d=mm&r=g\",\"caption\":\"Ivo Cardoso\"},\"sameAs\":[\"http:\\\/\\\/aesia.pt\"],\"url\":\"https:\\\/\\\/aesia.pt\\\/portal\\\/author\\\/ivo-cardosoaesia-pt\\\/\"}]}<\/script>\n<!-- \/ Yoast SEO plugin. -->","yoast_head_json":{"title":"Abertura de salas\u00a0 da Educa\u00e7\u00e3o Pr\u00e9-escolar &#8211; AESIA","robots":{"index":"index","follow":"follow","max-snippet":"max-snippet:-1","max-image-preview":"max-image-preview:large","max-video-preview":"max-video-preview:-1"},"canonical":"https:\/\/aesia.pt\/portal\/4784-2\/","og_locale":"pt_PT","og_type":"article","og_title":"Abertura de salas\u00a0 da Educa\u00e7\u00e3o Pr\u00e9-escolar &#8211; AESIA","og_url":"https:\/\/aesia.pt\/portal\/4784-2\/","og_site_name":"AESIA","article_publisher":"https:\/\/www.facebook.com\/aesia.pt\/","article_published_time":"2020-05-31T22:58:21+00:00","article_modified_time":"2020-06-02T16:46:46+00:00","og_image":[{"width":1200,"height":500,"url":"https:\/\/aesia.pt\/portal\/wp-content\/uploads\/2017\/05\/naprocuradaexcelencia.jpg","type":"image\/jpeg"}],"author":"Ivo Cardoso","twitter_card":"summary_large_image","twitter_misc":{"Escrito por":"Ivo Cardoso","Tempo estimado de leitura":"3 minutos"},"schema":{"@context":"https:\/\/schema.org","@graph":[{"@type":"Article","@id":"https:\/\/aesia.pt\/portal\/4784-2\/#article","isPartOf":{"@id":"https:\/\/aesia.pt\/portal\/4784-2\/"},"author":{"name":"Ivo Cardoso","@id":"https:\/\/aesia.pt\/portal\/#\/schema\/person\/8961c6287f9d82fe320fba91b3e2e991"},"headline":"Abertura de salas\u00a0 da Educa\u00e7\u00e3o Pr\u00e9-escolar","datePublished":"2020-05-31T22:58:21+00:00","dateModified":"2020-06-02T16:46:46+00:00","mainEntityOfPage":{"@id":"https:\/\/aesia.pt\/portal\/4784-2\/"},"wordCount":561,"publisher":{"@id":"https:\/\/aesia.pt\/portal\/#organization"},"image":{"@id":"https:\/\/aesia.pt\/portal\/4784-2\/#primaryimage"},"thumbnailUrl":"https:\/\/aesia.pt\/portal\/wp-content\/uploads\/2017\/05\/naprocuradaexcelencia.jpg","articleSection":["Not\u00edcias"],"inLanguage":"pt-PT"},{"@type":"WebPage","@id":"https:\/\/aesia.pt\/portal\/4784-2\/","url":"https:\/\/aesia.pt\/portal\/4784-2\/","name":"Abertura de salas\u00a0 da Educa\u00e7\u00e3o Pr\u00e9-escolar &#8211; AESIA","isPartOf":{"@id":"https:\/\/aesia.pt\/portal\/#website"},"primaryImageOfPage":{"@id":"https:\/\/aesia.pt\/portal\/4784-2\/#primaryimage"},"image":{"@id":"https:\/\/aesia.pt\/portal\/4784-2\/#primaryimage"},"thumbnailUrl":"https:\/\/aesia.pt\/portal\/wp-content\/uploads\/2017\/05\/naprocuradaexcelencia.jpg","datePublished":"2020-05-31T22:58:21+00:00","dateModified":"2020-06-02T16:46:46+00:00","breadcrumb":{"@id":"https:\/\/aesia.pt\/portal\/4784-2\/#breadcrumb"},"inLanguage":"pt-PT","potentialAction":[{"@type":"ReadAction","target":["https:\/\/aesia.pt\/portal\/4784-2\/"]}]},{"@type":"ImageObject","inLanguage":"pt-PT","@id":"https:\/\/aesia.pt\/portal\/4784-2\/#primaryimage","url":"https:\/\/aesia.pt\/portal\/wp-content\/uploads\/2017\/05\/naprocuradaexcelencia.jpg","contentUrl":"https:\/\/aesia.pt\/portal\/wp-content\/uploads\/2017\/05\/naprocuradaexcelencia.jpg","width":1200,"height":500},{"@type":"BreadcrumbList","@id":"https:\/\/aesia.pt\/portal\/4784-2\/#breadcrumb","itemListElement":[{"@type":"ListItem","position":1,"name":"Home","item":"https:\/\/aesia.pt\/portal\/"},{"@type":"ListItem","position":2,"name":"Abertura de salas\u00a0 da Educa\u00e7\u00e3o Pr\u00e9-escolar"}]},{"@type":"WebSite","@id":"https:\/\/aesia.pt\/portal\/#website","url":"https:\/\/aesia.pt\/portal\/","name":"AESIA","description":"Agrupamento de Escolas de Santa Iria de Az\u00f3ia","publisher":{"@id":"https:\/\/aesia.pt\/portal\/#organization"},"alternateName":"Agrupamento de Escolas de Santa Iria de Az\u00f3ia","potentialAction":[{"@type":"SearchAction","target":{"@type":"EntryPoint","urlTemplate":"https:\/\/aesia.pt\/portal\/?s={search_term_string}"},"query-input":{"@type":"PropertyValueSpecification","valueRequired":true,"valueName":"search_term_string"}}],"inLanguage":"pt-PT"},{"@type":"Organization","@id":"https:\/\/aesia.pt\/portal\/#organization","name":"Agrupamento de Escolas de Santa Iria de Az\u00f3ia","alternateName":"AESIA","url":"https:\/\/aesia.pt\/portal\/","logo":{"@type":"ImageObject","inLanguage":"pt-PT","@id":"https:\/\/aesia.pt\/portal\/#\/schema\/logo\/image\/","url":"https:\/\/aesia.pt\/portal\/wp-content\/uploads\/2023\/04\/logo4.png","contentUrl":"https:\/\/aesia.pt\/portal\/wp-content\/uploads\/2023\/04\/logo4.png","width":162,"height":162,"caption":"Agrupamento de Escolas de Santa Iria de Az\u00f3ia"},"image":{"@id":"https:\/\/aesia.pt\/portal\/#\/schema\/logo\/image\/"},"sameAs":["https:\/\/www.facebook.com\/aesia.pt\/"]},{"@type":"Person","@id":"https:\/\/aesia.pt\/portal\/#\/schema\/person\/8961c6287f9d82fe320fba91b3e2e991","name":"Ivo Cardoso","image":{"@type":"ImageObject","inLanguage":"pt-PT","@id":"https:\/\/secure.gravatar.com\/avatar\/b1503fafbe5678f3cfddd3fb093fcb636cd9a58fe5db5256d219059582e42c16?s=96&d=mm&r=g","url":"https:\/\/secure.gravatar.com\/avatar\/b1503fafbe5678f3cfddd3fb093fcb636cd9a58fe5db5256d219059582e42c16?s=96&d=mm&r=g","contentUrl":"https:\/\/secure.gravatar.com\/avatar\/b1503fafbe5678f3cfddd3fb093fcb636cd9a58fe5db5256d219059582e42c16?s=96&d=mm&r=g","caption":"Ivo Cardoso"},"sameAs":["http:\/\/aesia.pt"],"url":"https:\/\/aesia.pt\/portal\/author\/ivo-cardosoaesia-pt\/"}]}},"_links":{"self":[{"href":"https:\/\/aesia.pt\/portal\/wp-json\/wp\/v2\/posts\/4784","targetHints":{"allow":["GET"]}}],"collection":[{"href":"https:\/\/aesia.pt\/portal\/wp-json\/wp\/v2\/posts"}],"about":[{"href":"https:\/\/aesia.pt\/portal\/wp-json\/wp\/v2\/types\/post"}],"author":[{"embeddable":true,"href":"https:\/\/aesia.pt\/portal\/wp-json\/wp\/v2\/users\/8"}],"replies":[{"embeddable":true,"href":"https:\/\/aesia.pt\/portal\/wp-json\/wp\/v2\/comments?post=4784"}],"version-history":[{"count":3,"href":"https:\/\/aesia.pt\/portal\/wp-json\/wp\/v2\/posts\/4784\/revisions"}],"predecessor-version":[{"id":4790,"href":"https:\/\/aesia.pt\/portal\/wp-json\/wp\/v2\/posts\/4784\/revisions\/4790"}],"wp:featuredmedia":[{"embeddable":true,"href":"https:\/\/aesia.pt\/portal\/wp-json\/wp\/v2\/media\/2898"}],"wp:attachment":[{"href":"https:\/\/aesia.pt\/portal\/wp-json\/wp\/v2\/media?parent=4784"}],"wp:term":[{"taxonomy":"category","embeddable":true,"href":"https:\/\/aesia.pt\/portal\/wp-json\/wp\/v2\/categories?post=4784"},{"taxonomy":"post_tag","embeddable":true,"href":"https:\/\/aesia.pt\/portal\/wp-json\/wp\/v2\/tags?post=4784"}],"curies":[{"name":"wp","href":"https:\/\/api.w.org\/{rel}","templated":true}]}}