{"id":16897,"date":"2026-04-28T14:39:52","date_gmt":"2026-04-28T14:39:52","guid":{"rendered":"https:\/\/aesia.pt\/portal\/?p=16897"},"modified":"2026-04-28T14:44:30","modified_gmt":"2026-04-28T14:44:30","slug":"semana-da-leitura-aesia-gabriel-guimaraes-mathpunk-6-de-maio","status":"publish","type":"post","link":"https:\/\/aesia.pt\/portal\/semana-da-leitura-aesia-gabriel-guimaraes-mathpunk-6-de-maio\/","title":{"rendered":"Gabriel Guimar\u00e3es (@MathPunk), 6 de maio &#8211; Semana da leitura AESIA"},"content":{"rendered":"\n<p>No \u00e2mbito da Semana da leitura, a matem\u00e1tica vai ganhar vida na nossa escola! No dia&nbsp;<strong>6\/05<\/strong>, recebemos&nbsp;<strong>Gabriel Guimar\u00e3es (@MathPunk)<\/strong>&nbsp;\u2014 o autor que prova que&nbsp;<em>\u201cA Matem\u00e1tica N\u00e3o Morde\u201d<\/em>!&nbsp; &nbsp;Uma visita que une&nbsp;<strong>leitura e matem\u00e1tica<\/strong>, mostrando que os n\u00fameros tamb\u00e9m contam hist\u00f3rias e despertam a criatividade.&nbsp;Gabriel traz uma nova forma de ver a matem\u00e1tica \u2014 divertida, acess\u00edvel e cheia de descobertas.<\/p>\n\n\n\n<p>&nbsp;#AESIA #SemanaDaLeitura #MathPunk #AMatem\u00e1ticaN\u00e3oMorde&nbsp;&nbsp;<\/p>\n\n\n\n<figure class=\"wp-block-image size-large\"><a href=\"https:\/\/aesia.pt\/portal\/wp-content\/uploads\/2026\/04\/NOME-Gabriel-Guimaraes.png\"><img loading=\"lazy\" decoding=\"async\" width=\"1024\" height=\"576\" src=\"https:\/\/aesia.pt\/portal\/wp-content\/uploads\/2026\/04\/NOME-Gabriel-Guimaraes-1024x576.png\" alt=\"\" class=\"wp-image-16898\" srcset=\"https:\/\/aesia.pt\/portal\/wp-content\/uploads\/2026\/04\/NOME-Gabriel-Guimaraes-1024x576.png 1024w, https:\/\/aesia.pt\/portal\/wp-content\/uploads\/2026\/04\/NOME-Gabriel-Guimaraes-300x169.png 300w, https:\/\/aesia.pt\/portal\/wp-content\/uploads\/2026\/04\/NOME-Gabriel-Guimaraes-768x432.png 768w, https:\/\/aesia.pt\/portal\/wp-content\/uploads\/2026\/04\/NOME-Gabriel-Guimaraes-1536x864.png 1536w, https:\/\/aesia.pt\/portal\/wp-content\/uploads\/2026\/04\/NOME-Gabriel-Guimaraes.png 1920w\" sizes=\"auto, (max-width: 1024px) 100vw, 1024px\" \/><\/a><\/figure>\n","protected":false},"excerpt":{"rendered":"<p>No \u00e2mbito da Semana da leitura, a matem\u00e1tica vai ganhar vida na nossa escola! No dia&nbsp;6\/05, recebemos&nbsp;Gabriel Guimar\u00e3es (@MathPunk)&nbsp;\u2014 o&hellip; <a class=\"continue\" href=\"https:\/\/aesia.pt\/portal\/semana-da-leitura-aesia-gabriel-guimaraes-mathpunk-6-de-maio\/\">Ler mais<span> Gabriel Guimar\u00e3es (@MathPunk), 6 de maio &#8211; Semana da leitura AESIA<\/span><\/a><\/p>\n","protected":false},"author":13,"featured_media":16898,"comment_status":"closed","ping_status":"closed","sticky":false,"template":"","format":"standard","meta":{"_acf_changed":false,"footnotes":""},"categories":[46],"tags":[],"class_list":["post-16897","post","type-post","status-publish","format-standard","has-post-thumbnail","hentry","category-destaques"],"acf":[],"yoast_head":"<!-- This site is optimized with the Yoast SEO plugin v27.4 - https:\/\/yoast.com\/product\/yoast-seo-wordpress\/ -->\n<title>Gabriel Guimar\u00e3es (@MathPunk), 6 de maio - Semana da leitura AESIA &#8211; AESIA<\/title>\n<meta name=\"robots\" content=\"index, follow, max-snippet:-1, max-image-preview:large, max-video-preview:-1\" \/>\n<link rel=\"canonical\" href=\"https:\/\/aesia.pt\/portal\/semana-da-leitura-aesia-gabriel-guimaraes-mathpunk-6-de-maio\/\" \/>\n<meta property=\"og:locale\" content=\"pt_PT\" \/>\n<meta property=\"og:type\" content=\"article\" \/>\n<meta property=\"og:title\" content=\"Gabriel Guimar\u00e3es (@MathPunk), 6 de maio - Semana da leitura AESIA &#8211; AESIA\" \/>\n<meta property=\"og:description\" content=\"No \u00e2mbito da Semana da leitura, a matem\u00e1tica vai ganhar vida na nossa escola! No dia&nbsp;6\/05, recebemos&nbsp;Gabriel Guimar\u00e3es (@MathPunk)&nbsp;\u2014 o&hellip; Ler mais Gabriel Guimar\u00e3es (@MathPunk), 6 de maio &#8211; Semana da leitura AESIA\" \/>\n<meta property=\"og:url\" content=\"https:\/\/aesia.pt\/portal\/semana-da-leitura-aesia-gabriel-guimaraes-mathpunk-6-de-maio\/\" \/>\n<meta property=\"og:site_name\" content=\"AESIA\" \/>\n<meta property=\"article:publisher\" content=\"https:\/\/www.facebook.com\/aesia.pt\/\" \/>\n<meta property=\"article:published_time\" content=\"2026-04-28T14:39:52+00:00\" \/>\n<meta property=\"article:modified_time\" content=\"2026-04-28T14:44:30+00:00\" \/>\n<meta property=\"og:image\" content=\"https:\/\/aesia.pt\/portal\/wp-content\/uploads\/2026\/04\/NOME-Gabriel-Guimaraes-1024x576.png\" \/>\n\t<meta property=\"og:image:width\" content=\"1024\" \/>\n\t<meta property=\"og:image:height\" content=\"576\" \/>\n\t<meta property=\"og:image:type\" content=\"image\/png\" \/>\n<meta name=\"author\" content=\"noticias@aesia.pt\" \/>\n<meta name=\"twitter:card\" content=\"summary_large_image\" \/>\n<meta name=\"twitter:label1\" content=\"Escrito por\" \/>\n\t<meta name=\"twitter:data1\" content=\"noticias@aesia.pt\" \/>\n<script type=\"application\/ld+json\" class=\"yoast-schema-graph\">{\"@context\":\"https:\\\/\\\/schema.org\",\"@graph\":[{\"@type\":\"Article\",\"@id\":\"https:\\\/\\\/aesia.pt\\\/portal\\\/semana-da-leitura-aesia-gabriel-guimaraes-mathpunk-6-de-maio\\\/#article\",\"isPartOf\":{\"@id\":\"https:\\\/\\\/aesia.pt\\\/portal\\\/semana-da-leitura-aesia-gabriel-guimaraes-mathpunk-6-de-maio\\\/\"},\"author\":{\"name\":\"noticias@aesia.pt\",\"@id\":\"https:\\\/\\\/aesia.pt\\\/portal\\\/#\\\/schema\\\/person\\\/3e668ee0053d9ab336b3c95d6be37f8e\"},\"headline\":\"Gabriel Guimar\u00e3es (@MathPunk), 6 de maio &#8211; Semana da leitura AESIA\",\"datePublished\":\"2026-04-28T14:39:52+00:00\",\"dateModified\":\"2026-04-28T14:44:30+00:00\",\"mainEntityOfPage\":{\"@id\":\"https:\\\/\\\/aesia.pt\\\/portal\\\/semana-da-leitura-aesia-gabriel-guimaraes-mathpunk-6-de-maio\\\/\"},\"wordCount\":100,\"publisher\":{\"@id\":\"https:\\\/\\\/aesia.pt\\\/portal\\\/#organization\"},\"image\":{\"@id\":\"https:\\\/\\\/aesia.pt\\\/portal\\\/semana-da-leitura-aesia-gabriel-guimaraes-mathpunk-6-de-maio\\\/#primaryimage\"},\"thumbnailUrl\":\"https:\\\/\\\/aesia.pt\\\/portal\\\/wp-content\\\/uploads\\\/2026\\\/04\\\/NOME-Gabriel-Guimaraes.png\",\"articleSection\":[\"Destaques\"],\"inLanguage\":\"pt-PT\"},{\"@type\":\"WebPage\",\"@id\":\"https:\\\/\\\/aesia.pt\\\/portal\\\/semana-da-leitura-aesia-gabriel-guimaraes-mathpunk-6-de-maio\\\/\",\"url\":\"https:\\\/\\\/aesia.pt\\\/portal\\\/semana-da-leitura-aesia-gabriel-guimaraes-mathpunk-6-de-maio\\\/\",\"name\":\"Gabriel Guimar\u00e3es (@MathPunk), 6 de maio - Semana da leitura AESIA &#8211; AESIA\",\"isPartOf\":{\"@id\":\"https:\\\/\\\/aesia.pt\\\/portal\\\/#website\"},\"primaryImageOfPage\":{\"@id\":\"https:\\\/\\\/aesia.pt\\\/portal\\\/semana-da-leitura-aesia-gabriel-guimaraes-mathpunk-6-de-maio\\\/#primaryimage\"},\"image\":{\"@id\":\"https:\\\/\\\/aesia.pt\\\/portal\\\/semana-da-leitura-aesia-gabriel-guimaraes-mathpunk-6-de-maio\\\/#primaryimage\"},\"thumbnailUrl\":\"https:\\\/\\\/aesia.pt\\\/portal\\\/wp-content\\\/uploads\\\/2026\\\/04\\\/NOME-Gabriel-Guimaraes.png\",\"datePublished\":\"2026-04-28T14:39:52+00:00\",\"dateModified\":\"2026-04-28T14:44:30+00:00\",\"breadcrumb\":{\"@id\":\"https:\\\/\\\/aesia.pt\\\/portal\\\/semana-da-leitura-aesia-gabriel-guimaraes-mathpunk-6-de-maio\\\/#breadcrumb\"},\"inLanguage\":\"pt-PT\",\"potentialAction\":[{\"@type\":\"ReadAction\",\"target\":[\"https:\\\/\\\/aesia.pt\\\/portal\\\/semana-da-leitura-aesia-gabriel-guimaraes-mathpunk-6-de-maio\\\/\"]}]},{\"@type\":\"ImageObject\",\"inLanguage\":\"pt-PT\",\"@id\":\"https:\\\/\\\/aesia.pt\\\/portal\\\/semana-da-leitura-aesia-gabriel-guimaraes-mathpunk-6-de-maio\\\/#primaryimage\",\"url\":\"https:\\\/\\\/aesia.pt\\\/portal\\\/wp-content\\\/uploads\\\/2026\\\/04\\\/NOME-Gabriel-Guimaraes.png\",\"contentUrl\":\"https:\\\/\\\/aesia.pt\\\/portal\\\/wp-content\\\/uploads\\\/2026\\\/04\\\/NOME-Gabriel-Guimaraes.png\",\"width\":1920,\"height\":1080},{\"@type\":\"BreadcrumbList\",\"@id\":\"https:\\\/\\\/aesia.pt\\\/portal\\\/semana-da-leitura-aesia-gabriel-guimaraes-mathpunk-6-de-maio\\\/#breadcrumb\",\"itemListElement\":[{\"@type\":\"ListItem\",\"position\":1,\"name\":\"Home\",\"item\":\"https:\\\/\\\/aesia.pt\\\/portal\\\/\"},{\"@type\":\"ListItem\",\"position\":2,\"name\":\"Gabriel Guimar\u00e3es (@MathPunk), 6 de maio &#8211; Semana da leitura AESIA\"}]},{\"@type\":\"WebSite\",\"@id\":\"https:\\\/\\\/aesia.pt\\\/portal\\\/#website\",\"url\":\"https:\\\/\\\/aesia.pt\\\/portal\\\/\",\"name\":\"AESIA\",\"description\":\"Agrupamento de Escolas de Santa Iria de Az\u00f3ia\",\"publisher\":{\"@id\":\"https:\\\/\\\/aesia.pt\\\/portal\\\/#organization\"},\"alternateName\":\"Agrupamento de Escolas de Santa Iria de Az\u00f3ia\",\"potentialAction\":[{\"@type\":\"SearchAction\",\"target\":{\"@type\":\"EntryPoint\",\"urlTemplate\":\"https:\\\/\\\/aesia.pt\\\/portal\\\/?s={search_term_string}\"},\"query-input\":{\"@type\":\"PropertyValueSpecification\",\"valueRequired\":true,\"valueName\":\"search_term_string\"}}],\"inLanguage\":\"pt-PT\"},{\"@type\":\"Organization\",\"@id\":\"https:\\\/\\\/aesia.pt\\\/portal\\\/#organization\",\"name\":\"Agrupamento de Escolas de Santa Iria de Az\u00f3ia\",\"alternateName\":\"AESIA\",\"url\":\"https:\\\/\\\/aesia.pt\\\/portal\\\/\",\"logo\":{\"@type\":\"ImageObject\",\"inLanguage\":\"pt-PT\",\"@id\":\"https:\\\/\\\/aesia.pt\\\/portal\\\/#\\\/schema\\\/logo\\\/image\\\/\",\"url\":\"https:\\\/\\\/aesia.pt\\\/portal\\\/wp-content\\\/uploads\\\/2023\\\/04\\\/logo4.png\",\"contentUrl\":\"https:\\\/\\\/aesia.pt\\\/portal\\\/wp-content\\\/uploads\\\/2023\\\/04\\\/logo4.png\",\"width\":162,\"height\":162,\"caption\":\"Agrupamento de Escolas de Santa Iria de Az\u00f3ia\"},\"image\":{\"@id\":\"https:\\\/\\\/aesia.pt\\\/portal\\\/#\\\/schema\\\/logo\\\/image\\\/\"},\"sameAs\":[\"https:\\\/\\\/www.facebook.com\\\/aesia.pt\\\/\"]},{\"@type\":\"Person\",\"@id\":\"https:\\\/\\\/aesia.pt\\\/portal\\\/#\\\/schema\\\/person\\\/3e668ee0053d9ab336b3c95d6be37f8e\",\"name\":\"noticias@aesia.pt\",\"image\":{\"@type\":\"ImageObject\",\"inLanguage\":\"pt-PT\",\"@id\":\"https:\\\/\\\/secure.gravatar.com\\\/avatar\\\/303621da1c6d6a06cbd5d2481fab4a901aa14c66676f1edff97ddef8b6cf1319?s=96&d=mm&r=g\",\"url\":\"https:\\\/\\\/secure.gravatar.com\\\/avatar\\\/303621da1c6d6a06cbd5d2481fab4a901aa14c66676f1edff97ddef8b6cf1319?s=96&d=mm&r=g\",\"contentUrl\":\"https:\\\/\\\/secure.gravatar.com\\\/avatar\\\/303621da1c6d6a06cbd5d2481fab4a901aa14c66676f1edff97ddef8b6cf1319?s=96&d=mm&r=g\",\"caption\":\"noticias@aesia.pt\"},\"url\":\"https:\\\/\\\/aesia.pt\\\/portal\\\/author\\\/noticiasaesia-pt\\\/\"}]}<\/script>\n<!-- \/ Yoast SEO plugin. -->","yoast_head_json":{"title":"Gabriel Guimar\u00e3es (@MathPunk), 6 de maio - Semana da leitura AESIA &#8211; AESIA","robots":{"index":"index","follow":"follow","max-snippet":"max-snippet:-1","max-image-preview":"max-image-preview:large","max-video-preview":"max-video-preview:-1"},"canonical":"https:\/\/aesia.pt\/portal\/semana-da-leitura-aesia-gabriel-guimaraes-mathpunk-6-de-maio\/","og_locale":"pt_PT","og_type":"article","og_title":"Gabriel Guimar\u00e3es (@MathPunk), 6 de maio - Semana da leitura AESIA &#8211; AESIA","og_description":"No \u00e2mbito da Semana da leitura, a matem\u00e1tica vai ganhar vida na nossa escola! No dia&nbsp;6\/05, recebemos&nbsp;Gabriel Guimar\u00e3es (@MathPunk)&nbsp;\u2014 o&hellip; Ler mais Gabriel Guimar\u00e3es (@MathPunk), 6 de maio &#8211; Semana da leitura AESIA","og_url":"https:\/\/aesia.pt\/portal\/semana-da-leitura-aesia-gabriel-guimaraes-mathpunk-6-de-maio\/","og_site_name":"AESIA","article_publisher":"https:\/\/www.facebook.com\/aesia.pt\/","article_published_time":"2026-04-28T14:39:52+00:00","article_modified_time":"2026-04-28T14:44:30+00:00","og_image":[{"width":1024,"height":576,"url":"https:\/\/aesia.pt\/portal\/wp-content\/uploads\/2026\/04\/NOME-Gabriel-Guimaraes-1024x576.png","type":"image\/png"}],"author":"noticias@aesia.pt","twitter_card":"summary_large_image","twitter_misc":{"Escrito por":"noticias@aesia.pt"},"schema":{"@context":"https:\/\/schema.org","@graph":[{"@type":"Article","@id":"https:\/\/aesia.pt\/portal\/semana-da-leitura-aesia-gabriel-guimaraes-mathpunk-6-de-maio\/#article","isPartOf":{"@id":"https:\/\/aesia.pt\/portal\/semana-da-leitura-aesia-gabriel-guimaraes-mathpunk-6-de-maio\/"},"author":{"name":"noticias@aesia.pt","@id":"https:\/\/aesia.pt\/portal\/#\/schema\/person\/3e668ee0053d9ab336b3c95d6be37f8e"},"headline":"Gabriel Guimar\u00e3es (@MathPunk), 6 de maio &#8211; Semana da leitura AESIA","datePublished":"2026-04-28T14:39:52+00:00","dateModified":"2026-04-28T14:44:30+00:00","mainEntityOfPage":{"@id":"https:\/\/aesia.pt\/portal\/semana-da-leitura-aesia-gabriel-guimaraes-mathpunk-6-de-maio\/"},"wordCount":100,"publisher":{"@id":"https:\/\/aesia.pt\/portal\/#organization"},"image":{"@id":"https:\/\/aesia.pt\/portal\/semana-da-leitura-aesia-gabriel-guimaraes-mathpunk-6-de-maio\/#primaryimage"},"thumbnailUrl":"https:\/\/aesia.pt\/portal\/wp-content\/uploads\/2026\/04\/NOME-Gabriel-Guimaraes.png","articleSection":["Destaques"],"inLanguage":"pt-PT"},{"@type":"WebPage","@id":"https:\/\/aesia.pt\/portal\/semana-da-leitura-aesia-gabriel-guimaraes-mathpunk-6-de-maio\/","url":"https:\/\/aesia.pt\/portal\/semana-da-leitura-aesia-gabriel-guimaraes-mathpunk-6-de-maio\/","name":"Gabriel Guimar\u00e3es (@MathPunk), 6 de maio - Semana da leitura AESIA &#8211; AESIA","isPartOf":{"@id":"https:\/\/aesia.pt\/portal\/#website"},"primaryImageOfPage":{"@id":"https:\/\/aesia.pt\/portal\/semana-da-leitura-aesia-gabriel-guimaraes-mathpunk-6-de-maio\/#primaryimage"},"image":{"@id":"https:\/\/aesia.pt\/portal\/semana-da-leitura-aesia-gabriel-guimaraes-mathpunk-6-de-maio\/#primaryimage"},"thumbnailUrl":"https:\/\/aesia.pt\/portal\/wp-content\/uploads\/2026\/04\/NOME-Gabriel-Guimaraes.png","datePublished":"2026-04-28T14:39:52+00:00","dateModified":"2026-04-28T14:44:30+00:00","breadcrumb":{"@id":"https:\/\/aesia.pt\/portal\/semana-da-leitura-aesia-gabriel-guimaraes-mathpunk-6-de-maio\/#breadcrumb"},"inLanguage":"pt-PT","potentialAction":[{"@type":"ReadAction","target":["https:\/\/aesia.pt\/portal\/semana-da-leitura-aesia-gabriel-guimaraes-mathpunk-6-de-maio\/"]}]},{"@type":"ImageObject","inLanguage":"pt-PT","@id":"https:\/\/aesia.pt\/portal\/semana-da-leitura-aesia-gabriel-guimaraes-mathpunk-6-de-maio\/#primaryimage","url":"https:\/\/aesia.pt\/portal\/wp-content\/uploads\/2026\/04\/NOME-Gabriel-Guimaraes.png","contentUrl":"https:\/\/aesia.pt\/portal\/wp-content\/uploads\/2026\/04\/NOME-Gabriel-Guimaraes.png","width":1920,"height":1080},{"@type":"BreadcrumbList","@id":"https:\/\/aesia.pt\/portal\/semana-da-leitura-aesia-gabriel-guimaraes-mathpunk-6-de-maio\/#breadcrumb","itemListElement":[{"@type":"ListItem","position":1,"name":"Home","item":"https:\/\/aesia.pt\/portal\/"},{"@type":"ListItem","position":2,"name":"Gabriel Guimar\u00e3es (@MathPunk), 6 de maio &#8211; Semana da leitura AESIA"}]},{"@type":"WebSite","@id":"https:\/\/aesia.pt\/portal\/#website","url":"https:\/\/aesia.pt\/portal\/","name":"AESIA","description":"Agrupamento de Escolas de Santa Iria de Az\u00f3ia","publisher":{"@id":"https:\/\/aesia.pt\/portal\/#organization"},"alternateName":"Agrupamento de Escolas de Santa Iria de Az\u00f3ia","potentialAction":[{"@type":"SearchAction","target":{"@type":"EntryPoint","urlTemplate":"https:\/\/aesia.pt\/portal\/?s={search_term_string}"},"query-input":{"@type":"PropertyValueSpecification","valueRequired":true,"valueName":"search_term_string"}}],"inLanguage":"pt-PT"},{"@type":"Organization","@id":"https:\/\/aesia.pt\/portal\/#organization","name":"Agrupamento de Escolas de Santa Iria de Az\u00f3ia","alternateName":"AESIA","url":"https:\/\/aesia.pt\/portal\/","logo":{"@type":"ImageObject","inLanguage":"pt-PT","@id":"https:\/\/aesia.pt\/portal\/#\/schema\/logo\/image\/","url":"https:\/\/aesia.pt\/portal\/wp-content\/uploads\/2023\/04\/logo4.png","contentUrl":"https:\/\/aesia.pt\/portal\/wp-content\/uploads\/2023\/04\/logo4.png","width":162,"height":162,"caption":"Agrupamento de Escolas de Santa Iria de Az\u00f3ia"},"image":{"@id":"https:\/\/aesia.pt\/portal\/#\/schema\/logo\/image\/"},"sameAs":["https:\/\/www.facebook.com\/aesia.pt\/"]},{"@type":"Person","@id":"https:\/\/aesia.pt\/portal\/#\/schema\/person\/3e668ee0053d9ab336b3c95d6be37f8e","name":"noticias@aesia.pt","image":{"@type":"ImageObject","inLanguage":"pt-PT","@id":"https:\/\/secure.gravatar.com\/avatar\/303621da1c6d6a06cbd5d2481fab4a901aa14c66676f1edff97ddef8b6cf1319?s=96&d=mm&r=g","url":"https:\/\/secure.gravatar.com\/avatar\/303621da1c6d6a06cbd5d2481fab4a901aa14c66676f1edff97ddef8b6cf1319?s=96&d=mm&r=g","contentUrl":"https:\/\/secure.gravatar.com\/avatar\/303621da1c6d6a06cbd5d2481fab4a901aa14c66676f1edff97ddef8b6cf1319?s=96&d=mm&r=g","caption":"noticias@aesia.pt"},"url":"https:\/\/aesia.pt\/portal\/author\/noticiasaesia-pt\/"}]}},"_links":{"self":[{"href":"https:\/\/aesia.pt\/portal\/wp-json\/wp\/v2\/posts\/16897","targetHints":{"allow":["GET"]}}],"collection":[{"href":"https:\/\/aesia.pt\/portal\/wp-json\/wp\/v2\/posts"}],"about":[{"href":"https:\/\/aesia.pt\/portal\/wp-json\/wp\/v2\/types\/post"}],"author":[{"embeddable":true,"href":"https:\/\/aesia.pt\/portal\/wp-json\/wp\/v2\/users\/13"}],"replies":[{"embeddable":true,"href":"https:\/\/aesia.pt\/portal\/wp-json\/wp\/v2\/comments?post=16897"}],"version-history":[{"count":2,"href":"https:\/\/aesia.pt\/portal\/wp-json\/wp\/v2\/posts\/16897\/revisions"}],"predecessor-version":[{"id":16904,"href":"https:\/\/aesia.pt\/portal\/wp-json\/wp\/v2\/posts\/16897\/revisions\/16904"}],"wp:featuredmedia":[{"embeddable":true,"href":"https:\/\/aesia.pt\/portal\/wp-json\/wp\/v2\/media\/16898"}],"wp:attachment":[{"href":"https:\/\/aesia.pt\/portal\/wp-json\/wp\/v2\/media?parent=16897"}],"wp:term":[{"taxonomy":"category","embeddable":true,"href":"https:\/\/aesia.pt\/portal\/wp-json\/wp\/v2\/categories?post=16897"},{"taxonomy":"post_tag","embeddable":true,"href":"https:\/\/aesia.pt\/portal\/wp-json\/wp\/v2\/tags?post=16897"}],"curies":[{"name":"wp","href":"https:\/\/api.w.org\/{rel}","templated":true}]}}