{"id":14905,"date":"2025-02-11T18:06:28","date_gmt":"2025-02-11T18:06:28","guid":{"rendered":"https:\/\/aesia.pt\/portal\/?p=14905"},"modified":"2025-02-11T18:06:28","modified_gmt":"2025-02-11T18:06:28","slug":"fwd-secretaria-ultimas-vagas-divulgacao-de-cursos-de-formacao-2025-plano-de-formacao-da-anvpc-atexxi","status":"publish","type":"post","link":"https:\/\/aesia.pt\/portal\/fwd-secretaria-ultimas-vagas-divulgacao-de-cursos-de-formacao-2025-plano-de-formacao-da-anvpc-atexxi\/","title":{"rendered":"[SECRETARIA] \u00daltimas vagas &#8211; Divulga\u00e7\u00e3o de cursos de forma\u00e7\u00e3o 2025 &#8211; Plano de forma\u00e7\u00e3o da ANVPC\/ATEXXI"},"content":{"rendered":"<div class=\"postie-post\">\n<div dir=\"ltr\">\n<div class=\"gmail_quote gmail_quote_container\">\n<div dir=\"ltr\" class=\"gmail_attr\">&#8212;&#8212;&#8212;- Forwarded message &#8212;&#8212;&#8212;<br \/>De: <strong class=\"gmail_sendername\" dir=\"auto\">Forma\u00e7\u00e3o ANVPC<\/strong> <span dir=\"auto\">&lt;<a href=\"mailto:formacaoanvpc@gmail.com\"><a href=\"mailto:formacaoanvpc@gmail.com\" >formacaoanvpc@gmail.com<\/a><\/a>&gt;<\/span><br \/>Date: ter\u00e7a, 11\/02\/2025 \u00e0(s) 15:22<br \/>Subject: [SECRETARIA] \u00daltimas vagas &#8211; Divulga\u00e7\u00e3o de cursos de forma\u00e7\u00e3o 2025 &#8211; Plano de forma\u00e7\u00e3o da ANVPC\/ATEXXI<br \/>To: <\/div>\n<div dir=\"ltr\">\n<div dir=\"ltr\">\n<div>\n<p>Exmo\/a. Sr\/a. Diretor\/a,<\/p>\n<p>Espero que este email o\/a encontre bem.<\/p>\n<p>O meu nome \u00e9 Rui Areal e sou o presidente da Associa\u00e7\u00e3o Nacional dos Professores Contratados (ANVPC). Dando seguimento \u00e0 implementa\u00e7\u00e3o do nosso plano de forma\u00e7\u00e3o, vimos por este meio divulgar\u00a0<b><u>as \u00faltimas\u00a0a\u00e7\u00f5es de forma\u00e7\u00e3o que ainda\u00a0possuem vagas<\/u><\/b>. Dado o car\u00e1ter nacional da institui\u00e7\u00e3o a que presido, \u00e9 nossa inten\u00e7\u00e3o disponibilizar forma\u00e7\u00e3o a qualquer docente (contratado ou efetivo) em qualquer ponto do pa\u00eds (continente e ilhas).\u00a0<b>Assim, todas as nossas forma\u00e7\u00f5es s\u00e3o\u00a0<u>exclusivamente em e-learning<\/u>\u00a0(com sess\u00f5es s\u00edncronas e ass\u00edncronas). Todas as que se divulgam neste email s\u00e3o Cursos de Forma\u00e7\u00e3o com a dura\u00e7\u00e3o de 25h e est\u00e3o devidamente acreditadas pelo CCPFC.<\/b><\/p>\n<p>S<font face=\"arial, sans-serif\">olicitamos o seu apoio na\u00a0divulga\u00e7\u00e3o\u00a0junto da equipa docente\u00a0<\/font><span style=\"font-family:arial,sans-serif\">das forma\u00e7\u00f5es que se elencam de seguida por ordem de data de in\u00edcio:<\/span><\/p>\n<ul>\n<li style=\"margin-left:15px\"><b><span style=\"font-family:arial,sans-serif\">Forma\u00e7\u00e3o: \u00ab<a href=\"https:\/\/www.anvpc.org\/2024\/10\/18\/lideranca-na-promocao-de-ambientes-educativos-inclusivos\/\" target=\"_blank\">Lideran\u00e7a na promo\u00e7\u00e3o de ambientes educativos inclusivos<\/a><\/span>\u00bb (<font color=\"#ff0000\">910, 920, 930<\/font>);\u00a0CCPFC\/ACC-123073\/24; de 17\/02 a 24\/03 de 2025.<\/b><\/li>\n<\/ul>\n<ul>\n<li style=\"margin-left:15px\"><b>Forma\u00e7\u00e3o: \u00ab<a href=\"https:\/\/www.anvpc.org\/2024\/08\/17\/criacao-de-ambientes-de-aprendizagem-inclusivos\/\" target=\"_blank\">Cria\u00e7\u00e3o de ambientes de aprendizagem inclusivos<\/a>\u00bb (<font color=\"#ff0000\">910, 920, 930<\/font>); CCPFC\/ACC-123308\/24; Turma 2 de 05\/05 a 23\/06 de 2025.\u00a0<\/b>\u00a0<\/li>\n<\/ul>\n<ul>\n<li style=\"margin-left:15px\"><b>Forma\u00e7\u00e3o: \u00ab<a href=\"https:\/\/www.anvpc.org\/2024\/06\/12\/ia-na-sala-de-aula-capacitando-professores-para-a-nova-era-digital-i-2\/\" target=\"_blank\">IA NA SALA DE AULA: (II) AGENTES SINT\u00c9TICOS, CHATBOTS E PSICOLOGIA EDUCACIONAL<\/a>\u00bb; Turma 2\u00a0de\u00a029\/4 a 17\/6 de 2025.<\/b><\/li>\n<\/ul>\n<ul>\n<li style=\"margin-left:15px\"><font face=\"arial, sans-serif\"><b>Forma\u00e7\u00e3o: \u00ab<\/b><\/font><b><a href=\"https:\/\/www.anvpc.org\/2024\/10\/17\/leitura-e-compreensao-leitora-estrategias-eficazes-para-o-1o-ciclo\/\" target=\"_blank\">Leitura e compreens\u00e3o leitora: estrat\u00e9gias eficazes para o 1\u00ba ciclo<\/a>\u00bb (<font color=\"#cc0000\"><u>110<\/u><\/font>);\u00a0CCPFC\/ACC-130231\/24;\u00a0<u>Turma 4<\/u>\u00a0de 03\/07 a 21\/07 de 2025.<\/b><\/li>\n<\/ul>\n<div><\/div>\n<div>\n<ul>\n<li style=\"margin-left:15px\"><b>Forma\u00e7\u00e3o: \u00ab<a href=\"https:\/\/www.anvpc.org\/2024\/08\/12\/a-integracao-dos-saberes-das-steam-com-os-das-ciencias-sociais-e-humanas-atraves-de-cenarios-de-aprendizagem-inovadores-ferramentas-digitais-e-ia\/\" target=\"_blank\">A integra\u00e7\u00e3o dos saberes das STEAM com os das Ci\u00eancias Sociais e Humanas atrav\u00e9s de Cen\u00e1rios de Aprendizagem inovadores, ferramentas digitais e IA<\/a>\u00bb (<u><font color=\"#cc0000\">200, 400 e 420<\/font><\/u>);\u00a0 CCPFC\/ACC-122959\/24.\u00a0<u>T<\/u><\/b><b><u>urma 3<\/u>\u00a0de 08\/05 a 29\/05 de 2025.<\/b><\/li>\n<\/ul>\n<\/div>\n<ul>\n<li style=\"margin-left:15px\"><b>Forma\u00e7\u00e3o: \u00ab<a href=\"https:\/\/www.anvpc.org\/2024\/10\/10\/os-red-como-ferramentas-para-a-construcao-de-cenarios-inovadores-na-area-da-biologia-e-geologia\/\" target=\"_blank\">Os RED como ferramentas para a constru\u00e7\u00e3o de cen\u00e1rios inovadores na \u00e1rea da Biologia e Geologia<\/a>\u00bb (<font color=\"#cc0000\"><u>230, 520<\/u><\/font>);\u00a0CCPFC\/ACC-122960\/24;\u00a0<u>Turma 4<\/u>\u00a0de 14\/06 a 05\/07 de 2025.<\/b><\/li>\n<\/ul>\n<ul>\n<li style=\"margin-left:15px\"><b><font face=\"arial, sans-serif\">Forma\u00e7\u00e3o: \u00ab<\/font><a href=\"https:\/\/www.anvpc.org\/2024\/11\/05\/ferramentas-digitais-para-apoio-ao-trabalho-letivo-ii-excel\/\" target=\"_blank\">FERRAMENTAS DIGITAIS PARA APOIO AO TRABALHO LETIVO III \u2013 Excel<\/a>\u00bb; CCPFC\/ACC-124182\/24;\u00a0<u>Turma 5<\/u>\u00a0de 08\/05 a 29\/05 de 2025.<\/b><\/li>\n<\/ul>\n<div><\/div>\n<p><\/p>\n<p>A ANVPC e o Centro de forma\u00e7\u00e3o ATEXXI relembram que o seu plano de forma\u00e7\u00e3o para o ano letivo 24-25 pode ser consultado aqui:\u00a0<a href=\"https:\/\/www.anvpc.org\/plano-de-formacao\/\" target=\"_blank\">PLANO DE FORMA\u00c7\u00c3O<\/a><\/p>\n<p><font face=\"arial, sans-serif\">Agradecemos desde j\u00e1 a sua colabora\u00e7\u00e3<\/font>o na\u00a0divulga\u00e7\u00e3o\u00a0destas forma\u00e7\u00f5es.\u00a0<\/p>\n<p>Estamos dispon\u00edveis para esclarecer qualquer d\u00favida ou fornecer informa\u00e7\u00f5es adicionais, se necess\u00e1rio, atrav\u00e9s do email\u00a0<a href=\"mailto:formacaoanvpc@gmail.com\" target=\"_blank\"><a href=\"mailto:formacaoanvpc@gmail.com\" >formacaoanvpc@gmail.com<\/a><\/a>.<\/p>\n<p>Com os melhores cumprimentos,<\/p>\n<\/div>\n<div dir=\"ltr\" class=\"gmail_signature\" data-smartmail=\"gmail_signature\">\n<div dir=\"ltr\">Rui Areal<br \/>Presidente da Dire\u00e7\u00e3o<\/p>\n<div>\n<div>\n<div><img loading=\"lazy\" decoding=\"async\" width=\"200\" height=\"45\" src=\"https:\/\/ci3.googleusercontent.com\/mail-sig\/AIorK4wEMS5TkO_H9Fs_cyB-sbQF7c-0EUQ_FMqQkyQOJQQf6CQ5xfnMSgjaxa2LWOsgA8SMf6iH6R4\"><\/div>\n<\/div>\n<div><a href=\"http:\/\/www.anvpc.org\/\" target=\"_blank\">www.anvpc.org<\/a><\/div>\n<div><a href=\"https:\/\/www.anvpc.org\/plano-de-formacao\/\" target=\"_blank\">www.anvpc.org\/plano-de-formacao<\/a><\/div>\n<div><\/div>\n<div><\/div>\n<\/div>\n<\/div>\n<\/div>\n<\/div>\n<\/div>\n<p>&#8212; <br \/>\nAESIA &#8211; SERVI\u00c7O DE SECRETARIA<br \/>\nAgrupamento de Escolas de Santa Iria de Az\u00f3ia<br \/>\n<a href=\"mailto:secretaria@aesia.pt\" target=\"_blank\"><a href=\"mailto:secretaria@aesia.pt\" >secretaria@aesia.pt<\/a><\/a> | tel. 21 000 00 00<br \/>\nHor\u00e1rio de atendimento: Segunda a Sexta-Feira das 9h &#8211; 16h\n<\/div>\n<\/div>\n<\/div>\n","protected":false},"excerpt":{"rendered":"<p>&#8212;&#8212;&#8212;- Forwarded message &#8212;&#8212;&#8212;De: Forma\u00e7\u00e3o ANVPC &lt;formacaoanvpc@gmail.com&gt;Date: ter\u00e7a, 11\/02\/2025 \u00e0(s) 15:22Subject: [SECRETARIA] \u00daltimas vagas &#8211; Divulga\u00e7\u00e3o de cursos de forma\u00e7\u00e3o&hellip; <a class=\"continue\" href=\"https:\/\/aesia.pt\/portal\/fwd-secretaria-ultimas-vagas-divulgacao-de-cursos-de-formacao-2025-plano-de-formacao-da-anvpc-atexxi\/\">Ler mais<span> [SECRETARIA] \u00daltimas vagas &#8211; Divulga\u00e7\u00e3o de cursos de forma\u00e7\u00e3o 2025 &#8211; Plano de forma\u00e7\u00e3o da ANVPC\/ATEXXI<\/span><\/a><\/p>\n","protected":false},"author":8,"featured_media":0,"comment_status":"closed","ping_status":"closed","sticky":false,"template":"","format":"standard","meta":{"_acf_changed":false,"footnotes":""},"categories":[56],"tags":[],"class_list":["post-14905","post","type-post","status-publish","format-standard","hentry","category-formacao"],"acf":[],"yoast_head":"<!-- This site is optimized with the Yoast SEO plugin v27.5 - https:\/\/yoast.com\/product\/yoast-seo-wordpress\/ -->\n<title>Fwd: [SECRETARIA] \u00daltimas vagas - Divulga\u00e7\u00e3o de cursos de forma\u00e7\u00e3o 2025 - Plano de forma\u00e7\u00e3o da ANVPC\/ATEXXI &#8211; AESIA<\/title>\n<meta name=\"robots\" content=\"index, follow, max-snippet:-1, max-image-preview:large, max-video-preview:-1\" \/>\n<link rel=\"canonical\" href=\"https:\/\/aesia.pt\/portal\/fwd-secretaria-ultimas-vagas-divulgacao-de-cursos-de-formacao-2025-plano-de-formacao-da-anvpc-atexxi\/\" \/>\n<meta property=\"og:locale\" content=\"pt_PT\" \/>\n<meta property=\"og:type\" content=\"article\" \/>\n<meta property=\"og:title\" content=\"Fwd: [SECRETARIA] \u00daltimas vagas - Divulga\u00e7\u00e3o de cursos de forma\u00e7\u00e3o 2025 - Plano de forma\u00e7\u00e3o da ANVPC\/ATEXXI &#8211; AESIA\" \/>\n<meta property=\"og:description\" content=\"&#8212;&#8212;&#8212;- Forwarded message &#8212;&#8212;&#8212;De: Forma\u00e7\u00e3o ANVPC &lt;formacaoanvpc@gmail.com&gt;Date: ter\u00e7a, 11\/02\/2025 \u00e0(s) 15:22Subject: [SECRETARIA] \u00daltimas vagas &#8211; Divulga\u00e7\u00e3o de cursos de forma\u00e7\u00e3o&hellip; Ler mais [SECRETARIA] \u00daltimas vagas &#8211; Divulga\u00e7\u00e3o de cursos de forma\u00e7\u00e3o 2025 &#8211; Plano de forma\u00e7\u00e3o da ANVPC\/ATEXXI\" \/>\n<meta property=\"og:url\" content=\"https:\/\/aesia.pt\/portal\/fwd-secretaria-ultimas-vagas-divulgacao-de-cursos-de-formacao-2025-plano-de-formacao-da-anvpc-atexxi\/\" \/>\n<meta property=\"og:site_name\" content=\"AESIA\" \/>\n<meta property=\"article:publisher\" content=\"https:\/\/www.facebook.com\/aesia.pt\/\" \/>\n<meta property=\"article:published_time\" content=\"2025-02-11T18:06:28+00:00\" \/>\n<meta property=\"og:image\" content=\"https:\/\/ci3.googleusercontent.com\/mail-sig\/AIorK4wEMS5TkO_H9Fs_cyB-sbQF7c-0EUQ_FMqQkyQOJQQf6CQ5xfnMSgjaxa2LWOsgA8SMf6iH6R4\" \/>\n<meta name=\"author\" content=\"Ivo Cardoso\" \/>\n<meta name=\"twitter:card\" content=\"summary_large_image\" \/>\n<meta name=\"twitter:label1\" content=\"Escrito por\" \/>\n\t<meta name=\"twitter:data1\" content=\"Ivo Cardoso\" \/>\n\t<meta name=\"twitter:label2\" content=\"Tempo estimado de leitura\" \/>\n\t<meta name=\"twitter:data2\" content=\"2 minutos\" \/>\n<script type=\"application\/ld+json\" class=\"yoast-schema-graph\">{\"@context\":\"https:\\\/\\\/schema.org\",\"@graph\":[{\"@type\":\"Article\",\"@id\":\"https:\\\/\\\/aesia.pt\\\/portal\\\/fwd-secretaria-ultimas-vagas-divulgacao-de-cursos-de-formacao-2025-plano-de-formacao-da-anvpc-atexxi\\\/#article\",\"isPartOf\":{\"@id\":\"https:\\\/\\\/aesia.pt\\\/portal\\\/fwd-secretaria-ultimas-vagas-divulgacao-de-cursos-de-formacao-2025-plano-de-formacao-da-anvpc-atexxi\\\/\"},\"author\":{\"name\":\"Ivo Cardoso\",\"@id\":\"https:\\\/\\\/aesia.pt\\\/portal\\\/#\\\/schema\\\/person\\\/8961c6287f9d82fe320fba91b3e2e991\"},\"headline\":\"[SECRETARIA] \u00daltimas vagas &#8211; Divulga\u00e7\u00e3o de cursos de forma\u00e7\u00e3o 2025 &#8211; Plano de forma\u00e7\u00e3o da ANVPC\\\/ATEXXI\",\"datePublished\":\"2025-02-11T18:06:28+00:00\",\"mainEntityOfPage\":{\"@id\":\"https:\\\/\\\/aesia.pt\\\/portal\\\/fwd-secretaria-ultimas-vagas-divulgacao-de-cursos-de-formacao-2025-plano-de-formacao-da-anvpc-atexxi\\\/\"},\"wordCount\":478,\"publisher\":{\"@id\":\"https:\\\/\\\/aesia.pt\\\/portal\\\/#organization\"},\"image\":{\"@id\":\"https:\\\/\\\/aesia.pt\\\/portal\\\/fwd-secretaria-ultimas-vagas-divulgacao-de-cursos-de-formacao-2025-plano-de-formacao-da-anvpc-atexxi\\\/#primaryimage\"},\"thumbnailUrl\":\"https:\\\/\\\/ci3.googleusercontent.com\\\/mail-sig\\\/AIorK4wEMS5TkO_H9Fs_cyB-sbQF7c-0EUQ_FMqQkyQOJQQf6CQ5xfnMSgjaxa2LWOsgA8SMf6iH6R4\",\"articleSection\":[\"Forma\u00e7\u00e3o\"],\"inLanguage\":\"pt-PT\"},{\"@type\":\"WebPage\",\"@id\":\"https:\\\/\\\/aesia.pt\\\/portal\\\/fwd-secretaria-ultimas-vagas-divulgacao-de-cursos-de-formacao-2025-plano-de-formacao-da-anvpc-atexxi\\\/\",\"url\":\"https:\\\/\\\/aesia.pt\\\/portal\\\/fwd-secretaria-ultimas-vagas-divulgacao-de-cursos-de-formacao-2025-plano-de-formacao-da-anvpc-atexxi\\\/\",\"name\":\"Fwd: [SECRETARIA] \u00daltimas vagas - Divulga\u00e7\u00e3o de cursos de forma\u00e7\u00e3o 2025 - Plano de forma\u00e7\u00e3o da ANVPC\\\/ATEXXI &#8211; AESIA\",\"isPartOf\":{\"@id\":\"https:\\\/\\\/aesia.pt\\\/portal\\\/#website\"},\"primaryImageOfPage\":{\"@id\":\"https:\\\/\\\/aesia.pt\\\/portal\\\/fwd-secretaria-ultimas-vagas-divulgacao-de-cursos-de-formacao-2025-plano-de-formacao-da-anvpc-atexxi\\\/#primaryimage\"},\"image\":{\"@id\":\"https:\\\/\\\/aesia.pt\\\/portal\\\/fwd-secretaria-ultimas-vagas-divulgacao-de-cursos-de-formacao-2025-plano-de-formacao-da-anvpc-atexxi\\\/#primaryimage\"},\"thumbnailUrl\":\"https:\\\/\\\/ci3.googleusercontent.com\\\/mail-sig\\\/AIorK4wEMS5TkO_H9Fs_cyB-sbQF7c-0EUQ_FMqQkyQOJQQf6CQ5xfnMSgjaxa2LWOsgA8SMf6iH6R4\",\"datePublished\":\"2025-02-11T18:06:28+00:00\",\"breadcrumb\":{\"@id\":\"https:\\\/\\\/aesia.pt\\\/portal\\\/fwd-secretaria-ultimas-vagas-divulgacao-de-cursos-de-formacao-2025-plano-de-formacao-da-anvpc-atexxi\\\/#breadcrumb\"},\"inLanguage\":\"pt-PT\",\"potentialAction\":[{\"@type\":\"ReadAction\",\"target\":[\"https:\\\/\\\/aesia.pt\\\/portal\\\/fwd-secretaria-ultimas-vagas-divulgacao-de-cursos-de-formacao-2025-plano-de-formacao-da-anvpc-atexxi\\\/\"]}]},{\"@type\":\"ImageObject\",\"inLanguage\":\"pt-PT\",\"@id\":\"https:\\\/\\\/aesia.pt\\\/portal\\\/fwd-secretaria-ultimas-vagas-divulgacao-de-cursos-de-formacao-2025-plano-de-formacao-da-anvpc-atexxi\\\/#primaryimage\",\"url\":\"https:\\\/\\\/ci3.googleusercontent.com\\\/mail-sig\\\/AIorK4wEMS5TkO_H9Fs_cyB-sbQF7c-0EUQ_FMqQkyQOJQQf6CQ5xfnMSgjaxa2LWOsgA8SMf6iH6R4\",\"contentUrl\":\"https:\\\/\\\/ci3.googleusercontent.com\\\/mail-sig\\\/AIorK4wEMS5TkO_H9Fs_cyB-sbQF7c-0EUQ_FMqQkyQOJQQf6CQ5xfnMSgjaxa2LWOsgA8SMf6iH6R4\"},{\"@type\":\"BreadcrumbList\",\"@id\":\"https:\\\/\\\/aesia.pt\\\/portal\\\/fwd-secretaria-ultimas-vagas-divulgacao-de-cursos-de-formacao-2025-plano-de-formacao-da-anvpc-atexxi\\\/#breadcrumb\",\"itemListElement\":[{\"@type\":\"ListItem\",\"position\":1,\"name\":\"Home\",\"item\":\"https:\\\/\\\/aesia.pt\\\/portal\\\/\"},{\"@type\":\"ListItem\",\"position\":2,\"name\":\"[SECRETARIA] \u00daltimas vagas &#8211; Divulga\u00e7\u00e3o de cursos de forma\u00e7\u00e3o 2025 &#8211; Plano de forma\u00e7\u00e3o da ANVPC\\\/ATEXXI\"}]},{\"@type\":\"WebSite\",\"@id\":\"https:\\\/\\\/aesia.pt\\\/portal\\\/#website\",\"url\":\"https:\\\/\\\/aesia.pt\\\/portal\\\/\",\"name\":\"AESIA\",\"description\":\"Agrupamento de Escolas de Santa Iria de Az\u00f3ia\",\"publisher\":{\"@id\":\"https:\\\/\\\/aesia.pt\\\/portal\\\/#organization\"},\"alternateName\":\"Agrupamento de Escolas de Santa Iria de Az\u00f3ia\",\"potentialAction\":[{\"@type\":\"SearchAction\",\"target\":{\"@type\":\"EntryPoint\",\"urlTemplate\":\"https:\\\/\\\/aesia.pt\\\/portal\\\/?s={search_term_string}\"},\"query-input\":{\"@type\":\"PropertyValueSpecification\",\"valueRequired\":true,\"valueName\":\"search_term_string\"}}],\"inLanguage\":\"pt-PT\"},{\"@type\":\"Organization\",\"@id\":\"https:\\\/\\\/aesia.pt\\\/portal\\\/#organization\",\"name\":\"Agrupamento de Escolas de Santa Iria de Az\u00f3ia\",\"alternateName\":\"AESIA\",\"url\":\"https:\\\/\\\/aesia.pt\\\/portal\\\/\",\"logo\":{\"@type\":\"ImageObject\",\"inLanguage\":\"pt-PT\",\"@id\":\"https:\\\/\\\/aesia.pt\\\/portal\\\/#\\\/schema\\\/logo\\\/image\\\/\",\"url\":\"https:\\\/\\\/aesia.pt\\\/portal\\\/wp-content\\\/uploads\\\/2023\\\/04\\\/logo4.png\",\"contentUrl\":\"https:\\\/\\\/aesia.pt\\\/portal\\\/wp-content\\\/uploads\\\/2023\\\/04\\\/logo4.png\",\"width\":162,\"height\":162,\"caption\":\"Agrupamento de Escolas de Santa Iria de Az\u00f3ia\"},\"image\":{\"@id\":\"https:\\\/\\\/aesia.pt\\\/portal\\\/#\\\/schema\\\/logo\\\/image\\\/\"},\"sameAs\":[\"https:\\\/\\\/www.facebook.com\\\/aesia.pt\\\/\"]},{\"@type\":\"Person\",\"@id\":\"https:\\\/\\\/aesia.pt\\\/portal\\\/#\\\/schema\\\/person\\\/8961c6287f9d82fe320fba91b3e2e991\",\"name\":\"Ivo Cardoso\",\"image\":{\"@type\":\"ImageObject\",\"inLanguage\":\"pt-PT\",\"@id\":\"https:\\\/\\\/secure.gravatar.com\\\/avatar\\\/b1503fafbe5678f3cfddd3fb093fcb636cd9a58fe5db5256d219059582e42c16?s=96&d=mm&r=g\",\"url\":\"https:\\\/\\\/secure.gravatar.com\\\/avatar\\\/b1503fafbe5678f3cfddd3fb093fcb636cd9a58fe5db5256d219059582e42c16?s=96&d=mm&r=g\",\"contentUrl\":\"https:\\\/\\\/secure.gravatar.com\\\/avatar\\\/b1503fafbe5678f3cfddd3fb093fcb636cd9a58fe5db5256d219059582e42c16?s=96&d=mm&r=g\",\"caption\":\"Ivo Cardoso\"},\"sameAs\":[\"http:\\\/\\\/aesia.pt\"],\"url\":\"https:\\\/\\\/aesia.pt\\\/portal\\\/author\\\/ivo-cardosoaesia-pt\\\/\"}]}<\/script>\n<!-- \/ Yoast SEO plugin. -->","yoast_head_json":{"title":"Fwd: [SECRETARIA] \u00daltimas vagas - Divulga\u00e7\u00e3o de cursos de forma\u00e7\u00e3o 2025 - Plano de forma\u00e7\u00e3o da ANVPC\/ATEXXI &#8211; AESIA","robots":{"index":"index","follow":"follow","max-snippet":"max-snippet:-1","max-image-preview":"max-image-preview:large","max-video-preview":"max-video-preview:-1"},"canonical":"https:\/\/aesia.pt\/portal\/fwd-secretaria-ultimas-vagas-divulgacao-de-cursos-de-formacao-2025-plano-de-formacao-da-anvpc-atexxi\/","og_locale":"pt_PT","og_type":"article","og_title":"Fwd: [SECRETARIA] \u00daltimas vagas - Divulga\u00e7\u00e3o de cursos de forma\u00e7\u00e3o 2025 - Plano de forma\u00e7\u00e3o da ANVPC\/ATEXXI &#8211; AESIA","og_description":"&#8212;&#8212;&#8212;- Forwarded message &#8212;&#8212;&#8212;De: Forma\u00e7\u00e3o ANVPC &lt;formacaoanvpc@gmail.com&gt;Date: ter\u00e7a, 11\/02\/2025 \u00e0(s) 15:22Subject: [SECRETARIA] \u00daltimas vagas &#8211; Divulga\u00e7\u00e3o de cursos de forma\u00e7\u00e3o&hellip; Ler mais [SECRETARIA] \u00daltimas vagas &#8211; Divulga\u00e7\u00e3o de cursos de forma\u00e7\u00e3o 2025 &#8211; Plano de forma\u00e7\u00e3o da ANVPC\/ATEXXI","og_url":"https:\/\/aesia.pt\/portal\/fwd-secretaria-ultimas-vagas-divulgacao-de-cursos-de-formacao-2025-plano-de-formacao-da-anvpc-atexxi\/","og_site_name":"AESIA","article_publisher":"https:\/\/www.facebook.com\/aesia.pt\/","article_published_time":"2025-02-11T18:06:28+00:00","og_image":[{"url":"https:\/\/ci3.googleusercontent.com\/mail-sig\/AIorK4wEMS5TkO_H9Fs_cyB-sbQF7c-0EUQ_FMqQkyQOJQQf6CQ5xfnMSgjaxa2LWOsgA8SMf6iH6R4","type":"","width":"","height":""}],"author":"Ivo Cardoso","twitter_card":"summary_large_image","twitter_misc":{"Escrito por":"Ivo Cardoso","Tempo estimado de leitura":"2 minutos"},"schema":{"@context":"https:\/\/schema.org","@graph":[{"@type":"Article","@id":"https:\/\/aesia.pt\/portal\/fwd-secretaria-ultimas-vagas-divulgacao-de-cursos-de-formacao-2025-plano-de-formacao-da-anvpc-atexxi\/#article","isPartOf":{"@id":"https:\/\/aesia.pt\/portal\/fwd-secretaria-ultimas-vagas-divulgacao-de-cursos-de-formacao-2025-plano-de-formacao-da-anvpc-atexxi\/"},"author":{"name":"Ivo Cardoso","@id":"https:\/\/aesia.pt\/portal\/#\/schema\/person\/8961c6287f9d82fe320fba91b3e2e991"},"headline":"[SECRETARIA] \u00daltimas vagas &#8211; Divulga\u00e7\u00e3o de cursos de forma\u00e7\u00e3o 2025 &#8211; Plano de forma\u00e7\u00e3o da ANVPC\/ATEXXI","datePublished":"2025-02-11T18:06:28+00:00","mainEntityOfPage":{"@id":"https:\/\/aesia.pt\/portal\/fwd-secretaria-ultimas-vagas-divulgacao-de-cursos-de-formacao-2025-plano-de-formacao-da-anvpc-atexxi\/"},"wordCount":478,"publisher":{"@id":"https:\/\/aesia.pt\/portal\/#organization"},"image":{"@id":"https:\/\/aesia.pt\/portal\/fwd-secretaria-ultimas-vagas-divulgacao-de-cursos-de-formacao-2025-plano-de-formacao-da-anvpc-atexxi\/#primaryimage"},"thumbnailUrl":"https:\/\/ci3.googleusercontent.com\/mail-sig\/AIorK4wEMS5TkO_H9Fs_cyB-sbQF7c-0EUQ_FMqQkyQOJQQf6CQ5xfnMSgjaxa2LWOsgA8SMf6iH6R4","articleSection":["Forma\u00e7\u00e3o"],"inLanguage":"pt-PT"},{"@type":"WebPage","@id":"https:\/\/aesia.pt\/portal\/fwd-secretaria-ultimas-vagas-divulgacao-de-cursos-de-formacao-2025-plano-de-formacao-da-anvpc-atexxi\/","url":"https:\/\/aesia.pt\/portal\/fwd-secretaria-ultimas-vagas-divulgacao-de-cursos-de-formacao-2025-plano-de-formacao-da-anvpc-atexxi\/","name":"Fwd: [SECRETARIA] \u00daltimas vagas - Divulga\u00e7\u00e3o de cursos de forma\u00e7\u00e3o 2025 - Plano de forma\u00e7\u00e3o da ANVPC\/ATEXXI &#8211; AESIA","isPartOf":{"@id":"https:\/\/aesia.pt\/portal\/#website"},"primaryImageOfPage":{"@id":"https:\/\/aesia.pt\/portal\/fwd-secretaria-ultimas-vagas-divulgacao-de-cursos-de-formacao-2025-plano-de-formacao-da-anvpc-atexxi\/#primaryimage"},"image":{"@id":"https:\/\/aesia.pt\/portal\/fwd-secretaria-ultimas-vagas-divulgacao-de-cursos-de-formacao-2025-plano-de-formacao-da-anvpc-atexxi\/#primaryimage"},"thumbnailUrl":"https:\/\/ci3.googleusercontent.com\/mail-sig\/AIorK4wEMS5TkO_H9Fs_cyB-sbQF7c-0EUQ_FMqQkyQOJQQf6CQ5xfnMSgjaxa2LWOsgA8SMf6iH6R4","datePublished":"2025-02-11T18:06:28+00:00","breadcrumb":{"@id":"https:\/\/aesia.pt\/portal\/fwd-secretaria-ultimas-vagas-divulgacao-de-cursos-de-formacao-2025-plano-de-formacao-da-anvpc-atexxi\/#breadcrumb"},"inLanguage":"pt-PT","potentialAction":[{"@type":"ReadAction","target":["https:\/\/aesia.pt\/portal\/fwd-secretaria-ultimas-vagas-divulgacao-de-cursos-de-formacao-2025-plano-de-formacao-da-anvpc-atexxi\/"]}]},{"@type":"ImageObject","inLanguage":"pt-PT","@id":"https:\/\/aesia.pt\/portal\/fwd-secretaria-ultimas-vagas-divulgacao-de-cursos-de-formacao-2025-plano-de-formacao-da-anvpc-atexxi\/#primaryimage","url":"https:\/\/ci3.googleusercontent.com\/mail-sig\/AIorK4wEMS5TkO_H9Fs_cyB-sbQF7c-0EUQ_FMqQkyQOJQQf6CQ5xfnMSgjaxa2LWOsgA8SMf6iH6R4","contentUrl":"https:\/\/ci3.googleusercontent.com\/mail-sig\/AIorK4wEMS5TkO_H9Fs_cyB-sbQF7c-0EUQ_FMqQkyQOJQQf6CQ5xfnMSgjaxa2LWOsgA8SMf6iH6R4"},{"@type":"BreadcrumbList","@id":"https:\/\/aesia.pt\/portal\/fwd-secretaria-ultimas-vagas-divulgacao-de-cursos-de-formacao-2025-plano-de-formacao-da-anvpc-atexxi\/#breadcrumb","itemListElement":[{"@type":"ListItem","position":1,"name":"Home","item":"https:\/\/aesia.pt\/portal\/"},{"@type":"ListItem","position":2,"name":"[SECRETARIA] \u00daltimas vagas &#8211; Divulga\u00e7\u00e3o de cursos de forma\u00e7\u00e3o 2025 &#8211; Plano de forma\u00e7\u00e3o da ANVPC\/ATEXXI"}]},{"@type":"WebSite","@id":"https:\/\/aesia.pt\/portal\/#website","url":"https:\/\/aesia.pt\/portal\/","name":"AESIA","description":"Agrupamento de Escolas de Santa Iria de Az\u00f3ia","publisher":{"@id":"https:\/\/aesia.pt\/portal\/#organization"},"alternateName":"Agrupamento de Escolas de Santa Iria de Az\u00f3ia","potentialAction":[{"@type":"SearchAction","target":{"@type":"EntryPoint","urlTemplate":"https:\/\/aesia.pt\/portal\/?s={search_term_string}"},"query-input":{"@type":"PropertyValueSpecification","valueRequired":true,"valueName":"search_term_string"}}],"inLanguage":"pt-PT"},{"@type":"Organization","@id":"https:\/\/aesia.pt\/portal\/#organization","name":"Agrupamento de Escolas de Santa Iria de Az\u00f3ia","alternateName":"AESIA","url":"https:\/\/aesia.pt\/portal\/","logo":{"@type":"ImageObject","inLanguage":"pt-PT","@id":"https:\/\/aesia.pt\/portal\/#\/schema\/logo\/image\/","url":"https:\/\/aesia.pt\/portal\/wp-content\/uploads\/2023\/04\/logo4.png","contentUrl":"https:\/\/aesia.pt\/portal\/wp-content\/uploads\/2023\/04\/logo4.png","width":162,"height":162,"caption":"Agrupamento de Escolas de Santa Iria de Az\u00f3ia"},"image":{"@id":"https:\/\/aesia.pt\/portal\/#\/schema\/logo\/image\/"},"sameAs":["https:\/\/www.facebook.com\/aesia.pt\/"]},{"@type":"Person","@id":"https:\/\/aesia.pt\/portal\/#\/schema\/person\/8961c6287f9d82fe320fba91b3e2e991","name":"Ivo Cardoso","image":{"@type":"ImageObject","inLanguage":"pt-PT","@id":"https:\/\/secure.gravatar.com\/avatar\/b1503fafbe5678f3cfddd3fb093fcb636cd9a58fe5db5256d219059582e42c16?s=96&d=mm&r=g","url":"https:\/\/secure.gravatar.com\/avatar\/b1503fafbe5678f3cfddd3fb093fcb636cd9a58fe5db5256d219059582e42c16?s=96&d=mm&r=g","contentUrl":"https:\/\/secure.gravatar.com\/avatar\/b1503fafbe5678f3cfddd3fb093fcb636cd9a58fe5db5256d219059582e42c16?s=96&d=mm&r=g","caption":"Ivo Cardoso"},"sameAs":["http:\/\/aesia.pt"],"url":"https:\/\/aesia.pt\/portal\/author\/ivo-cardosoaesia-pt\/"}]}},"_links":{"self":[{"href":"https:\/\/aesia.pt\/portal\/wp-json\/wp\/v2\/posts\/14905","targetHints":{"allow":["GET"]}}],"collection":[{"href":"https:\/\/aesia.pt\/portal\/wp-json\/wp\/v2\/posts"}],"about":[{"href":"https:\/\/aesia.pt\/portal\/wp-json\/wp\/v2\/types\/post"}],"author":[{"embeddable":true,"href":"https:\/\/aesia.pt\/portal\/wp-json\/wp\/v2\/users\/8"}],"replies":[{"embeddable":true,"href":"https:\/\/aesia.pt\/portal\/wp-json\/wp\/v2\/comments?post=14905"}],"version-history":[{"count":0,"href":"https:\/\/aesia.pt\/portal\/wp-json\/wp\/v2\/posts\/14905\/revisions"}],"wp:attachment":[{"href":"https:\/\/aesia.pt\/portal\/wp-json\/wp\/v2\/media?parent=14905"}],"wp:term":[{"taxonomy":"category","embeddable":true,"href":"https:\/\/aesia.pt\/portal\/wp-json\/wp\/v2\/categories?post=14905"},{"taxonomy":"post_tag","embeddable":true,"href":"https:\/\/aesia.pt\/portal\/wp-json\/wp\/v2\/tags?post=14905"}],"curies":[{"name":"wp","href":"https:\/\/api.w.org\/{rel}","templated":true}]}}