{"id":14763,"date":"2025-01-27T09:59:45","date_gmt":"2025-01-27T09:59:45","guid":{"rendered":"https:\/\/aesia.pt\/portal\/?p=14763"},"modified":"2025-01-27T09:59:45","modified_gmt":"2025-01-27T09:59:45","slug":"feira-de-minerais-e-fosseis","status":"publish","type":"post","link":"https:\/\/aesia.pt\/portal\/feira-de-minerais-e-fosseis\/","title":{"rendered":"Feira de Minerais e F\u00f3sseis"},"content":{"rendered":"\n<p>Ir\u00e1 decorrer nos dias 29, 30 e 31 de janeiro na BE\/CRE da escola sede, a Feira de Minerais e F\u00f3sseis. Trata-se de uma iniciativa do grupo disciplinar de Ci\u00eancias Naturais em colabora\u00e7\u00e3o com a empresa Minfopedras.<\/p>\n\n\n\n<p>Esta atividade,&nbsp;com car\u00e1cter did\u00e1tico, pretende promover a divulga\u00e7\u00e3o e o interesse pelas Geoci\u00eancias.<\/p>\n\n\n\n<div data-wp-interactive=\"core\/file\" class=\"wp-block-file\"><object data-wp-bind--hidden=\"!state.hasPdfPreview\" hidden class=\"wp-block-file__embed\" data=\"https:\/\/aesia.pt\/portal\/wp-content\/uploads\/2025\/01\/cartaz-Feira.pdf\" type=\"application\/pdf\" style=\"width:100%;height:600px\" aria-label=\"Incorpora\u00e7\u00e3o de cartaz Feira.\"><\/object><a id=\"wp-block-file--media-09656300-b3fa-4664-a682-c6c757767ff7\" href=\"https:\/\/aesia.pt\/portal\/wp-content\/uploads\/2025\/01\/cartaz-Feira.pdf\">cartaz Feira<\/a><a href=\"https:\/\/aesia.pt\/portal\/wp-content\/uploads\/2025\/01\/cartaz-Feira.pdf\" class=\"wp-block-file__button wp-element-button\" download aria-describedby=\"wp-block-file--media-09656300-b3fa-4664-a682-c6c757767ff7\">Descarregar<\/a><\/div>\n","protected":false},"excerpt":{"rendered":"<p>Ir\u00e1 decorrer nos dias 29, 30 e 31 de janeiro na BE\/CRE da escola sede, a Feira de Minerais e&hellip; <a class=\"continue\" href=\"https:\/\/aesia.pt\/portal\/feira-de-minerais-e-fosseis\/\">Ler mais<span> Feira de Minerais e F\u00f3sseis<\/span><\/a><\/p>\n","protected":false},"author":13,"featured_media":14765,"comment_status":"closed","ping_status":"closed","sticky":false,"template":"","format":"standard","meta":{"_acf_changed":false,"footnotes":""},"categories":[46],"tags":[],"class_list":["post-14763","post","type-post","status-publish","format-standard","has-post-thumbnail","hentry","category-destaques"],"acf":[],"yoast_head":"<!-- This site is optimized with the Yoast SEO plugin v27.5 - https:\/\/yoast.com\/product\/yoast-seo-wordpress\/ -->\n<title>Feira de Minerais e F\u00f3sseis &#8211; AESIA<\/title>\n<meta name=\"robots\" content=\"index, follow, max-snippet:-1, max-image-preview:large, max-video-preview:-1\" \/>\n<link rel=\"canonical\" href=\"https:\/\/aesia.pt\/portal\/feira-de-minerais-e-fosseis\/\" \/>\n<meta property=\"og:locale\" content=\"pt_PT\" \/>\n<meta property=\"og:type\" content=\"article\" \/>\n<meta property=\"og:title\" content=\"Feira de Minerais e F\u00f3sseis &#8211; AESIA\" \/>\n<meta property=\"og:description\" content=\"Ir\u00e1 decorrer nos dias 29, 30 e 31 de janeiro na BE\/CRE da escola sede, a Feira de Minerais e&hellip; Ler mais Feira de Minerais e F\u00f3sseis\" \/>\n<meta property=\"og:url\" content=\"https:\/\/aesia.pt\/portal\/feira-de-minerais-e-fosseis\/\" \/>\n<meta property=\"og:site_name\" content=\"AESIA\" \/>\n<meta property=\"article:publisher\" content=\"https:\/\/www.facebook.com\/aesia.pt\/\" \/>\n<meta property=\"article:published_time\" content=\"2025-01-27T09:59:45+00:00\" \/>\n<meta property=\"og:image\" content=\"https:\/\/aesia.pt\/portal\/wp-content\/uploads\/2025\/01\/feira_minerais.jpg\" \/>\n\t<meta property=\"og:image:width\" content=\"647\" \/>\n\t<meta property=\"og:image:height\" content=\"819\" \/>\n\t<meta property=\"og:image:type\" content=\"image\/jpeg\" \/>\n<meta name=\"author\" content=\"noticias@aesia.pt\" \/>\n<meta name=\"twitter:card\" content=\"summary_large_image\" \/>\n<meta name=\"twitter:label1\" content=\"Escrito por\" \/>\n\t<meta name=\"twitter:data1\" content=\"noticias@aesia.pt\" \/>\n<script type=\"application\/ld+json\" class=\"yoast-schema-graph\">{\"@context\":\"https:\\\/\\\/schema.org\",\"@graph\":[{\"@type\":\"Article\",\"@id\":\"https:\\\/\\\/aesia.pt\\\/portal\\\/feira-de-minerais-e-fosseis\\\/#article\",\"isPartOf\":{\"@id\":\"https:\\\/\\\/aesia.pt\\\/portal\\\/feira-de-minerais-e-fosseis\\\/\"},\"author\":{\"name\":\"noticias@aesia.pt\",\"@id\":\"https:\\\/\\\/aesia.pt\\\/portal\\\/#\\\/schema\\\/person\\\/3e668ee0053d9ab336b3c95d6be37f8e\"},\"headline\":\"Feira de Minerais e F\u00f3sseis\",\"datePublished\":\"2025-01-27T09:59:45+00:00\",\"mainEntityOfPage\":{\"@id\":\"https:\\\/\\\/aesia.pt\\\/portal\\\/feira-de-minerais-e-fosseis\\\/\"},\"wordCount\":66,\"publisher\":{\"@id\":\"https:\\\/\\\/aesia.pt\\\/portal\\\/#organization\"},\"image\":{\"@id\":\"https:\\\/\\\/aesia.pt\\\/portal\\\/feira-de-minerais-e-fosseis\\\/#primaryimage\"},\"thumbnailUrl\":\"https:\\\/\\\/aesia.pt\\\/portal\\\/wp-content\\\/uploads\\\/2025\\\/01\\\/feira_minerais.jpg\",\"articleSection\":[\"Destaques\"],\"inLanguage\":\"pt-PT\"},{\"@type\":\"WebPage\",\"@id\":\"https:\\\/\\\/aesia.pt\\\/portal\\\/feira-de-minerais-e-fosseis\\\/\",\"url\":\"https:\\\/\\\/aesia.pt\\\/portal\\\/feira-de-minerais-e-fosseis\\\/\",\"name\":\"Feira de Minerais e F\u00f3sseis &#8211; AESIA\",\"isPartOf\":{\"@id\":\"https:\\\/\\\/aesia.pt\\\/portal\\\/#website\"},\"primaryImageOfPage\":{\"@id\":\"https:\\\/\\\/aesia.pt\\\/portal\\\/feira-de-minerais-e-fosseis\\\/#primaryimage\"},\"image\":{\"@id\":\"https:\\\/\\\/aesia.pt\\\/portal\\\/feira-de-minerais-e-fosseis\\\/#primaryimage\"},\"thumbnailUrl\":\"https:\\\/\\\/aesia.pt\\\/portal\\\/wp-content\\\/uploads\\\/2025\\\/01\\\/feira_minerais.jpg\",\"datePublished\":\"2025-01-27T09:59:45+00:00\",\"breadcrumb\":{\"@id\":\"https:\\\/\\\/aesia.pt\\\/portal\\\/feira-de-minerais-e-fosseis\\\/#breadcrumb\"},\"inLanguage\":\"pt-PT\",\"potentialAction\":[{\"@type\":\"ReadAction\",\"target\":[\"https:\\\/\\\/aesia.pt\\\/portal\\\/feira-de-minerais-e-fosseis\\\/\"]}]},{\"@type\":\"ImageObject\",\"inLanguage\":\"pt-PT\",\"@id\":\"https:\\\/\\\/aesia.pt\\\/portal\\\/feira-de-minerais-e-fosseis\\\/#primaryimage\",\"url\":\"https:\\\/\\\/aesia.pt\\\/portal\\\/wp-content\\\/uploads\\\/2025\\\/01\\\/feira_minerais.jpg\",\"contentUrl\":\"https:\\\/\\\/aesia.pt\\\/portal\\\/wp-content\\\/uploads\\\/2025\\\/01\\\/feira_minerais.jpg\",\"width\":647,\"height\":819},{\"@type\":\"BreadcrumbList\",\"@id\":\"https:\\\/\\\/aesia.pt\\\/portal\\\/feira-de-minerais-e-fosseis\\\/#breadcrumb\",\"itemListElement\":[{\"@type\":\"ListItem\",\"position\":1,\"name\":\"Home\",\"item\":\"https:\\\/\\\/aesia.pt\\\/portal\\\/\"},{\"@type\":\"ListItem\",\"position\":2,\"name\":\"Feira de Minerais e F\u00f3sseis\"}]},{\"@type\":\"WebSite\",\"@id\":\"https:\\\/\\\/aesia.pt\\\/portal\\\/#website\",\"url\":\"https:\\\/\\\/aesia.pt\\\/portal\\\/\",\"name\":\"AESIA\",\"description\":\"Agrupamento de Escolas de Santa Iria de Az\u00f3ia\",\"publisher\":{\"@id\":\"https:\\\/\\\/aesia.pt\\\/portal\\\/#organization\"},\"alternateName\":\"Agrupamento de Escolas de Santa Iria de Az\u00f3ia\",\"potentialAction\":[{\"@type\":\"SearchAction\",\"target\":{\"@type\":\"EntryPoint\",\"urlTemplate\":\"https:\\\/\\\/aesia.pt\\\/portal\\\/?s={search_term_string}\"},\"query-input\":{\"@type\":\"PropertyValueSpecification\",\"valueRequired\":true,\"valueName\":\"search_term_string\"}}],\"inLanguage\":\"pt-PT\"},{\"@type\":\"Organization\",\"@id\":\"https:\\\/\\\/aesia.pt\\\/portal\\\/#organization\",\"name\":\"Agrupamento de Escolas de Santa Iria de Az\u00f3ia\",\"alternateName\":\"AESIA\",\"url\":\"https:\\\/\\\/aesia.pt\\\/portal\\\/\",\"logo\":{\"@type\":\"ImageObject\",\"inLanguage\":\"pt-PT\",\"@id\":\"https:\\\/\\\/aesia.pt\\\/portal\\\/#\\\/schema\\\/logo\\\/image\\\/\",\"url\":\"https:\\\/\\\/aesia.pt\\\/portal\\\/wp-content\\\/uploads\\\/2023\\\/04\\\/logo4.png\",\"contentUrl\":\"https:\\\/\\\/aesia.pt\\\/portal\\\/wp-content\\\/uploads\\\/2023\\\/04\\\/logo4.png\",\"width\":162,\"height\":162,\"caption\":\"Agrupamento de Escolas de Santa Iria de Az\u00f3ia\"},\"image\":{\"@id\":\"https:\\\/\\\/aesia.pt\\\/portal\\\/#\\\/schema\\\/logo\\\/image\\\/\"},\"sameAs\":[\"https:\\\/\\\/www.facebook.com\\\/aesia.pt\\\/\"]},{\"@type\":\"Person\",\"@id\":\"https:\\\/\\\/aesia.pt\\\/portal\\\/#\\\/schema\\\/person\\\/3e668ee0053d9ab336b3c95d6be37f8e\",\"name\":\"noticias@aesia.pt\",\"image\":{\"@type\":\"ImageObject\",\"inLanguage\":\"pt-PT\",\"@id\":\"https:\\\/\\\/secure.gravatar.com\\\/avatar\\\/303621da1c6d6a06cbd5d2481fab4a901aa14c66676f1edff97ddef8b6cf1319?s=96&d=mm&r=g\",\"url\":\"https:\\\/\\\/secure.gravatar.com\\\/avatar\\\/303621da1c6d6a06cbd5d2481fab4a901aa14c66676f1edff97ddef8b6cf1319?s=96&d=mm&r=g\",\"contentUrl\":\"https:\\\/\\\/secure.gravatar.com\\\/avatar\\\/303621da1c6d6a06cbd5d2481fab4a901aa14c66676f1edff97ddef8b6cf1319?s=96&d=mm&r=g\",\"caption\":\"noticias@aesia.pt\"},\"url\":\"https:\\\/\\\/aesia.pt\\\/portal\\\/author\\\/noticiasaesia-pt\\\/\"}]}<\/script>\n<!-- \/ Yoast SEO plugin. -->","yoast_head_json":{"title":"Feira de Minerais e F\u00f3sseis &#8211; AESIA","robots":{"index":"index","follow":"follow","max-snippet":"max-snippet:-1","max-image-preview":"max-image-preview:large","max-video-preview":"max-video-preview:-1"},"canonical":"https:\/\/aesia.pt\/portal\/feira-de-minerais-e-fosseis\/","og_locale":"pt_PT","og_type":"article","og_title":"Feira de Minerais e F\u00f3sseis &#8211; AESIA","og_description":"Ir\u00e1 decorrer nos dias 29, 30 e 31 de janeiro na BE\/CRE da escola sede, a Feira de Minerais e&hellip; Ler mais Feira de Minerais e F\u00f3sseis","og_url":"https:\/\/aesia.pt\/portal\/feira-de-minerais-e-fosseis\/","og_site_name":"AESIA","article_publisher":"https:\/\/www.facebook.com\/aesia.pt\/","article_published_time":"2025-01-27T09:59:45+00:00","og_image":[{"width":647,"height":819,"url":"https:\/\/aesia.pt\/portal\/wp-content\/uploads\/2025\/01\/feira_minerais.jpg","type":"image\/jpeg"}],"author":"noticias@aesia.pt","twitter_card":"summary_large_image","twitter_misc":{"Escrito por":"noticias@aesia.pt"},"schema":{"@context":"https:\/\/schema.org","@graph":[{"@type":"Article","@id":"https:\/\/aesia.pt\/portal\/feira-de-minerais-e-fosseis\/#article","isPartOf":{"@id":"https:\/\/aesia.pt\/portal\/feira-de-minerais-e-fosseis\/"},"author":{"name":"noticias@aesia.pt","@id":"https:\/\/aesia.pt\/portal\/#\/schema\/person\/3e668ee0053d9ab336b3c95d6be37f8e"},"headline":"Feira de Minerais e F\u00f3sseis","datePublished":"2025-01-27T09:59:45+00:00","mainEntityOfPage":{"@id":"https:\/\/aesia.pt\/portal\/feira-de-minerais-e-fosseis\/"},"wordCount":66,"publisher":{"@id":"https:\/\/aesia.pt\/portal\/#organization"},"image":{"@id":"https:\/\/aesia.pt\/portal\/feira-de-minerais-e-fosseis\/#primaryimage"},"thumbnailUrl":"https:\/\/aesia.pt\/portal\/wp-content\/uploads\/2025\/01\/feira_minerais.jpg","articleSection":["Destaques"],"inLanguage":"pt-PT"},{"@type":"WebPage","@id":"https:\/\/aesia.pt\/portal\/feira-de-minerais-e-fosseis\/","url":"https:\/\/aesia.pt\/portal\/feira-de-minerais-e-fosseis\/","name":"Feira de Minerais e F\u00f3sseis &#8211; AESIA","isPartOf":{"@id":"https:\/\/aesia.pt\/portal\/#website"},"primaryImageOfPage":{"@id":"https:\/\/aesia.pt\/portal\/feira-de-minerais-e-fosseis\/#primaryimage"},"image":{"@id":"https:\/\/aesia.pt\/portal\/feira-de-minerais-e-fosseis\/#primaryimage"},"thumbnailUrl":"https:\/\/aesia.pt\/portal\/wp-content\/uploads\/2025\/01\/feira_minerais.jpg","datePublished":"2025-01-27T09:59:45+00:00","breadcrumb":{"@id":"https:\/\/aesia.pt\/portal\/feira-de-minerais-e-fosseis\/#breadcrumb"},"inLanguage":"pt-PT","potentialAction":[{"@type":"ReadAction","target":["https:\/\/aesia.pt\/portal\/feira-de-minerais-e-fosseis\/"]}]},{"@type":"ImageObject","inLanguage":"pt-PT","@id":"https:\/\/aesia.pt\/portal\/feira-de-minerais-e-fosseis\/#primaryimage","url":"https:\/\/aesia.pt\/portal\/wp-content\/uploads\/2025\/01\/feira_minerais.jpg","contentUrl":"https:\/\/aesia.pt\/portal\/wp-content\/uploads\/2025\/01\/feira_minerais.jpg","width":647,"height":819},{"@type":"BreadcrumbList","@id":"https:\/\/aesia.pt\/portal\/feira-de-minerais-e-fosseis\/#breadcrumb","itemListElement":[{"@type":"ListItem","position":1,"name":"Home","item":"https:\/\/aesia.pt\/portal\/"},{"@type":"ListItem","position":2,"name":"Feira de Minerais e F\u00f3sseis"}]},{"@type":"WebSite","@id":"https:\/\/aesia.pt\/portal\/#website","url":"https:\/\/aesia.pt\/portal\/","name":"AESIA","description":"Agrupamento de Escolas de Santa Iria de Az\u00f3ia","publisher":{"@id":"https:\/\/aesia.pt\/portal\/#organization"},"alternateName":"Agrupamento de Escolas de Santa Iria de Az\u00f3ia","potentialAction":[{"@type":"SearchAction","target":{"@type":"EntryPoint","urlTemplate":"https:\/\/aesia.pt\/portal\/?s={search_term_string}"},"query-input":{"@type":"PropertyValueSpecification","valueRequired":true,"valueName":"search_term_string"}}],"inLanguage":"pt-PT"},{"@type":"Organization","@id":"https:\/\/aesia.pt\/portal\/#organization","name":"Agrupamento de Escolas de Santa Iria de Az\u00f3ia","alternateName":"AESIA","url":"https:\/\/aesia.pt\/portal\/","logo":{"@type":"ImageObject","inLanguage":"pt-PT","@id":"https:\/\/aesia.pt\/portal\/#\/schema\/logo\/image\/","url":"https:\/\/aesia.pt\/portal\/wp-content\/uploads\/2023\/04\/logo4.png","contentUrl":"https:\/\/aesia.pt\/portal\/wp-content\/uploads\/2023\/04\/logo4.png","width":162,"height":162,"caption":"Agrupamento de Escolas de Santa Iria de Az\u00f3ia"},"image":{"@id":"https:\/\/aesia.pt\/portal\/#\/schema\/logo\/image\/"},"sameAs":["https:\/\/www.facebook.com\/aesia.pt\/"]},{"@type":"Person","@id":"https:\/\/aesia.pt\/portal\/#\/schema\/person\/3e668ee0053d9ab336b3c95d6be37f8e","name":"noticias@aesia.pt","image":{"@type":"ImageObject","inLanguage":"pt-PT","@id":"https:\/\/secure.gravatar.com\/avatar\/303621da1c6d6a06cbd5d2481fab4a901aa14c66676f1edff97ddef8b6cf1319?s=96&d=mm&r=g","url":"https:\/\/secure.gravatar.com\/avatar\/303621da1c6d6a06cbd5d2481fab4a901aa14c66676f1edff97ddef8b6cf1319?s=96&d=mm&r=g","contentUrl":"https:\/\/secure.gravatar.com\/avatar\/303621da1c6d6a06cbd5d2481fab4a901aa14c66676f1edff97ddef8b6cf1319?s=96&d=mm&r=g","caption":"noticias@aesia.pt"},"url":"https:\/\/aesia.pt\/portal\/author\/noticiasaesia-pt\/"}]}},"_links":{"self":[{"href":"https:\/\/aesia.pt\/portal\/wp-json\/wp\/v2\/posts\/14763","targetHints":{"allow":["GET"]}}],"collection":[{"href":"https:\/\/aesia.pt\/portal\/wp-json\/wp\/v2\/posts"}],"about":[{"href":"https:\/\/aesia.pt\/portal\/wp-json\/wp\/v2\/types\/post"}],"author":[{"embeddable":true,"href":"https:\/\/aesia.pt\/portal\/wp-json\/wp\/v2\/users\/13"}],"replies":[{"embeddable":true,"href":"https:\/\/aesia.pt\/portal\/wp-json\/wp\/v2\/comments?post=14763"}],"version-history":[{"count":1,"href":"https:\/\/aesia.pt\/portal\/wp-json\/wp\/v2\/posts\/14763\/revisions"}],"predecessor-version":[{"id":14766,"href":"https:\/\/aesia.pt\/portal\/wp-json\/wp\/v2\/posts\/14763\/revisions\/14766"}],"wp:featuredmedia":[{"embeddable":true,"href":"https:\/\/aesia.pt\/portal\/wp-json\/wp\/v2\/media\/14765"}],"wp:attachment":[{"href":"https:\/\/aesia.pt\/portal\/wp-json\/wp\/v2\/media?parent=14763"}],"wp:term":[{"taxonomy":"category","embeddable":true,"href":"https:\/\/aesia.pt\/portal\/wp-json\/wp\/v2\/categories?post=14763"},{"taxonomy":"post_tag","embeddable":true,"href":"https:\/\/aesia.pt\/portal\/wp-json\/wp\/v2\/tags?post=14763"}],"curies":[{"name":"wp","href":"https:\/\/api.w.org\/{rel}","templated":true}]}}