{"id":14562,"date":"2025-01-14T14:07:10","date_gmt":"2025-01-14T14:07:10","guid":{"rendered":"https:\/\/aesia.pt\/portal\/?p=14562"},"modified":"2025-01-14T14:07:10","modified_gmt":"2025-01-14T14:07:10","slug":"fwd-secretaria-fwd-fevereiro-formacao-acreditada-para-docentes-cfamm-assp","status":"publish","type":"post","link":"https:\/\/aesia.pt\/portal\/fwd-secretaria-fwd-fevereiro-formacao-acreditada-para-docentes-cfamm-assp\/","title":{"rendered":"[SECRETARIA] Fwd: FEVEREIRO- FORMA\u00c7\u00c3O ACREDITADA PARA DOCENTES \u2013 CFAMM \u2013 ASSP"},"content":{"rendered":"<div class=\"postie-post\">\n<div dir=\"ltr\">\n<div class=\"gmail_quote gmail_quote_container\">\n<div dir=\"ltr\" class=\"gmail_attr\">&#8212;&#8212;&#8212;- Forwarded message &#8212;&#8212;&#8212;<br \/>De: <strong class=\"gmail_sendername\" dir=\"auto\">ASSP- Delega\u00e7\u00e3o de Santar\u00e9m Cp<\/strong> <span dir=\"auto\">&lt;<a href=\"mailto:assp.str@gmail.com\"><a href=\"mailto:assp.str@gmail.com\" >assp.str@gmail.com<\/a><\/a>&gt;<\/span><br \/>Date: ter\u00e7a, 14\/01\/2025 \u00e0(s) 11:41<br \/>Subject: [SECRETARIA] Fwd: FEVEREIRO- FORMA\u00c7\u00c3O ACREDITADA PARA DOCENTES \u2013 CFAMM \u2013 ASSP<br \/>To: <\/div>\n<div dir=\"ltr\">\n<div><\/div>\n<div class=\"gmail_quote\">\n<div>\n<div dir=\"ltr\">\n<div style=\"direction:ltr;line-height:1.38;margin:0cm 0cm 10pt;font-family:Aptos,Aptos_EmbeddedFont,Aptos_MSFontService,Calibri,Helvetica,sans-serif;font-size:12pt;color:rgb(0,0,0)\">\n<b>Exmo.\/a. Senhor\/a Diretor\/a<\/b><\/div>\n<div style=\"direction:ltr;line-height:1.38;margin:0cm 0cm 10pt;font-family:Aptos,Aptos_EmbeddedFont,Aptos_MSFontService,Calibri,Helvetica,sans-serif;font-size:12pt;color:rgb(0,0,0)\">\n<b>Exmo.\/a. Professor\/a<\/b><\/div>\n<div style=\"direction:ltr;line-height:normal;margin:0cm 0cm 0.0001pt;font-family:Aptos,Aptos_EmbeddedFont,Aptos_MSFontService,Calibri,Helvetica,sans-serif;font-size:12pt;color:rgb(0,0,0)\">\n\u00a0<\/div>\n<div style=\"direction:ltr;text-align:justify;line-height:1.38;margin:0cm 0cm 10pt;font-family:Aptos,Aptos_EmbeddedFont,Aptos_MSFontService,Calibri,Helvetica,sans-serif;font-size:12pt;color:rgb(0,0,0)\">\nJunto enviamos a divulga\u00e7\u00e3o de cursos de forma\u00e7\u00e3o de 25 horas, acreditados pelo CCPFC, destinados a Professores e Educadores, em regime E-learning (Zoom), dada a pertin\u00eancia e atualidade das ofertas formativas, certos que merecer\u00e3o a sua\/vossa melhor aten\u00e7\u00e3o,<br \/>\n divulgando as mesmas junto dos professores da vossa Unidade Org\u00e2nica\/Escola\/Institu\u00e7\u00e3o.<\/div>\n<div style=\"direction:ltr;line-height:1.38;margin:0cm 0cm 10pt;font-family:Aptos,Aptos_EmbeddedFont,Aptos_MSFontService,Calibri,Helvetica,sans-serif;font-size:12pt;color:rgb(0,0,0)\">\n\u00a0<\/div>\n<div style=\"direction:ltr;line-height:1.38;margin:0cm 0cm 10pt;font-family:Aptos,Aptos_EmbeddedFont,Aptos_MSFontService,Calibri,Helvetica,sans-serif;font-size:12pt;color:rgb(134,17,6)\">\n<b><u>A\u00c7\u00c3O 222 &#8211;\u00a0EDUCA\u00c7\u00c3O F\u00cdSICA: PLANEAMENTO E ORGANIZA\u00c7\u00c3O DE EVENTOS DESPORTIVOS COM RECURSOS DIGITAIS<\/u><\/b><\/div>\n<div style=\"direction:ltr;line-height:1.38;margin:0cm 0cm 10pt;font-family:Aptos,Aptos_EmbeddedFont,Aptos_MSFontService,Calibri,Helvetica,sans-serif;font-size:12pt;color:rgb(0,0,0)\">\n<b>Registo de acredita\u00e7\u00e3o<\/b>: CCPFC\/ACC-131081\/24<\/div>\n<div style=\"direction:ltr;line-height:1.38;margin:0cm 0cm 10pt;font-family:Aptos,Aptos_EmbeddedFont,Aptos_MSFontService,Calibri,Helvetica,sans-serif;font-size:12pt;color:rgb(0,0,0)\">\n<b>P\u00fablico-alvo:<\/b>\u00a0Professores dos Grupos 260 e 620<\/div>\n<div style=\"direction:ltr;line-height:1.38;margin:0cm 0cm 10pt;font-family:Aptos,Aptos_EmbeddedFont,Aptos_MSFontService,Calibri,Helvetica,sans-serif;font-size:12pt;color:rgb(0,0,0)\">\n<b>Formador<\/b>: Gast\u00e3o Fernando Silva Sousa<\/div>\n<div style=\"direction:ltr;line-height:1.38;margin:0cm 0cm 10pt;font-family:Aptos,Aptos_EmbeddedFont,Aptos_MSFontService,Calibri,Helvetica,sans-serif;font-size:12pt;color:rgb(0,0,0)\">\n<b><u>In\u00edcio: 01-02-2025<\/u><\/b><\/div>\n<div style=\"direction:ltr;text-align:justify;line-height:1.38;margin:0cm 0cm 10pt;font-family:Aptos,Aptos_EmbeddedFont,Aptos_MSFontService,Calibri,Helvetica,sans-serif;font-size:12pt;color:rgb(0,0,0)\">\nUma das \u00e1reas de interven\u00e7\u00e3o regular do prof. de EF \u00e9 o planeamento e organiza\u00e7\u00e3o de eventos desportivos escolares, tanto ao n\u00edvel da turma, inter turmas, escola ou agrupamento. A utiliza\u00e7\u00e3o de solu\u00e7\u00f5es no code, que automatizem procedimentos e tarefas, diminuindo<br \/>\n o tempo que o prof. dedica \u00e0 prepara\u00e7\u00e3o das atividades, pode contribuir decisivamente para a qualidade e sucesso dos eventos. Os novos desenvolvimentos da tecnologias, nomeadamente nas solu\u00e7\u00f5es de IA, aliada a uma lacuna na forma\u00e7\u00e3o cont\u00ednua deste grupo disciplinar<br \/>\n sobre a sua aplica\u00e7\u00e3o no planeamento e organiza\u00e7\u00e3o de eventos desportivos escolares, justifica a cria\u00e7\u00e3o de um curso de forma\u00e7\u00e3o espec\u00edfico que potencie a aplica\u00e7\u00e3o da tecnologia na pr\u00e1tica docente em EF.<\/div>\n<div style=\"direction:ltr;text-align:justify;line-height:1.38;margin:0cm 0cm 10pt;font-family:Aptos,Aptos_EmbeddedFont,Aptos_MSFontService,Calibri,Helvetica,sans-serif;font-size:12pt;color:rgb(0,0,0)\">\n\u25aa Para os efeitos previstos no n.\u00ba 1 do artigo 8.\u00ba, do Regime Jur\u00eddico da Forma\u00e7\u00e3o Cont\u00ednua de Professores, a presente a\u00e7\u00e3o releva para efeitos de progress\u00e3o em carreira de Professores dos Grupos 260 e 620. Mais se certifica que, para os efeitos previstos no<br \/>\n artigo 9.\u00ba, do Regime Jur\u00eddico da Forma\u00e7\u00e3o Cont\u00ednua de Professores (dimens\u00e3o cient\u00edfica e pedag\u00f3gica), a presente a\u00e7\u00e3o releva para efeitos de progress\u00e3o em carreira de Professores dos Grupos 260 e 620.<\/div>\n<div style=\"direction:ltr;line-height:1.38;margin:0cm 0cm 10pt;font-family:Aptos,Aptos_EmbeddedFont,Aptos_MSFontService,Calibri,Helvetica,sans-serif;font-size:12pt\">\n<span style=\"color:rgb(0,0,0)\"><b>Para mais informa\u00e7\u00f5es e inscri\u00e7\u00f5es: <\/b><\/span><span style=\"color:rgb(81,167,249)\"><u><a href=\"https:\/\/cfamm.assp.pt\/\" id=\"m_-657452884635774684m_-7949502358822600000OWA052c1f79-97a4-f622-9850-36ce42dbd937\" style=\"color:rgb(81,167,249)\" target=\"_blank\">https:\/\/cfamm.assp.pt\/<\/a><\/u><\/span><\/div>\n<div style=\"direction:ltr;line-height:normal;margin:0cm 0cm 0.0001pt;font-family:Aptos,Aptos_EmbeddedFont,Aptos_MSFontService,Calibri,Helvetica,sans-serif;font-size:12pt;color:rgb(0,0,0)\">\n\u00a0<\/div>\n<div style=\"direction:ltr;line-height:1.38;margin:0cm 0cm 10pt;font-family:Aptos,Aptos_EmbeddedFont,Aptos_MSFontService,Calibri,Helvetica,sans-serif;font-size:12pt;color:rgb(134,17,6)\">\n<b><u>A\u00c7\u00c3O 202 &#8211;\u00a0VIDEOJOGOS E GAME-BASED LEARNING: APRENDIZAGEM E CIDADANIA<\/u><\/b><\/div>\n<div style=\"direction:ltr;line-height:1.38;margin:0cm 0cm 10pt;font-family:Aptos,Aptos_EmbeddedFont,Aptos_MSFontService,Calibri,Helvetica,sans-serif;font-size:12pt;color:rgb(0,0,0)\">\n<b>Registo de acredita\u00e7\u00e3o:<\/b>\u00a0CCPFC\/ACC-127226\/24\u00a0<\/div>\n<div style=\"direction:ltr;line-height:1.38;margin:0cm 0cm 10pt;font-family:Aptos,Aptos_EmbeddedFont,Aptos_MSFontService,Calibri,Helvetica,sans-serif;font-size:12pt;color:rgb(0,0,0)\">\n<b>P\u00fablico-alvo:<\/b>\u00a0Educadores de Inf\u00e2ncia, Professores dos Ensinos B\u00e1sico, Secund\u00e1rio e Educa\u00e7\u00e3o Especial\u00a0<\/div>\n<div style=\"direction:ltr;line-height:1.38;margin:0cm 0cm 10pt;font-family:Aptos,Aptos_EmbeddedFont,Aptos_MSFontService,Calibri,Helvetica,sans-serif;font-size:12pt;color:rgb(0,0,0)\">\n<b>Formadora: <\/b>Filipa Ferreira Dinis Monteiro de Sousa<\/div>\n<div style=\"direction:ltr;line-height:1.38;margin:0cm 0cm 10pt;font-family:Aptos,Aptos_EmbeddedFont,Aptos_MSFontService,Calibri,Helvetica,sans-serif;font-size:12pt;color:rgb(0,0,0)\">\n<b><u>In\u00edcio: 10-02-2025<\/u><\/b><\/div>\n<div style=\"direction:ltr;text-align:justify;line-height:1.38;margin:0cm 0cm 10pt;font-family:Aptos,Aptos_EmbeddedFont,Aptos_MSFontService,Calibri,Helvetica,sans-serif;font-size:12pt;color:rgb(0,0,0)\">\nO crescente interesse dos jovens por videojogos, torna-os um recurso particularmente apelativo e capaz de suscitar o interesse dos alunos. Mais, alguns videojogos apresentam caracter\u00edsticas particulares que, quando integrados em pr\u00e1ticas pedag\u00f3gicas bem estruturadas,<br \/>\n os tornam recursos educativos mediadores de aprendizagens significativas, atrav\u00e9s do designado game-based learning (GBL). A \u00e1rea da cidadania e do desenvolvimento moral \u00e9 central na forma\u00e7\u00e3o de novas gera\u00e7\u00f5es e, a par da tecnologia, \u00e9 listada como compet\u00eancia-chave<br \/>\n para o s\u00e9culo XXI, que a escola deve privilegiar. Sendo que muitos videojogos s\u00e3o, eles mesmos, desafiadores do desenvolvimento moral dos jovens, \u00e9 leg\u00edtima a quest\u00e3o de como estes podem ser encarados no contexto educativo.<\/div>\n<div style=\"direction:ltr;text-align:justify;line-height:1.38;margin:0cm 0cm 10pt;font-family:Aptos,Aptos_EmbeddedFont,Aptos_MSFontService,Calibri,Helvetica,sans-serif;font-size:12pt;color:rgb(0,0,0)\">\n\u25aa Para os efeitos previstos no n.\u00ba 1 do artigo 8.\u00ba, do Regime Jur\u00eddico da Forma\u00e7\u00e3o Cont\u00ednua de Professores, a presente a\u00e7\u00e3o releva para efeitos de progress\u00e3o em carreira de Educadores de Inf\u00e2ncia, Professores dos Ensinos B\u00e1sico, Secund\u00e1rio, Educa\u00e7\u00e3o Especial.<br \/>\n Para efeitos de aplica\u00e7\u00e3o do artigo 9.\u00ba, do Regime Jur\u00eddico da Forma\u00e7\u00e3o Cont\u00ednua de Professores (dimens\u00e3o cient\u00edfica e pedag\u00f3gica), a presente a\u00e7\u00e3o n\u00e3o releva para efeitos de progress\u00e3o em carreira.<\/div>\n<div style=\"direction:ltr;line-height:1.38;margin:0cm 0cm 10pt;font-family:Aptos,Aptos_EmbeddedFont,Aptos_MSFontService,Calibri,Helvetica,sans-serif;font-size:12pt\">\n<span style=\"color:rgb(0,0,0)\"><b>Para mais informa\u00e7\u00f5es e inscri\u00e7\u00f5es: <\/b><\/span><span style=\"color:rgb(81,167,249)\"><u><a href=\"https:\/\/cfamm.assp.pt\/\" id=\"m_-657452884635774684m_-7949502358822600000OWAe4a30626-fefd-e75b-6d04-d6a0ee96c15e\" style=\"color:rgb(81,167,249)\" target=\"_blank\">https:\/\/cfamm.assp.pt\/<\/a><\/u><\/span><\/div>\n<div style=\"direction:ltr;line-height:normal;margin:0cm 0cm 0.0001pt;font-family:Aptos,Aptos_EmbeddedFont,Aptos_MSFontService,Calibri,Helvetica,sans-serif;font-size:12pt;color:rgb(0,0,0)\">\n\u00a0<\/div>\n<div style=\"direction:ltr;line-height:1.38;margin:0cm 0cm 10pt;font-family:Aptos,Aptos_EmbeddedFont,Aptos_MSFontService,Calibri,Helvetica,sans-serif;font-size:12pt;color:rgb(134,17,6)\">\n<b><u>A\u00c7\u00c3O 149 &#8211; CONVIV\u00caNCIA COOPERATIVA NO CONTEXTO EDUCATIVO: COMPET\u00caNCIAS DE COMUNICA\u00c7\u00c3O, RELACIONAIS E DE GEST\u00c3O DE CONFLITOS<\/u><\/b><\/div>\n<div style=\"direction:ltr;line-height:1.38;margin:0cm 0cm 10pt;font-family:Aptos,Aptos_EmbeddedFont,Aptos_MSFontService,Calibri,Helvetica,sans-serif;font-size:12pt;color:rgb(0,0,0)\">\n<b>Registo de acredita\u00e7\u00e3o: <\/b>CCPFC\/ACC-115401\/22<\/div>\n<div style=\"direction:ltr;line-height:1.38;margin:0cm 0cm 10pt;font-family:Aptos,Aptos_EmbeddedFont,Aptos_MSFontService,Calibri,Helvetica,sans-serif;font-size:12pt;color:rgb(0,0,0)\">\n<b>P\u00fablico-alvo: <\/b>Educadores de Inf\u00e2ncia e Professores dos Ensinos B\u00e1sico e Secund\u00e1rio\u00a0<\/div>\n<div style=\"direction:ltr;line-height:1.38;margin:0cm 0cm 10pt;font-family:Aptos,Aptos_EmbeddedFont,Aptos_MSFontService,Calibri,Helvetica,sans-serif;font-size:12pt;color:rgb(0,0,0)\">\n<b>Formadora: <\/b>Vanessa Esmeralda Rodrigues Pereira<\/div>\n<div style=\"direction:ltr;line-height:1.38;margin:0cm 0cm 10pt;font-family:Aptos,Aptos_EmbeddedFont,Aptos_MSFontService,Calibri,Helvetica,sans-serif;font-size:12pt;color:rgb(0,0,0)\">\n<b><u>In\u00edcio: 13-02-2025<\/u><\/b><\/div>\n<div style=\"direction:ltr;text-align:justify;line-height:1.38;margin:0cm 0cm 10pt;font-family:Aptos,Aptos_EmbeddedFont,Aptos_MSFontService,Calibri,Helvetica,sans-serif;font-size:12pt;color:rgb(0,0,0)\">\nNo contexto educativo, convivem diversas pessoas com necessidades, interesses e potencialidades espec\u00edficas, nem sempre sendo f\u00e1cil compreender e responder adequadamente \u00e0s necessidades de cada um. De facto, compreendendo as necessidades uns dos outros, as<br \/>\n rela\u00e7\u00f5es s\u00e3o mais satisfat\u00f3rias e profundas, permitindo consequentemente maior bem-estar e sucesso. Tanto o Perfil dos Alunos \u00e0 Sa\u00edda da Escolaridade Obrigat\u00f3ria como a Educa\u00e7\u00e3o para a Cidadania e o Plano 21\/23 Escola +, real\u00e7am a import\u00e2ncia do desenvolvimento<br \/>\n de diversas compet\u00eancias pessoais, como a comunica\u00e7\u00e3o, o pensamento cr\u00edtico e criativo, a resolu\u00e7\u00e3o de problemas, a colabora\u00e7\u00e3o, o relacionamento interpessoal, o desenvolvimento pessoal e a autonomia, o bem-estar e a sa\u00fade, etc.<\/div>\n<div style=\"direction:ltr;text-align:justify;line-height:1.38;margin:0cm 0cm 10pt;font-family:Aptos,Aptos_EmbeddedFont,Aptos_MSFontService,Calibri,Helvetica,sans-serif;font-size:12pt;color:rgb(0,0,0)\">\n\u25aa Para os efeitos previstos no n.\u00ba 1 do artigo 8.\u00ba, do Regime Jur\u00eddico da Forma\u00e7\u00e3o Cont\u00ednua de Professores, a presente a\u00e7\u00e3o releva para efeitos de progress\u00e3o em carreira de Educadores de Inf\u00e2ncia e Professores dos Ensinos B\u00e1sico e Secund\u00e1rio. Para efeitos de<br \/>\n aplica\u00e7\u00e3o do artigo 9.\u00ba, do Regime Jur\u00eddico da Forma\u00e7\u00e3o Cont\u00ednua de Professores (dimens\u00e3o cient\u00edfica e pedag\u00f3gica), a presente a\u00e7\u00e3o n\u00e3o releva para efeitos de progress\u00e3o em carreira.<\/div>\n<div style=\"direction:ltr;line-height:1.38;margin:0cm 0cm 10pt;font-family:Aptos,Aptos_EmbeddedFont,Aptos_MSFontService,Calibri,Helvetica,sans-serif;font-size:12pt\">\n<span style=\"color:rgb(0,0,0)\"><b>Para mais informa\u00e7\u00f5es e inscri\u00e7\u00f5es: <\/b><\/span><span style=\"color:rgb(81,167,249)\"><u><a href=\"https:\/\/cfamm.assp.pt\/\" id=\"m_-657452884635774684m_-7949502358822600000OWA67870607-89bf-feb6-b188-9aa85261ca30\" style=\"color:rgb(81,167,249)\" target=\"_blank\">https:\/\/cfamm.assp.pt\/<\/a><\/u><\/span><\/div>\n<div style=\"direction:ltr;line-height:normal;margin:0cm 0cm 0.0001pt;font-family:Aptos,Aptos_EmbeddedFont,Aptos_MSFontService,Calibri,Helvetica,sans-serif;font-size:12pt;color:rgb(0,0,0)\">\n\u00a0<\/div>\n<div style=\"direction:ltr;line-height:1.38;margin:0cm 0cm 10pt;font-family:Aptos,Aptos_EmbeddedFont,Aptos_MSFontService,Calibri,Helvetica,sans-serif;font-size:12pt;color:rgb(134,17,6)\">\n<b><u>A\u00c7\u00c3O\u00a0206 &#8211;\u00a0O SERVI\u00c7O DE REFER\u00caNCIA NAS BIBLIOTECAS<\/u><\/b><\/div>\n<div style=\"direction:ltr;line-height:1.38;margin:0cm 0cm 10pt;font-family:Aptos,Aptos_EmbeddedFont,Aptos_MSFontService,Calibri,Helvetica,sans-serif;font-size:12pt;color:rgb(0,0,0)\">\n<b>Registo de acredita\u00e7\u00e3o:<\/b>\u00a0CCPFC\/ACC-127410\/24<\/div>\n<div style=\"direction:ltr;line-height:1.38;margin:0cm 0cm 10pt;font-family:Aptos,Aptos_EmbeddedFont,Aptos_MSFontService,Calibri,Helvetica,sans-serif;font-size:12pt;color:rgb(0,0,0)\">\n<b>P\u00fablico-alvo:<\/b>\u00a0Educadores de Inf\u00e2ncia, Professores do Ensino B\u00e1sico e Secund\u00e1rio, Professores de Educa\u00e7\u00e3o Especial<\/div>\n<div style=\"direction:ltr;line-height:1.38;margin:0cm 0cm 10pt;font-family:Aptos,Aptos_EmbeddedFont,Aptos_MSFontService,Calibri,Helvetica,sans-serif;font-size:12pt;color:rgb(0,0,0)\">\n<b>Formadora:<\/b>\u00a0Marta Gomes<\/div>\n<div style=\"direction:ltr;line-height:1.38;margin:0cm 0cm 10pt;font-family:Aptos,Aptos_EmbeddedFont,Aptos_MSFontService,Calibri,Helvetica,sans-serif;font-size:12pt;color:rgb(0,0,0)\">\n<b><u>In\u00edcio: \u00a018-02-2025<\/u><\/b><\/div>\n<div style=\"direction:ltr;text-align:justify;line-height:1.38;margin:0cm 0cm 10pt;font-family:Aptos,Aptos_EmbeddedFont,Aptos_MSFontService,Calibri,Helvetica,sans-serif;font-size:12pt;color:rgb(0,0,0)\">\nAs Bibliotecas Escolares deparam-se com novos recursos humanos, professores bibliotec\u00e1rios, professores com algumas horas na equipa e assistentes operacionais ou t\u00e9cnicos, sem conhecimentos na \u00e1rea da biblioteconomia. O servi\u00e7o de refer\u00eancia \u00e9 essencial para<br \/>\n uma biblioteca escolar, cujo papel principal \u00e9 apoiar a comunidade escolar, em estrat\u00e9gias de pesquisa de informa\u00e7\u00e3o. Esta forma\u00e7\u00e3o \u00e9 primordial para os recursos humanos das Bibliotecas Escolares porque necessitam de estrat\u00e9gias para gerir um servi\u00e7o de refer\u00eancia.<\/div>\n<div style=\"direction:ltr;text-align:justify;line-height:1.38;margin:0cm 0cm 10pt;font-family:Aptos,Aptos_EmbeddedFont,Aptos_MSFontService,Calibri,Helvetica,sans-serif;font-size:12pt;color:rgb(0,0,0)\">\n\u25aa Para os efeitos previstos no n.\u00ba 1 do artigo 8.\u00ba, do Regime Jur\u00eddico da Forma\u00e7\u00e3o Cont\u00ednua de Professores, a presente a\u00e7\u00e3o releva para efeitos de progress\u00e3o em carreira de Educadores de Inf\u00e2ncia, Professores do Ensino B\u00e1sico e Secund\u00e1rio, Professores de Educa\u00e7\u00e3o<br \/>\n Especial. Para efeitos de aplica\u00e7\u00e3o do artigo 9.\u00ba, do Regime Jur\u00eddico da Forma\u00e7\u00e3o Cont\u00ednua de Professores (dimens\u00e3o cient\u00edfica e pedag\u00f3gica), a presente a\u00e7\u00e3o n\u00e3o releva para efeitos de progress\u00e3o em carreira.<\/div>\n<div style=\"direction:ltr;line-height:1.38;margin:0cm 0cm 10pt;font-family:Aptos,Aptos_EmbeddedFont,Aptos_MSFontService,Calibri,Helvetica,sans-serif;font-size:12pt\">\n<span style=\"color:rgb(0,0,0)\"><b>Para mais informa\u00e7\u00f5es e inscri\u00e7\u00f5es:<\/b><\/span><span style=\"color:rgb(81,167,249)\"><b><br \/>\n<\/b><u><a href=\"https:\/\/cfamm.assp.pt\/\" id=\"m_-657452884635774684m_-7949502358822600000OWAa8ab2812-7a89-b28c-a250-aef1fbf464d2\" style=\"color:rgb(81,167,249)\" target=\"_blank\">https:\/\/cfamm.assp.pt\/<\/a><\/u><\/span><\/div>\n<div style=\"direction:ltr;line-height:1.38;margin:0cm 0cm 10pt;font-family:Aptos,Aptos_EmbeddedFont,Aptos_MSFontService,Calibri,Helvetica,sans-serif;font-size:12pt;color:rgb(81,167,249)\">\n\n<\/div>\n<div style=\"direction:ltr;line-height:1.38;margin:0cm 0cm 10pt;font-family:Aptos,Aptos_EmbeddedFont,Aptos_MSFontService,Calibri,Helvetica,sans-serif;font-size:12pt;color:rgb(134,17,6)\">\n<b><u>A\u00c7\u00c3O 154 &#8211;\u00a0EDUCA\u00c7\u00c3O INCLUSIVA &#8211; MODELO DE ESCOLA E INTERVEN\u00c7\u00c3O MULTIN\u00cdVEL<\/u><\/b><\/div>\n<div style=\"direction:ltr;line-height:1.38;margin:0cm 0cm 10pt;font-family:Aptos,Aptos_EmbeddedFont,Aptos_MSFontService,Calibri,Helvetica,sans-serif;font-size:12pt;color:rgb(0,0,0)\">\n<b>Registo de acredita\u00e7\u00e3o:<\/b>\u00a0CCPFC\/ACC-116930\/22<\/div>\n<div style=\"direction:ltr;line-height:1.38;margin:0cm 0cm 10pt;font-family:Aptos,Aptos_EmbeddedFont,Aptos_MSFontService,Calibri,Helvetica,sans-serif;font-size:12pt;color:rgb(0,0,0)\">\n<b>P\u00fablico-alvo:<\/b>\u00a0Educadores de Inf\u00e2ncia, Professores dos Ensinos B\u00e1sico, Secund\u00e1rio e de Educa\u00e7\u00e3o Especial<\/div>\n<div style=\"direction:ltr;text-align:justify;line-height:1.38;margin:0cm 0cm 10pt;font-family:Aptos,Aptos_EmbeddedFont,Aptos_MSFontService,Calibri,Helvetica,sans-serif;font-size:12pt;color:rgb(0,0,0)\">\n<b>Formadoras:<\/b>\u00a0Ana Maria Lopes dos Reis Ferreira e Z\u00e9lia Maria Lopes Marques<\/div>\n<div style=\"direction:ltr;line-height:1.38;margin:0cm 0cm 10pt;font-family:Aptos,Aptos_EmbeddedFont,Aptos_MSFontService,Calibri,Helvetica,sans-serif;font-size:12pt;color:rgb(0,0,0)\">\n<b><u>In\u00edcio:\u00a018-02-2025<\/u><\/b><\/div>\n<div style=\"direction:ltr;text-align:justify;line-height:1.38;margin:0cm 0cm 10pt;font-family:Aptos,Aptos_EmbeddedFont,Aptos_MSFontService,Calibri,Helvetica,sans-serif;font-size:12pt;color:rgb(0,0,0)\">\nOs DL n\u00ba 54 e 55 comportam a exig\u00eancia de altera\u00e7\u00f5es estruturais na Escola, no sentido do desenvolvimento de contextos mais inclusivos. Estas altera\u00e7\u00f5es estruturais t\u00eam o seu cerne na sala de aula e nas pr\u00e1ticas dos professores. Por isso, as raz\u00f5es justificativas<br \/>\n desta proposta de forma\u00e7\u00e3o que apresentamos, dedicada \u00e0 operacionaliza\u00e7\u00e3o das medidas previstas no \u00e2mbito da Interven\u00e7\u00e3o Multin\u00edvel, assentam nas seguintes constata\u00e7\u00f5es:\u00a0 O Decreto-Lei n\u00ba 54\/2018 refere que as op\u00e7\u00f5es metodol\u00f3gicas subjacentes assentam na diferencia\u00e7\u00e3o<br \/>\n pedag\u00f3gica e na Interven\u00e7\u00e3o Multin\u00edvel;\u00a0 O Decreto-Lei n\u00ba 55\/2018 refere a abordagem multin\u00edvel como op\u00e7\u00e3o metodol\u00f3gica, que permite o acesso ao curr\u00edculo ajustada \u00e0s potencialidades e dificuldades dos alunos (artigo 3\u00ba).<\/div>\n<div style=\"direction:ltr;text-align:justify;line-height:1.38;margin:0cm 0cm 10pt;font-family:Aptos,Aptos_EmbeddedFont,Aptos_MSFontService,Calibri,Helvetica,sans-serif;font-size:12pt;color:rgb(0,0,0)\">\n\u25aa Para os efeitos previstos no n.\u00ba 1 do artigo 8.\u00ba, do Regime Jur\u00eddico da Forma\u00e7\u00e3o Cont\u00ednua de Professores, a presente a\u00e7\u00e3o releva para efeitos de progress\u00e3o em carreira de Educadores de Inf\u00e2ncia, Professores dos Ensinos B\u00e1sico, Secund\u00e1rio e de Educa\u00e7\u00e3o Especial.<br \/>\n Para efeitos de aplica\u00e7\u00e3o do artigo 9.\u00ba, do Regime Jur\u00eddico da Forma\u00e7\u00e3o Cont\u00ednua de Professores (dimens\u00e3o cient\u00edfica e pedag\u00f3gica), a presente a\u00e7\u00e3o n\u00e3o releva para efeitos de progress\u00e3o em carreira. No \u00e2mbito do Despacho n.\u00ba 4840\/2023, publicado a 21 de abril,<br \/>\n a a\u00e7\u00e3o de forma\u00e7\u00e3o, releva na dimens\u00e3o cient\u00edfico-pedag\u00f3gica para a progress\u00e3o da carreira docente.<\/div>\n<div style=\"direction:ltr;text-align:justify;line-height:1.38;margin:0cm 0cm 10pt;font-family:Aptos,Aptos_EmbeddedFont,Aptos_MSFontService,Calibri,Helvetica,sans-serif;font-size:12pt\">\n<span style=\"color:rgb(0,0,0)\"><b>Para mais informa\u00e7\u00f5es e inscri\u00e7\u00f5es: <\/b><\/span><span style=\"color:rgb(81,167,249)\"><u><a href=\"https:\/\/cfamm.assp.pt\/\" id=\"m_-657452884635774684m_-7949502358822600000OWA8763ec35-8f1c-b495-b2b4-1a84d0a66d4c\" style=\"color:rgb(81,167,249)\" target=\"_blank\">https:\/\/cfamm.assp.pt\/<\/a><\/u><\/span><\/div>\n<div style=\"direction:ltr;text-align:justify;line-height:normal;margin:0cm 0cm 0.0001pt;font-family:Aptos,Aptos_EmbeddedFont,Aptos_MSFontService,Calibri,Helvetica,sans-serif;font-size:12pt;color:rgb(0,0,0)\">\n\u00a0<\/div>\n<div style=\"direction:ltr;line-height:1.38;margin:0cm 0cm 10pt;font-family:Aptos,Aptos_EmbeddedFont,Aptos_MSFontService,Calibri,Helvetica,sans-serif;font-size:12pt;color:rgb(134,17,6)\">\n<b><u>A\u00c7\u00c3O 192 &#8211;\u00a0A INCLUS\u00c3O DE ALUNOS MIGRANTES: PRINC\u00cdPIOS E ESTRAT\u00c9GIAS<\/u><\/b><\/div>\n<div style=\"direction:ltr;line-height:normal;margin-right:0cm;margin-left:0cm;font-family:Aptos,Aptos_EmbeddedFont,Aptos_MSFontService,Calibri,Helvetica,sans-serif;font-size:12pt;color:rgb(0,0,0)\">\n<b>Registo de acredita\u00e7\u00e3o: <\/b>CCPFC\/ACC-123205\/24<\/div>\n<div style=\"direction:ltr;line-height:normal;margin-right:0cm;margin-left:0cm;font-family:Aptos,Aptos_EmbeddedFont,Aptos_MSFontService,Calibri,Helvetica,sans-serif;font-size:12pt;color:rgb(0,0,0)\">\n\n<\/div>\n<div style=\"direction:ltr;line-height:1.38;margin:0cm 0cm 10pt;font-family:Aptos,Aptos_EmbeddedFont,Aptos_MSFontService,Calibri,Helvetica,sans-serif;font-size:12pt;color:rgb(0,0,0)\">\n<b>P\u00fablico-alvo:<\/b>\u00a0Educadores de Inf\u00e2ncia e Professores dos Ensinos B\u00e1sico e Secund\u00e1rio e Professores de Educa\u00e7\u00e3o Especial<\/div>\n<div style=\"direction:ltr;line-height:1.38;margin:0cm 0cm 10pt;font-family:Aptos,Aptos_EmbeddedFont,Aptos_MSFontService,Calibri,Helvetica,sans-serif;font-size:12pt;color:rgb(0,0,0)\">\n<b>Formadora<\/b>: Ana Manuela Faria Salgado<\/div>\n<div style=\"direction:ltr;line-height:1.38;margin:0cm 0cm 10pt;font-family:Aptos,Aptos_EmbeddedFont,Aptos_MSFontService,Calibri,Helvetica,sans-serif;font-size:12pt;color:rgb(0,0,0)\">\n<b><u>In\u00edcio: 21-02-2025<\/u><\/b><\/div>\n<div style=\"direction:ltr;text-align:justify;line-height:1.38;margin:0cm 0cm 10pt;font-family:Aptos,Aptos_EmbeddedFont,Aptos_MSFontService,Calibri,Helvetica,sans-serif;font-size:12pt;color:rgb(0,0,0)\">\nA Educa\u00e7\u00e3o desempenha um papel primordial na promo\u00e7\u00e3o da justi\u00e7a social, equidade e cidadania democr\u00e1tica. Numa escola inclusiva assume-se a igualdade de oportunidades como condi\u00e7\u00e3o para o sucesso educativo de todos os alunos, ao longo da escolaridade obrigat\u00f3ria.<br \/>\n \u00c9, pois, indispens\u00e1vel assegurar o acesso \u00e0 educa\u00e7\u00e3o dos alunos que n\u00e3o tenham o Portugu\u00eas como l\u00edngua materna ou que n\u00e3o tenham tido o Portugu\u00eas como l\u00edngua de escolariza\u00e7\u00e3o. O Despacho n\u00ba. 2044\/2022 prev\u00ea medidas espec\u00edficas, particularmente no apoio \u00e0 aprendizagem<br \/>\n da l\u00edngua portuguesa, como objeto de estudo e como l\u00edngua de escolariza\u00e7\u00e3o, atrav\u00e9s da oferta da disciplina PLNM, nos 1.\u00ba, 2.\u00ba e 3.\u00ba ciclos do ensino b\u00e1sico, assim como nos cursos cient\u00edfico-human\u00edsticos, nos cursos art\u00edsticos especializados do ensino secund\u00e1rio<br \/>\n e nos cursos profissionais, no des\u00edgnio de assegurar a todos os alunos cuja l\u00edngua materna n\u00e3o \u00e9 o Portugu\u00eas condi\u00e7\u00f5es equitativas de acesso ao curr\u00edculo e ao sucesso educativo.<\/div>\n<div style=\"direction:ltr;text-align:justify;line-height:1.38;margin:0cm 0cm 10pt;font-family:Aptos,Aptos_EmbeddedFont,Aptos_MSFontService,Calibri,Helvetica,sans-serif;font-size:12pt;color:rgb(0,0,0)\">\n\u25aa Para os efeitos previstos no n.\u00ba 1 do artigo 8.\u00ba, do Regime Jur\u00eddico da Forma\u00e7\u00e3o Cont\u00ednua de Professores, a presente a\u00e7\u00e3o releva para efeitos de progress\u00e3o em carreira de Educadores de Inf\u00e2ncia e Professores dos Ensinos B\u00e1sico e Secund\u00e1rio e Professores de<br \/>\n Educa\u00e7\u00e3o Especial. Para efeitos de aplica\u00e7\u00e3o do artigo 9.\u00ba, do Regime Jur\u00eddico da Forma\u00e7\u00e3o Cont\u00ednua de Professores (dimens\u00e3o cient\u00edfica e pedag\u00f3gica), a presente a\u00e7\u00e3o n\u00e3o releva para efeitos de progress\u00e3o em carreira.<\/div>\n<div style=\"direction:ltr;line-height:1.38;margin:0cm 0cm 10pt;font-family:Aptos,Aptos_EmbeddedFont,Aptos_MSFontService,Calibri,Helvetica,sans-serif;font-size:12pt\">\n<span style=\"color:rgb(0,0,0)\"><b>Para mais informa\u00e7\u00f5es e inscri\u00e7\u00f5es: <\/b><\/span><span style=\"color:rgb(81,167,249)\"><u><a href=\"https:\/\/cfamm.assp.pt\/\" id=\"m_-657452884635774684m_-7949502358822600000OWA8203beec-365c-8ac0-b4d3-748e7b85e8ae\" style=\"color:rgb(81,167,249)\" target=\"_blank\">https:\/\/cfamm.assp.pt\/<\/a><\/u><\/span><\/div>\n<div style=\"direction:ltr;line-height:1.38;margin:0cm 0cm 10pt;font-family:Aptos,Aptos_EmbeddedFont,Aptos_MSFontService,Calibri,Helvetica,sans-serif;font-size:12pt;color:black\">\n\n<\/div>\n<div style=\"direction:ltr;line-height:1.38;margin:0cm 0cm 10pt;font-family:Aptos,Aptos_EmbeddedFont,Aptos_MSFontService,Calibri,Helvetica,sans-serif;font-size:12pt;color:rgb(134,17,6)\">\n<b><u>A\u00c7\u00c3O 179 &#8211;\u00a0A UTILIZA\u00c7\u00c3O DA INTELIG\u00caNCIA ARTIFICIAL NO ENSINO DA M\u00daSICA<\/u><\/b><\/div>\n<div style=\"direction:ltr;line-height:normal;margin-right:0cm;margin-left:0cm;font-family:Aptos,Aptos_EmbeddedFont,Aptos_MSFontService,Calibri,Helvetica,sans-serif;font-size:12pt;color:rgb(0,0,0)\">\n<b><u><br \/>\n<\/u><\/b><\/div>\n<div style=\"direction:ltr;line-height:1.38;margin:0cm 0cm 10pt;font-family:Aptos,Aptos_EmbeddedFont,Aptos_MSFontService,Calibri,Helvetica,sans-serif;font-size:12pt;color:rgb(0,0,0)\">\n<b>Registo de acredita\u00e7\u00e3o: <\/b>CCPFC\/ACC-121205\/23<\/div>\n<div style=\"direction:ltr;line-height:1.38;margin:0cm 0cm 10pt;font-family:Aptos,Aptos_EmbeddedFont,Aptos_MSFontService,Calibri,Helvetica,sans-serif;font-size:12pt;color:rgb(0,0,0)\">\n<b>P\u00fablico-alvo: <\/b>Professores de Grupos de recrutamento 250, 610, M01 a M32<\/div>\n<div style=\"direction:ltr;line-height:1.38;margin:0cm 0cm 10pt;font-family:Aptos,Aptos_EmbeddedFont,Aptos_MSFontService,Calibri,Helvetica,sans-serif;font-size:12pt;color:rgb(0,0,0)\">\n<b>Formador:<\/b>\u00a0Francesco Luciani<\/div>\n<div style=\"direction:ltr;line-height:1.38;margin:0cm 0cm 10pt;font-family:Aptos,Aptos_EmbeddedFont,Aptos_MSFontService,Calibri,Helvetica,sans-serif;font-size:12pt;color:rgb(0,0,0)\">\n<b><u>In\u00edcio: 24-02-2025<\/u><\/b><\/div>\n<div style=\"direction:ltr;text-align:justify;line-height:1.38;margin:0cm 0cm 10pt;font-family:Aptos,Aptos_EmbeddedFont,Aptos_MSFontService,Calibri,Helvetica,sans-serif;font-size:12pt;color:rgb(0,0,0)\">\nA Intelig\u00eancia Artificial j\u00e1 existe h\u00e1 alguns anos, mas desde o in\u00edcio de 2023 houve uma explos\u00e3o na utiliza\u00e7\u00e3o desta tecnologia, que tem sido transversal a todas as \u00e1reas sociais, incluindo a cultura, a m\u00fasica e a educa\u00e7\u00e3o. Esta realidade afeta potencialmente<br \/>\n a forma como os m\u00fasicos iniciantes abordam a aprendizagem da m\u00fasica e de um instrumento musical, e ir\u00e1, inevitavelmente, ter impacto na forma como a educa\u00e7\u00e3o musical e o ensino da m\u00fasica ser\u00e3o ministrados num futuro que talvez pode n\u00e3o estar assim t\u00e3o distante.<br \/>\n Atualmente j\u00e1 \u00e9 poss\u00edvel usar a Intelig\u00eancia Artificial (IA) para pesquisar m\u00fasicas atrav\u00e9s de acordes, visualizar diagramas de acordes e partituras e separar fontes de som em diferentes m\u00fasicas. Portanto, podemos dizer que a IA est\u00e1 a abrir novas possibilidades<br \/>\n para o ensino musical.<\/div>\n<div style=\"direction:ltr;text-align:justify;line-height:1.38;margin:0cm 0cm 10pt;font-family:Aptos,Aptos_EmbeddedFont,Aptos_MSFontService,Calibri,Helvetica,sans-serif;font-size:12pt;color:rgb(0,0,0)\">\n\u25aa Para os efeitos previstos no n.\u00ba 1 do artigo 8.\u00ba, do Regime Jur\u00eddico da Forma\u00e7\u00e3o Cont\u00ednua de Professores, a presente a\u00e7\u00e3o releva para efeitos de progress\u00e3o em carreira de Professores de Grupos de recrutamento 250, 610, M01 a M32. Mais se certifica que, para<br \/>\n os efeitos previstos no artigo 9.\u00ba, do Regime Jur\u00eddico da Forma\u00e7\u00e3o Cont\u00ednua de Professores (dimens\u00e3o cient\u00edfica e pedag\u00f3gica), a presente a\u00e7\u00e3o releva para efeitos de progress\u00e3o em carreira de Professores de Grupos de recrutamento 250, 610, M01 a M32.<\/div>\n<div style=\"direction:ltr;line-height:1.38;margin:0cm 0cm 10pt;font-family:Aptos,Aptos_EmbeddedFont,Aptos_MSFontService,Calibri,Helvetica,sans-serif;font-size:12pt\">\n<span style=\"color:rgb(0,0,0)\">\u00a0<b>Para mais informa\u00e7\u00f5es e inscri\u00e7\u00f5es:<\/b><\/span><span style=\"color:rgb(81,167,249)\"><b><br \/>\n<\/b><u><a href=\"https:\/\/cfamm.assp.pt\/\" id=\"m_-657452884635774684m_-7949502358822600000OWA782daa86-a370-40b6-7a2a-7c06e603d311\" style=\"color:rgb(81,167,249)\" target=\"_blank\">https:\/\/cfamm.assp.pt\/<\/a><\/u><\/span><\/div>\n<div style=\"direction:ltr;line-height:1.38;margin:0cm 0cm 10pt;font-family:Aptos,Aptos_EmbeddedFont,Aptos_MSFontService,Calibri,Helvetica,sans-serif;font-size:12pt;color:rgb(81,167,249)\">\n\n<\/div>\n<div style=\"direction:ltr;line-height:8pt;margin:0cm 0cm 0.0001pt;font-family:Aptos,Aptos_EmbeddedFont,Aptos_MSFontService,Calibri,Helvetica,sans-serif;font-size:12pt;color:rgb(0,0,0)\">\n<b><u>\u00a0<\/u><\/b><\/div>\n<div style=\"direction:ltr;line-height:normal;margin-right:0cm;margin-left:0cm;font-family:Aptos,Aptos_EmbeddedFont,Aptos_MSFontService,Calibri,Helvetica,sans-serif;font-size:12pt;color:rgb(134,17,6)\">\n<b><u>A\u00c7\u00c3O 184 &#8211;\u00a0ARTICULAR COM A BIBLIOTECA ESCOLAR: UMA ESTRAT\u00c9GIA PEDAG\u00d3GICA<\/u><\/b><\/div>\n<div style=\"direction:ltr;line-height:normal;margin-right:0cm;margin-left:0cm;font-family:Aptos,Aptos_EmbeddedFont,Aptos_MSFontService,Calibri,Helvetica,sans-serif;font-size:12pt;color:rgb(0,0,0)\">\n<b><u><br \/>\n<\/u><\/b><\/div>\n<div style=\"direction:ltr;line-height:1.38;margin:0cm 0cm 10pt;font-family:Aptos,Aptos_EmbeddedFont,Aptos_MSFontService,Calibri,Helvetica,sans-serif;font-size:12pt;color:rgb(0,0,0)\">\n<b>Registo de acredita\u00e7\u00e3o:<\/b>\u00a0CCPFC\/ACC-121984\/23\u00a0<\/div>\n<div style=\"direction:ltr;line-height:1.38;margin:0cm 0cm 10pt;font-family:Aptos,Aptos_EmbeddedFont,Aptos_MSFontService,Calibri,Helvetica,sans-serif;font-size:12pt;color:rgb(0,0,0)\">\n<b>P\u00fablico-alvo: <\/b>Educadores de Inf\u00e2ncia e Professores dos Ensinos B\u00e1sico, Secund\u00e1rio e Especial<\/div>\n<div style=\"direction:ltr;line-height:1.38;margin:0cm 0cm 10pt;font-family:Aptos,Aptos_EmbeddedFont,Aptos_MSFontService,Calibri,Helvetica,sans-serif;font-size:12pt;color:rgb(0,0,0)\">\n<b>Formadora: <\/b>Liliana Manuela Cruz Melo<\/div>\n<div style=\"direction:ltr;line-height:1.38;margin:0cm 0cm 10pt;font-family:Aptos,Aptos_EmbeddedFont,Aptos_MSFontService,Calibri,Helvetica,sans-serif;font-size:12pt;color:rgb(0,0,0)\">\n<b><u>In\u00edcio: 26-02-2025<\/u><\/b><\/div>\n<div style=\"direction:ltr;text-align:justify;line-height:1.38;margin:0cm 0cm 10pt;font-family:Aptos,Aptos_EmbeddedFont,Aptos_MSFontService,Calibri,Helvetica,sans-serif;font-size:12pt;color:rgb(0,0,0)\">\nAs Bibliotecas Escolares s\u00e3o um dos \u00f3rg\u00e3os vitais da escola, na certeza de que o curr\u00edculo se cumpre tamb\u00e9m na biblioteca, atrav\u00e9s da biblioteca e com a biblioteca. S\u00e3o dotadas de recursos, servi\u00e7os e tecnologias que podem enriquecer o curr\u00edculo e a pr\u00e1tica<br \/>\n de ensino e apresentam-se como lugares de saber e inova\u00e7\u00e3o. Ter a biblioteca escolar, lugar de aprendizagem e de inclus\u00e3o, como parceira constitui uma mais-valia na vertente pedag\u00f3gica e curricular, atrav\u00e9s do enriquecimento e diversifica\u00e7\u00e3o de pr\u00e1ticas, da<br \/>\n explora\u00e7\u00e3o de ambientes, recursos e estrat\u00e9gias de ensino variados e da integra\u00e7\u00e3o nas atividades escolares das literacias digitais, da informa\u00e7\u00e3o e dos m\u00e9dia. A Rede de Bibliotecas Escolares oferece um conjunto de documentos orientadores que conduzem a a\u00e7\u00e3o<br \/>\n das bibliotecas escolares: o referencial Aprender com a biblioteca escolar, o Modelo de Avalia\u00e7\u00e3o das Bibliotecas Escolares e em 2021, foi introduzido o Quadro Estrat\u00e9gico 2021-2027, que se baseia em diagn\u00f3sticos e orienta\u00e7\u00f5es nacionais e internacionais, entre<br \/>\n outros.<\/div>\n<div style=\"direction:ltr;text-align:justify;line-height:1.38;margin:0cm 0cm 10pt;font-family:Aptos,Aptos_EmbeddedFont,Aptos_MSFontService,Calibri,Helvetica,sans-serif;font-size:12pt;color:rgb(0,0,0)\">\n\u25aa Para os efeitos previstos no n.\u00ba 1 do artigo 8.\u00ba, do Regime Jur\u00eddico da Forma\u00e7\u00e3o Cont\u00ednua de Professores, a presente a\u00e7\u00e3o releva para efeitos de progress\u00e3o em carreira de Educadores de Inf\u00e2ncia e Professores dos Ensinos B\u00e1sico, Secund\u00e1rio e Especial. Para<br \/>\n efeitos de aplica\u00e7\u00e3o do artigo 9.\u00ba, do Regime Jur\u00eddico da Forma\u00e7\u00e3o Cont\u00ednua de Professores (dimens\u00e3o cient\u00edfica e pedag\u00f3gica), a presente a\u00e7\u00e3o n\u00e3o releva para efeitos de progress\u00e3o em carreira.<\/div>\n<div style=\"direction:ltr;line-height:1.38;margin:0cm 0cm 10pt;font-family:Aptos,Aptos_EmbeddedFont,Aptos_MSFontService,Calibri,Helvetica,sans-serif;font-size:12pt\">\n<span style=\"color:rgb(0,0,0)\"><b>Para mais informa\u00e7\u00f5es e inscri\u00e7\u00f5es:<\/b><\/span><span style=\"color:rgb(81,167,249)\"><b><br \/>\n<\/b><u><a href=\"https:\/\/cfamm.assp.pt\/\" id=\"m_-657452884635774684m_-7949502358822600000OWAd2e004c1-0024-133e-b73b-d7343078cac7\" style=\"color:rgb(81,167,249)\" target=\"_blank\">https:\/\/cfamm.assp.pt\/<\/a><\/u><\/span><\/div>\n<div style=\"direction:ltr;line-height:normal;margin:0cm 0cm 0.0001pt;font-family:Aptos,Aptos_EmbeddedFont,Aptos_MSFontService,Calibri,Helvetica,sans-serif;font-size:12pt;color:rgb(0,0,0)\">\n\u00a0<\/div>\n<div style=\"direction:ltr;line-height:1.38;margin:0cm 0cm 10pt;font-family:Aptos,Aptos_EmbeddedFont,Aptos_MSFontService,Calibri,Helvetica,sans-serif;font-size:12pt;color:rgb(0,0,0)\">\nCom os melhores cumprimentos,<\/div>\n<div style=\"direction:ltr;line-height:1.38;margin:0cm 0cm 10pt;font-family:Aptos,Aptos_EmbeddedFont,Aptos_MSFontService,Calibri,Helvetica,sans-serif;font-size:12pt;color:rgb(0,0,0)\">\nVanda Gomes<\/div>\n<div style=\"direction:ltr;line-height:1.38;margin:0cm 0cm 10pt;font-family:Aptos,Aptos_EmbeddedFont,Aptos_MSFontService,Calibri,Helvetica,sans-serif;font-size:12pt;color:rgb(0,0,0)\">\n(913450368)<\/div>\n<div style=\"direction:ltr;line-height:1.38;margin:0cm 0cm 10pt;font-family:Aptos,Aptos_EmbeddedFont,Aptos_MSFontService,Calibri,Helvetica,sans-serif;font-size:12pt;color:rgb(0,0,0)\">\nDiretora do CFAMM<\/div>\n<div style=\"direction:ltr;line-height:1.38;margin:0cm 0cm 10pt;font-family:Aptos,Aptos_EmbeddedFont,Aptos_MSFontService,Calibri,Helvetica,sans-serif;font-size:12pt;color:rgb(0,0,0)\">\n(Comiss\u00e3o Pedag\u00f3gica do CFAMM)<\/div>\n<div style=\"direction:ltr;font-family:Aptos,Aptos_EmbeddedFont,Aptos_MSFontService,Calibri,Helvetica,sans-serif;font-size:12pt;color:rgb(0,0,0)\">\n\n<\/div>\n<div id=\"m_-657452884635774684m_-7949502358822600000x_Signature\">\n<p style=\"margin-top:0px;margin-bottom:0px\"><span style=\"font-size:12pt;color:rgb(0,161,154)\">M.<\/span><span style=\"font-size:12pt;color:rgb(237,125,49)\">\u00a0<\/span><span style=\"font-size:12pt;color:rgb(142,142,142)\">Largo do Monte, n.\u00ba 1<br \/>\n<\/span><span style=\"font-size:12pt;color:rgb(0,161,154)\">|<\/span><span style=\"font-size:12pt;color:rgb(142,142,142)\">\u00a01170-253 Lisboa<br \/>\n<\/span><span style=\"font-size:12pt;color:rgb(0,161,154)\">T.<\/span><span style=\"font-size:12pt;color:rgb(237,125,49)\">\u00a0<\/span><span style=\"font-size:12pt;color:rgb(142,142,142)\">218 246 020<br \/>\n<\/span><span style=\"font-size:12pt;color:rgb(0,161,154)\">| E.<\/span><span style=\"font-size:12pt;color:rgb(142,142,142)\">\u00a0<a href=\"mailto:cfamm@assp.pt\" id=\"m_-657452884635774684m_-7949502358822600000OWA5aa74526-4a4b-b009-2888-aebf47b51510\" style=\"margin-top:0px;margin-bottom:0px\" target=\"_blank\"><a href=\"mailto:cfamm@assp.pt\" >cfamm@assp.pt<\/a><\/a><\/span><\/p>\n<p style=\"margin-top:0px;margin-bottom:0px\"><span style=\"font-size:12pt;color:rgb(0,161,154)\">w.<\/span><span style=\"font-size:12pt;color:rgb(142,142,142)\">\u00a0<\/span><span style=\"font-size:12pt;color:rgb(5,99,193)\"><a href=\"http:\/\/www.assp.pt\/pt\/cfamm\" id=\"m_-657452884635774684m_-7949502358822600000OWAb410017b-4e92-db20-9288-c64fe86330e9\" style=\"color:rgb(5,99,193);margin-top:0px;margin-bottom:0px\" target=\"_blank\">www.assp.pt\/pt\/cfamm<\/a><\/span><span style=\"font-size:12pt;color:rgb(142,142,142)\">\u00a0<\/span><span style=\"font-size:12pt;color:rgb(0,161,154)\">|<\/span><span style=\"font-size:12pt;color:rgb(142,142,142)\">\u00a0<\/span><span style=\"font-size:12pt;color:rgb(5,99,193)\"><a href=\"http:\/\/www.assp.pt\" id=\"m_-657452884635774684m_-7949502358822600000OWAa4f6b1b3-ed24-902f-a00e-0b60fa5f2762\" style=\"color:rgb(5,99,193);margin-top:0px;margin-bottom:0px\" target=\"_blank\">www.assp.pt<\/a><\/span><\/p>\n<p style=\"margin-top:0px;margin-bottom:0px\"><span style=\"font-size:12pt;color:black\">\u00a0<\/span><\/p>\n<p style=\"margin-top:0px;margin-bottom:0px\"><img loading=\"lazy\" decoding=\"async\" width=\"424\" height=\"94\" size=\"23830\" style=\"width:4.427in;height:0.9895in;min-width:auto;min-height:auto;margin-top:0px;margin-bottom:0px\" src=\"https:\/\/aesia.pt\/portal\/wp-content\/uploads\/2025\/01\/Outlook-di0keogp.png\"><\/p>\n<\/div>\n<\/div>\n<\/div>\n<\/div>\n<\/div>\n<p>&#8212; <br \/>\nAESIA &#8211; SERVI\u00c7O DE SECRETARIA<br \/>\nAgrupamento de Escolas de Santa Iria de Az\u00f3ia<br \/>\n<a href=\"mailto:secretaria@aesia.pt\" target=\"_blank\"><a href=\"mailto:secretaria@aesia.pt\" >secretaria@aesia.pt<\/a><\/a> | tel. 21 000 00 00<br \/>\nHor\u00e1rio de atendimento: Segunda a Sexta-Feira das 9h &#8211; 16h\n<\/div>\n<\/div>\n<\/div>\n","protected":false},"excerpt":{"rendered":"<p>&#8212;&#8212;&#8212;- Forwarded message &#8212;&#8212;&#8212;De: ASSP- Delega\u00e7\u00e3o de Santar\u00e9m Cp &lt;assp.str@gmail.com&gt;Date: ter\u00e7a, 14\/01\/2025 \u00e0(s) 11:41Subject: [SECRETARIA] Fwd: FEVEREIRO- FORMA\u00c7\u00c3O ACREDITADA PARA&hellip; <a class=\"continue\" href=\"https:\/\/aesia.pt\/portal\/fwd-secretaria-fwd-fevereiro-formacao-acreditada-para-docentes-cfamm-assp\/\">Ler mais<span> [SECRETARIA] Fwd: FEVEREIRO- FORMA\u00c7\u00c3O ACREDITADA PARA DOCENTES \u2013 CFAMM \u2013 ASSP<\/span><\/a><\/p>\n","protected":false},"author":8,"featured_media":14563,"comment_status":"closed","ping_status":"closed","sticky":false,"template":"","format":"standard","meta":{"_acf_changed":false,"footnotes":""},"categories":[56],"tags":[],"class_list":["post-14562","post","type-post","status-publish","format-standard","has-post-thumbnail","hentry","category-formacao"],"acf":[],"yoast_head":"<!-- This site is optimized with the Yoast SEO plugin v27.5 - https:\/\/yoast.com\/product\/yoast-seo-wordpress\/ -->\n<title>Fwd: [SECRETARIA] Fwd: FEVEREIRO- FORMA\u00c7\u00c3O ACREDITADA PARA DOCENTES \u2013 CFAMM \u2013 ASSP &#8211; AESIA<\/title>\n<meta name=\"robots\" content=\"index, follow, max-snippet:-1, max-image-preview:large, max-video-preview:-1\" \/>\n<link rel=\"canonical\" href=\"https:\/\/aesia.pt\/portal\/fwd-secretaria-fwd-fevereiro-formacao-acreditada-para-docentes-cfamm-assp\/\" \/>\n<meta property=\"og:locale\" content=\"pt_PT\" \/>\n<meta property=\"og:type\" content=\"article\" \/>\n<meta property=\"og:title\" content=\"Fwd: [SECRETARIA] Fwd: FEVEREIRO- FORMA\u00c7\u00c3O ACREDITADA PARA DOCENTES \u2013 CFAMM \u2013 ASSP &#8211; AESIA\" \/>\n<meta property=\"og:description\" content=\"&#8212;&#8212;&#8212;- Forwarded message &#8212;&#8212;&#8212;De: ASSP- Delega\u00e7\u00e3o de Santar\u00e9m Cp &lt;assp.str@gmail.com&gt;Date: ter\u00e7a, 14\/01\/2025 \u00e0(s) 11:41Subject: [SECRETARIA] Fwd: FEVEREIRO- FORMA\u00c7\u00c3O ACREDITADA PARA&hellip; Ler mais [SECRETARIA] Fwd: FEVEREIRO- FORMA\u00c7\u00c3O ACREDITADA PARA DOCENTES \u2013 CFAMM \u2013 ASSP\" \/>\n<meta property=\"og:url\" content=\"https:\/\/aesia.pt\/portal\/fwd-secretaria-fwd-fevereiro-formacao-acreditada-para-docentes-cfamm-assp\/\" \/>\n<meta property=\"og:site_name\" content=\"AESIA\" \/>\n<meta property=\"article:publisher\" content=\"https:\/\/www.facebook.com\/aesia.pt\/\" \/>\n<meta property=\"article:published_time\" content=\"2025-01-14T14:07:10+00:00\" \/>\n<meta property=\"og:image\" content=\"https:\/\/aesia.pt\/portal\/wp-content\/uploads\/2025\/01\/Outlook-di0keogp.png\" \/>\n\t<meta property=\"og:image:width\" content=\"425\" \/>\n\t<meta property=\"og:image:height\" content=\"95\" \/>\n\t<meta property=\"og:image:type\" content=\"image\/png\" \/>\n<meta name=\"author\" content=\"Ivo Cardoso\" \/>\n<meta name=\"twitter:card\" content=\"summary_large_image\" \/>\n<meta name=\"twitter:label1\" content=\"Escrito por\" \/>\n\t<meta name=\"twitter:data1\" content=\"Ivo Cardoso\" \/>\n\t<meta name=\"twitter:label2\" content=\"Tempo estimado de leitura\" \/>\n\t<meta name=\"twitter:data2\" content=\"12 minutos\" \/>\n<script type=\"application\/ld+json\" class=\"yoast-schema-graph\">{\"@context\":\"https:\\\/\\\/schema.org\",\"@graph\":[{\"@type\":\"Article\",\"@id\":\"https:\\\/\\\/aesia.pt\\\/portal\\\/fwd-secretaria-fwd-fevereiro-formacao-acreditada-para-docentes-cfamm-assp\\\/#article\",\"isPartOf\":{\"@id\":\"https:\\\/\\\/aesia.pt\\\/portal\\\/fwd-secretaria-fwd-fevereiro-formacao-acreditada-para-docentes-cfamm-assp\\\/\"},\"author\":{\"name\":\"Ivo Cardoso\",\"@id\":\"https:\\\/\\\/aesia.pt\\\/portal\\\/#\\\/schema\\\/person\\\/8961c6287f9d82fe320fba91b3e2e991\"},\"headline\":\"[SECRETARIA] Fwd: FEVEREIRO- FORMA\u00c7\u00c3O ACREDITADA PARA DOCENTES \u2013 CFAMM \u2013 ASSP\",\"datePublished\":\"2025-01-14T14:07:10+00:00\",\"mainEntityOfPage\":{\"@id\":\"https:\\\/\\\/aesia.pt\\\/portal\\\/fwd-secretaria-fwd-fevereiro-formacao-acreditada-para-docentes-cfamm-assp\\\/\"},\"wordCount\":2408,\"publisher\":{\"@id\":\"https:\\\/\\\/aesia.pt\\\/portal\\\/#organization\"},\"image\":{\"@id\":\"https:\\\/\\\/aesia.pt\\\/portal\\\/fwd-secretaria-fwd-fevereiro-formacao-acreditada-para-docentes-cfamm-assp\\\/#primaryimage\"},\"thumbnailUrl\":\"https:\\\/\\\/aesia.pt\\\/portal\\\/wp-content\\\/uploads\\\/2025\\\/01\\\/Outlook-di0keogp.png\",\"articleSection\":[\"Forma\u00e7\u00e3o\"],\"inLanguage\":\"pt-PT\"},{\"@type\":\"WebPage\",\"@id\":\"https:\\\/\\\/aesia.pt\\\/portal\\\/fwd-secretaria-fwd-fevereiro-formacao-acreditada-para-docentes-cfamm-assp\\\/\",\"url\":\"https:\\\/\\\/aesia.pt\\\/portal\\\/fwd-secretaria-fwd-fevereiro-formacao-acreditada-para-docentes-cfamm-assp\\\/\",\"name\":\"Fwd: [SECRETARIA] Fwd: FEVEREIRO- FORMA\u00c7\u00c3O ACREDITADA PARA DOCENTES \u2013 CFAMM \u2013 ASSP &#8211; AESIA\",\"isPartOf\":{\"@id\":\"https:\\\/\\\/aesia.pt\\\/portal\\\/#website\"},\"primaryImageOfPage\":{\"@id\":\"https:\\\/\\\/aesia.pt\\\/portal\\\/fwd-secretaria-fwd-fevereiro-formacao-acreditada-para-docentes-cfamm-assp\\\/#primaryimage\"},\"image\":{\"@id\":\"https:\\\/\\\/aesia.pt\\\/portal\\\/fwd-secretaria-fwd-fevereiro-formacao-acreditada-para-docentes-cfamm-assp\\\/#primaryimage\"},\"thumbnailUrl\":\"https:\\\/\\\/aesia.pt\\\/portal\\\/wp-content\\\/uploads\\\/2025\\\/01\\\/Outlook-di0keogp.png\",\"datePublished\":\"2025-01-14T14:07:10+00:00\",\"breadcrumb\":{\"@id\":\"https:\\\/\\\/aesia.pt\\\/portal\\\/fwd-secretaria-fwd-fevereiro-formacao-acreditada-para-docentes-cfamm-assp\\\/#breadcrumb\"},\"inLanguage\":\"pt-PT\",\"potentialAction\":[{\"@type\":\"ReadAction\",\"target\":[\"https:\\\/\\\/aesia.pt\\\/portal\\\/fwd-secretaria-fwd-fevereiro-formacao-acreditada-para-docentes-cfamm-assp\\\/\"]}]},{\"@type\":\"ImageObject\",\"inLanguage\":\"pt-PT\",\"@id\":\"https:\\\/\\\/aesia.pt\\\/portal\\\/fwd-secretaria-fwd-fevereiro-formacao-acreditada-para-docentes-cfamm-assp\\\/#primaryimage\",\"url\":\"https:\\\/\\\/aesia.pt\\\/portal\\\/wp-content\\\/uploads\\\/2025\\\/01\\\/Outlook-di0keogp.png\",\"contentUrl\":\"https:\\\/\\\/aesia.pt\\\/portal\\\/wp-content\\\/uploads\\\/2025\\\/01\\\/Outlook-di0keogp.png\",\"width\":425,\"height\":95},{\"@type\":\"BreadcrumbList\",\"@id\":\"https:\\\/\\\/aesia.pt\\\/portal\\\/fwd-secretaria-fwd-fevereiro-formacao-acreditada-para-docentes-cfamm-assp\\\/#breadcrumb\",\"itemListElement\":[{\"@type\":\"ListItem\",\"position\":1,\"name\":\"Home\",\"item\":\"https:\\\/\\\/aesia.pt\\\/portal\\\/\"},{\"@type\":\"ListItem\",\"position\":2,\"name\":\"[SECRETARIA] Fwd: FEVEREIRO- FORMA\u00c7\u00c3O ACREDITADA PARA DOCENTES \u2013 CFAMM \u2013 ASSP\"}]},{\"@type\":\"WebSite\",\"@id\":\"https:\\\/\\\/aesia.pt\\\/portal\\\/#website\",\"url\":\"https:\\\/\\\/aesia.pt\\\/portal\\\/\",\"name\":\"AESIA\",\"description\":\"Agrupamento de Escolas de Santa Iria de Az\u00f3ia\",\"publisher\":{\"@id\":\"https:\\\/\\\/aesia.pt\\\/portal\\\/#organization\"},\"alternateName\":\"Agrupamento de Escolas de Santa Iria de Az\u00f3ia\",\"potentialAction\":[{\"@type\":\"SearchAction\",\"target\":{\"@type\":\"EntryPoint\",\"urlTemplate\":\"https:\\\/\\\/aesia.pt\\\/portal\\\/?s={search_term_string}\"},\"query-input\":{\"@type\":\"PropertyValueSpecification\",\"valueRequired\":true,\"valueName\":\"search_term_string\"}}],\"inLanguage\":\"pt-PT\"},{\"@type\":\"Organization\",\"@id\":\"https:\\\/\\\/aesia.pt\\\/portal\\\/#organization\",\"name\":\"Agrupamento de Escolas de Santa Iria de Az\u00f3ia\",\"alternateName\":\"AESIA\",\"url\":\"https:\\\/\\\/aesia.pt\\\/portal\\\/\",\"logo\":{\"@type\":\"ImageObject\",\"inLanguage\":\"pt-PT\",\"@id\":\"https:\\\/\\\/aesia.pt\\\/portal\\\/#\\\/schema\\\/logo\\\/image\\\/\",\"url\":\"https:\\\/\\\/aesia.pt\\\/portal\\\/wp-content\\\/uploads\\\/2023\\\/04\\\/logo4.png\",\"contentUrl\":\"https:\\\/\\\/aesia.pt\\\/portal\\\/wp-content\\\/uploads\\\/2023\\\/04\\\/logo4.png\",\"width\":162,\"height\":162,\"caption\":\"Agrupamento de Escolas de Santa Iria de Az\u00f3ia\"},\"image\":{\"@id\":\"https:\\\/\\\/aesia.pt\\\/portal\\\/#\\\/schema\\\/logo\\\/image\\\/\"},\"sameAs\":[\"https:\\\/\\\/www.facebook.com\\\/aesia.pt\\\/\"]},{\"@type\":\"Person\",\"@id\":\"https:\\\/\\\/aesia.pt\\\/portal\\\/#\\\/schema\\\/person\\\/8961c6287f9d82fe320fba91b3e2e991\",\"name\":\"Ivo Cardoso\",\"image\":{\"@type\":\"ImageObject\",\"inLanguage\":\"pt-PT\",\"@id\":\"https:\\\/\\\/secure.gravatar.com\\\/avatar\\\/b1503fafbe5678f3cfddd3fb093fcb636cd9a58fe5db5256d219059582e42c16?s=96&d=mm&r=g\",\"url\":\"https:\\\/\\\/secure.gravatar.com\\\/avatar\\\/b1503fafbe5678f3cfddd3fb093fcb636cd9a58fe5db5256d219059582e42c16?s=96&d=mm&r=g\",\"contentUrl\":\"https:\\\/\\\/secure.gravatar.com\\\/avatar\\\/b1503fafbe5678f3cfddd3fb093fcb636cd9a58fe5db5256d219059582e42c16?s=96&d=mm&r=g\",\"caption\":\"Ivo Cardoso\"},\"sameAs\":[\"http:\\\/\\\/aesia.pt\"],\"url\":\"https:\\\/\\\/aesia.pt\\\/portal\\\/author\\\/ivo-cardosoaesia-pt\\\/\"}]}<\/script>\n<!-- \/ Yoast SEO plugin. -->","yoast_head_json":{"title":"Fwd: [SECRETARIA] Fwd: FEVEREIRO- FORMA\u00c7\u00c3O ACREDITADA PARA DOCENTES \u2013 CFAMM \u2013 ASSP &#8211; AESIA","robots":{"index":"index","follow":"follow","max-snippet":"max-snippet:-1","max-image-preview":"max-image-preview:large","max-video-preview":"max-video-preview:-1"},"canonical":"https:\/\/aesia.pt\/portal\/fwd-secretaria-fwd-fevereiro-formacao-acreditada-para-docentes-cfamm-assp\/","og_locale":"pt_PT","og_type":"article","og_title":"Fwd: [SECRETARIA] Fwd: FEVEREIRO- FORMA\u00c7\u00c3O ACREDITADA PARA DOCENTES \u2013 CFAMM \u2013 ASSP &#8211; AESIA","og_description":"&#8212;&#8212;&#8212;- Forwarded message &#8212;&#8212;&#8212;De: ASSP- Delega\u00e7\u00e3o de Santar\u00e9m Cp &lt;assp.str@gmail.com&gt;Date: ter\u00e7a, 14\/01\/2025 \u00e0(s) 11:41Subject: [SECRETARIA] Fwd: FEVEREIRO- FORMA\u00c7\u00c3O ACREDITADA PARA&hellip; Ler mais [SECRETARIA] Fwd: FEVEREIRO- FORMA\u00c7\u00c3O ACREDITADA PARA DOCENTES \u2013 CFAMM \u2013 ASSP","og_url":"https:\/\/aesia.pt\/portal\/fwd-secretaria-fwd-fevereiro-formacao-acreditada-para-docentes-cfamm-assp\/","og_site_name":"AESIA","article_publisher":"https:\/\/www.facebook.com\/aesia.pt\/","article_published_time":"2025-01-14T14:07:10+00:00","og_image":[{"width":425,"height":95,"url":"https:\/\/aesia.pt\/portal\/wp-content\/uploads\/2025\/01\/Outlook-di0keogp.png","type":"image\/png"}],"author":"Ivo Cardoso","twitter_card":"summary_large_image","twitter_misc":{"Escrito por":"Ivo Cardoso","Tempo estimado de leitura":"12 minutos"},"schema":{"@context":"https:\/\/schema.org","@graph":[{"@type":"Article","@id":"https:\/\/aesia.pt\/portal\/fwd-secretaria-fwd-fevereiro-formacao-acreditada-para-docentes-cfamm-assp\/#article","isPartOf":{"@id":"https:\/\/aesia.pt\/portal\/fwd-secretaria-fwd-fevereiro-formacao-acreditada-para-docentes-cfamm-assp\/"},"author":{"name":"Ivo Cardoso","@id":"https:\/\/aesia.pt\/portal\/#\/schema\/person\/8961c6287f9d82fe320fba91b3e2e991"},"headline":"[SECRETARIA] Fwd: FEVEREIRO- FORMA\u00c7\u00c3O ACREDITADA PARA DOCENTES \u2013 CFAMM \u2013 ASSP","datePublished":"2025-01-14T14:07:10+00:00","mainEntityOfPage":{"@id":"https:\/\/aesia.pt\/portal\/fwd-secretaria-fwd-fevereiro-formacao-acreditada-para-docentes-cfamm-assp\/"},"wordCount":2408,"publisher":{"@id":"https:\/\/aesia.pt\/portal\/#organization"},"image":{"@id":"https:\/\/aesia.pt\/portal\/fwd-secretaria-fwd-fevereiro-formacao-acreditada-para-docentes-cfamm-assp\/#primaryimage"},"thumbnailUrl":"https:\/\/aesia.pt\/portal\/wp-content\/uploads\/2025\/01\/Outlook-di0keogp.png","articleSection":["Forma\u00e7\u00e3o"],"inLanguage":"pt-PT"},{"@type":"WebPage","@id":"https:\/\/aesia.pt\/portal\/fwd-secretaria-fwd-fevereiro-formacao-acreditada-para-docentes-cfamm-assp\/","url":"https:\/\/aesia.pt\/portal\/fwd-secretaria-fwd-fevereiro-formacao-acreditada-para-docentes-cfamm-assp\/","name":"Fwd: [SECRETARIA] Fwd: FEVEREIRO- FORMA\u00c7\u00c3O ACREDITADA PARA DOCENTES \u2013 CFAMM \u2013 ASSP &#8211; AESIA","isPartOf":{"@id":"https:\/\/aesia.pt\/portal\/#website"},"primaryImageOfPage":{"@id":"https:\/\/aesia.pt\/portal\/fwd-secretaria-fwd-fevereiro-formacao-acreditada-para-docentes-cfamm-assp\/#primaryimage"},"image":{"@id":"https:\/\/aesia.pt\/portal\/fwd-secretaria-fwd-fevereiro-formacao-acreditada-para-docentes-cfamm-assp\/#primaryimage"},"thumbnailUrl":"https:\/\/aesia.pt\/portal\/wp-content\/uploads\/2025\/01\/Outlook-di0keogp.png","datePublished":"2025-01-14T14:07:10+00:00","breadcrumb":{"@id":"https:\/\/aesia.pt\/portal\/fwd-secretaria-fwd-fevereiro-formacao-acreditada-para-docentes-cfamm-assp\/#breadcrumb"},"inLanguage":"pt-PT","potentialAction":[{"@type":"ReadAction","target":["https:\/\/aesia.pt\/portal\/fwd-secretaria-fwd-fevereiro-formacao-acreditada-para-docentes-cfamm-assp\/"]}]},{"@type":"ImageObject","inLanguage":"pt-PT","@id":"https:\/\/aesia.pt\/portal\/fwd-secretaria-fwd-fevereiro-formacao-acreditada-para-docentes-cfamm-assp\/#primaryimage","url":"https:\/\/aesia.pt\/portal\/wp-content\/uploads\/2025\/01\/Outlook-di0keogp.png","contentUrl":"https:\/\/aesia.pt\/portal\/wp-content\/uploads\/2025\/01\/Outlook-di0keogp.png","width":425,"height":95},{"@type":"BreadcrumbList","@id":"https:\/\/aesia.pt\/portal\/fwd-secretaria-fwd-fevereiro-formacao-acreditada-para-docentes-cfamm-assp\/#breadcrumb","itemListElement":[{"@type":"ListItem","position":1,"name":"Home","item":"https:\/\/aesia.pt\/portal\/"},{"@type":"ListItem","position":2,"name":"[SECRETARIA] Fwd: FEVEREIRO- FORMA\u00c7\u00c3O ACREDITADA PARA DOCENTES \u2013 CFAMM \u2013 ASSP"}]},{"@type":"WebSite","@id":"https:\/\/aesia.pt\/portal\/#website","url":"https:\/\/aesia.pt\/portal\/","name":"AESIA","description":"Agrupamento de Escolas de Santa Iria de Az\u00f3ia","publisher":{"@id":"https:\/\/aesia.pt\/portal\/#organization"},"alternateName":"Agrupamento de Escolas de Santa Iria de Az\u00f3ia","potentialAction":[{"@type":"SearchAction","target":{"@type":"EntryPoint","urlTemplate":"https:\/\/aesia.pt\/portal\/?s={search_term_string}"},"query-input":{"@type":"PropertyValueSpecification","valueRequired":true,"valueName":"search_term_string"}}],"inLanguage":"pt-PT"},{"@type":"Organization","@id":"https:\/\/aesia.pt\/portal\/#organization","name":"Agrupamento de Escolas de Santa Iria de Az\u00f3ia","alternateName":"AESIA","url":"https:\/\/aesia.pt\/portal\/","logo":{"@type":"ImageObject","inLanguage":"pt-PT","@id":"https:\/\/aesia.pt\/portal\/#\/schema\/logo\/image\/","url":"https:\/\/aesia.pt\/portal\/wp-content\/uploads\/2023\/04\/logo4.png","contentUrl":"https:\/\/aesia.pt\/portal\/wp-content\/uploads\/2023\/04\/logo4.png","width":162,"height":162,"caption":"Agrupamento de Escolas de Santa Iria de Az\u00f3ia"},"image":{"@id":"https:\/\/aesia.pt\/portal\/#\/schema\/logo\/image\/"},"sameAs":["https:\/\/www.facebook.com\/aesia.pt\/"]},{"@type":"Person","@id":"https:\/\/aesia.pt\/portal\/#\/schema\/person\/8961c6287f9d82fe320fba91b3e2e991","name":"Ivo Cardoso","image":{"@type":"ImageObject","inLanguage":"pt-PT","@id":"https:\/\/secure.gravatar.com\/avatar\/b1503fafbe5678f3cfddd3fb093fcb636cd9a58fe5db5256d219059582e42c16?s=96&d=mm&r=g","url":"https:\/\/secure.gravatar.com\/avatar\/b1503fafbe5678f3cfddd3fb093fcb636cd9a58fe5db5256d219059582e42c16?s=96&d=mm&r=g","contentUrl":"https:\/\/secure.gravatar.com\/avatar\/b1503fafbe5678f3cfddd3fb093fcb636cd9a58fe5db5256d219059582e42c16?s=96&d=mm&r=g","caption":"Ivo Cardoso"},"sameAs":["http:\/\/aesia.pt"],"url":"https:\/\/aesia.pt\/portal\/author\/ivo-cardosoaesia-pt\/"}]}},"_links":{"self":[{"href":"https:\/\/aesia.pt\/portal\/wp-json\/wp\/v2\/posts\/14562","targetHints":{"allow":["GET"]}}],"collection":[{"href":"https:\/\/aesia.pt\/portal\/wp-json\/wp\/v2\/posts"}],"about":[{"href":"https:\/\/aesia.pt\/portal\/wp-json\/wp\/v2\/types\/post"}],"author":[{"embeddable":true,"href":"https:\/\/aesia.pt\/portal\/wp-json\/wp\/v2\/users\/8"}],"replies":[{"embeddable":true,"href":"https:\/\/aesia.pt\/portal\/wp-json\/wp\/v2\/comments?post=14562"}],"version-history":[{"count":0,"href":"https:\/\/aesia.pt\/portal\/wp-json\/wp\/v2\/posts\/14562\/revisions"}],"wp:featuredmedia":[{"embeddable":true,"href":"https:\/\/aesia.pt\/portal\/wp-json\/wp\/v2\/media\/14563"}],"wp:attachment":[{"href":"https:\/\/aesia.pt\/portal\/wp-json\/wp\/v2\/media?parent=14562"}],"wp:term":[{"taxonomy":"category","embeddable":true,"href":"https:\/\/aesia.pt\/portal\/wp-json\/wp\/v2\/categories?post=14562"},{"taxonomy":"post_tag","embeddable":true,"href":"https:\/\/aesia.pt\/portal\/wp-json\/wp\/v2\/tags?post=14562"}],"curies":[{"name":"wp","href":"https:\/\/api.w.org\/{rel}","templated":true}]}}