{"id":14395,"date":"2025-01-09T14:11:27","date_gmt":"2025-01-09T14:11:27","guid":{"rendered":"https:\/\/aesia.pt\/portal\/?p=14395"},"modified":"2025-01-09T14:11:27","modified_gmt":"2025-01-09T14:11:27","slug":"fwd-formacao-docente-janeiro-e-marco-comunicacao-e-jornalismo-escolar-blog-e-podcast","status":"publish","type":"post","link":"https:\/\/aesia.pt\/portal\/fwd-formacao-docente-janeiro-e-marco-comunicacao-e-jornalismo-escolar-blog-e-podcast\/","title":{"rendered":"Forma\u00e7\u00e3o docente Janeiro e Mar\u00e7o &#8211; Comunica\u00e7\u00e3o e Jornalismo Escolar: Blog e Podcast"},"content":{"rendered":"<div class=\"postie-post\">\n<div dir=\"ltr\">\n<div class=\"gmail_quote gmail_quote_container\">\n<div dir=\"ltr\" class=\"gmail_attr\">&#8212;&#8212;&#8212;- Forwarded message &#8212;&#8212;&#8212;<br \/>De: <strong class=\"gmail_sendername\" dir=\"auto\">Alexandra Gomes<\/strong> <span dir=\"auto\">&lt;<a href=\"mailto:alexandra@alexandra-gomes.com\"><a href=\"mailto:alexandra@alexandra-gomes.com\" >alexandra@alexandra-gomes.com<\/a><\/a>&gt;<\/span><br \/>Date: quinta, 9\/01\/2025 \u00e0(s) 11:09<br \/>Subject: Forma\u00e7\u00e3o docente Janeiro e Mar\u00e7o &#8211; Comunica\u00e7\u00e3o e Jornalismo Escolar: Blog e Podcast<br \/>To: <\/div>\n<p><u><\/u><\/p>\n<div>\n<p><span lang=\"PT\" style=\"font-family:\"Arial\",\"sans-serif\"\">Bom<br \/>\n        dia,<\/span> <\/p>\n<div>\n<p style=\"text-align:justify;line-height:150%\"><span lang=\"PT\" style=\"font-family:\"Arial\",\"sans-serif\"\">Agrade\u00e7o<br \/>\n          a divulga\u00e7\u00e3o junto do vosso corpo docente, das seguintes a\u00e7\u00f5es<br \/>\n          de forma\u00e7\u00e3o docente e-Learning (Acreditadas pelo C.C.P.F.C.),<br \/>\n          dedicadas ao tema da comunica\u00e7\u00e3o e do Jornalismo Escolar. As<br \/>\n          inscri\u00e7\u00f5es est\u00e3o j\u00e1 abertas\/a decorrer e realizam-se online.<\/span><\/p>\n<p style=\"text-align:justify;line-height:150%\"><b><span lang=\"PT\" style=\"font-family:\"Arial\",\"sans-serif\";color:#feb80a\">Curso 1:<\/span><\/b><\/p>\n<p style=\"text-align:justify;line-height:150%\"><i><span lang=\"PT\" style=\"font-family:\"Arial\",\"sans-serif\"\">Curso:<\/span><\/i><span lang=\"PT\" style=\"font-family:\"Arial\",\"sans-serif\"\"> <b>Como<br \/>\n            construir e gerir um Blog Escolar <\/b><\/span><\/p>\n<p style=\"text-align:justify;line-height:150%\"><i><span lang=\"PT\" style=\"font-family:\"Arial\",\"sans-serif\"\">Formadora:<\/span><\/i><span lang=\"PT\" style=\"font-family:\"Arial\",\"sans-serif\"\"><br \/>\n          Alexandra Gomes<\/span><\/p>\n<p style=\"text-align:justify;line-height:150%\"><i><span lang=\"PT\" style=\"font-family:\"Arial\",\"sans-serif\"\">Modalidade:<\/span><\/i><span lang=\"PT\" style=\"font-family:\"Arial\",\"sans-serif\"\"><br \/>\n          e-Learning (totalmente \u00e0 dist\u00e2ncia\/online).<\/span><\/p>\n<p style=\"text-align:justify;line-height:150%\"><i><span lang=\"PT\" style=\"font-family:\"Arial\",\"sans-serif\"\">Ente Organizador:<\/span><\/i><span lang=\"PT\" style=\"font-family:\"Arial\",\"sans-serif\"\"><br \/>\n          Centro de Forma\u00e7\u00e3o Alice Maia Magalh\u00e3es (Associa\u00e7\u00e3o de<br \/>\n          Solidariedade Social dos Professores \u2013 ASSP)<\/span><\/p>\n<p style=\"text-align:justify;line-height:150%\"><i><span lang=\"PT\" style=\"font-family:\"Arial\",\"sans-serif\"\">P\u00fablico-alvo:<\/span><\/i><span lang=\"PT\" style=\"font-family:\"Arial\",\"sans-serif\"\"> Docentes<br \/>\n          dos Ensinos B\u00e1sico e Secund\u00e1rio.<\/span><\/p>\n<p style=\"text-align:justify;line-height:150%\"><i><span lang=\"PT\" style=\"font-family:\"Arial\",\"sans-serif\"\">Dura\u00e7\u00e3o:<\/span><\/i><span lang=\"PT\" style=\"font-family:\"Arial\",\"sans-serif\"\"> 25 horas (11h s\u00edncronas e 14h ass\u00edncronas)<\/span><\/p>\n<p style=\"text-align:justify;line-height:150%\"><i><span lang=\"PT\" style=\"font-family:\"Arial\",\"sans-serif\"\">Turma:<\/span><\/i><span lang=\"PT\" style=\"font-family:\"Arial\",\"sans-serif\"\"> 1<\/span><\/p>\n<p style=\"text-align:justify;line-height:150%\"><i><span lang=\"PT\" style=\"font-family:\"Arial\",\"sans-serif\"\">Plataformas:<\/span><\/i><span lang=\"PT\" style=\"font-family:\"Arial\",\"sans-serif\"\"><br \/>\n          Plataforma do CFAMM, Moodle e Zoom<\/span><\/p>\n<p style=\"text-align:justify;line-height:150%\"><span lang=\"PT\" style=\"font-family:\"Arial\",\"sans-serif\"\">\u00a0<\/span><\/p>\n<p style=\"text-align:justify;line-height:150%\"><b><span lang=\"PT\" style=\"font-family:\"Arial\",\"sans-serif\"\">Calend\u00e1rio geral:<\/span><\/b><\/p>\n<p style=\"text-align:justify;line-height:150%\"><i><span lang=\"PT\" style=\"font-family:\"Arial\",\"sans-serif\"\">In\u00edcio:<\/span><\/i><span lang=\"PT\" style=\"font-family:\"Arial\",\"sans-serif\"\"> 21 de Janeiro de 2025 <\/span><\/p>\n<p style=\"text-align:justify;line-height:150%\"><i><span lang=\"PT\" style=\"font-family:\"Arial\",\"sans-serif\"\">Fim:<\/span><\/i><span lang=\"PT\" style=\"font-family:\"Arial\",\"sans-serif\"\"> 18 de Fevereiro de 2025 <\/span><\/p>\n<p style=\"text-align:justify;line-height:150%\"><i><span lang=\"PT\" style=\"font-family:\"Arial\",\"sans-serif\"\">Sess\u00f5es S\u00edncronas:<\/span><\/i><span lang=\"PT\" style=\"font-family:\"Arial\",\"sans-serif\"\"><br \/>\n          21, 28 de Janeiro + 4, 11 e 18 de Fevereiro de 2025 (a partir<br \/>\n          das 20h).<\/span><\/p>\n<p style=\"text-align:justify;line-height:150%\"><i><span lang=\"PT\" style=\"font-family:\"Arial\",\"sans-serif\"\">Sess\u00f5es Ass\u00edncronas:<\/span><\/i><span lang=\"PT\" style=\"font-family:\"Arial\",\"sans-serif\"\"><br \/>\n          23 e 30 de Janeiro + 6 e 13 de Fevereiro de 2025 (a partir das<br \/>\n          18h).<\/span><\/p>\n<p style=\"text-align:justify;line-height:150%\"><span lang=\"PT\" style=\"font-family:\"Arial\",\"sans-serif\"\">\u00a0<\/span><\/p>\n<p style=\"text-align:justify;line-height:150%\"><b><span lang=\"PT\" style=\"font-family:\"Arial\",\"sans-serif\"\">Inscri\u00e7\u00f5es a decorrer (at\u00e9 20 Janeiro 2025):<\/span><\/b><\/p>\n<p style=\"text-align:justify;line-height:150%\"><a href=\"https:\/\/cfamm.cfae.pt\/formacao\/\" target=\"_blank\"><span lang=\"PT\" style=\"font-family:\"Arial\",\"sans-serif\"\">https:\/\/cfamm.cfae.pt\/formacao\/<\/span><\/a><span lang=\"PT\" style=\"font-family:\"Arial\",\"sans-serif\"\"><span>\u00a0 <\/span><\/span><\/p>\n<p style=\"text-align:justify;line-height:150%\"><i><span lang=\"PT\" style=\"font-family:\"Arial\",\"sans-serif\"\">(Associados ASSP: 40\u20ac; N\u00e3o Associados: 90\u20ac)<\/span><\/i><\/p>\n<p style=\"text-align:justify;line-height:150%\"><span lang=\"PT\" style=\"font-family:\"Arial\",\"sans-serif\"\">\u00a0<\/span><\/p>\n<p style=\"text-align:justify;line-height:150%\"><b><span lang=\"PT\" style=\"font-family:\"Arial\",\"sans-serif\";color:#00addc\">Curso 2:<\/span><\/b><\/p>\n<p style=\"text-align:justify;line-height:150%\"><i><span lang=\"PT\" style=\"font-family:\"Arial\",\"sans-serif\"\">Curso:<\/span><\/i><span lang=\"PT\" style=\"font-family:\"Arial\",\"sans-serif\"\"> <b>Da<br \/>\n            did\u00e1tica ao jornalismo escolar: o Podcast como ferramenta<br \/>\n            educativa <\/b><\/span><\/p>\n<p style=\"text-align:justify;line-height:150%\"><i><span lang=\"PT\" style=\"font-family:\"Arial\",\"sans-serif\"\">Formadora:<\/span><\/i><span lang=\"PT\" style=\"font-family:\"Arial\",\"sans-serif\"\"><br \/>\n          Alexandra Gomes<\/span><\/p>\n<p style=\"text-align:justify;line-height:150%\"><i><span lang=\"PT\" style=\"font-family:\"Arial\",\"sans-serif\"\">Modalidade:<\/span><\/i><span lang=\"PT\" style=\"font-family:\"Arial\",\"sans-serif\"\"><br \/>\n          e-Learning (totalmente \u00e0 dist\u00e2ncia\/online).<\/span><\/p>\n<p style=\"text-align:justify;line-height:150%\"><i><span lang=\"PT\" style=\"font-family:\"Arial\",\"sans-serif\"\">Ente Organizador:<\/span><\/i><span lang=\"PT\" style=\"font-family:\"Arial\",\"sans-serif\"\"><br \/>\n          Centro de Forma\u00e7\u00e3o Alice Maia Magalh\u00e3es (Associa\u00e7\u00e3o de<br \/>\n          Solidariedade Social dos Professores \u2013 ASSP)<\/span><\/p>\n<p style=\"text-align:justify;line-height:150%\"><i><span lang=\"PT\" style=\"font-family:\"Arial\",\"sans-serif\"\">P\u00fablico-alvo:<\/span><\/i><span lang=\"PT\" style=\"font-family:\"Arial\",\"sans-serif\"\"> Docentes<br \/>\n          dos Ensinos B\u00e1sico e Secund\u00e1rio e Docentes de Educa\u00e7\u00e3o<br \/>\n          Especial.<\/span><\/p>\n<p style=\"text-align:justify;line-height:150%\"><i><span lang=\"PT\" style=\"font-family:\"Arial\",\"sans-serif\"\">Dura\u00e7\u00e3o:<\/span><\/i><span lang=\"PT\" style=\"font-family:\"Arial\",\"sans-serif\"\"> 25 horas (11h s\u00edncronas e 14h ass\u00edncronas)<\/span><\/p>\n<p style=\"text-align:justify;line-height:150%\"><i><span lang=\"PT\" style=\"font-family:\"Arial\",\"sans-serif\"\">Turma:<\/span><\/i><span lang=\"PT\" style=\"font-family:\"Arial\",\"sans-serif\"\"> 1<\/span><\/p>\n<p style=\"text-align:justify;line-height:150%\"><i><span lang=\"PT\" style=\"font-family:\"Arial\",\"sans-serif\"\">Plataformas:<\/span><\/i><span lang=\"PT\" style=\"font-family:\"Arial\",\"sans-serif\"\"><br \/>\n          Plataforma do CFAMM, Moodle e Zoom<\/span><\/p>\n<p style=\"text-align:justify;line-height:150%\"><span lang=\"PT\" style=\"font-family:\"Arial\",\"sans-serif\"\">\u00a0<\/span><\/p>\n<p style=\"text-align:justify;line-height:150%\"><b><span lang=\"PT\" style=\"font-family:\"Arial\",\"sans-serif\"\">Calend\u00e1rio geral:<\/span><\/b><\/p>\n<p style=\"text-align:justify;line-height:150%\"><i><span lang=\"PT\" style=\"font-family:\"Arial\",\"sans-serif\"\">In\u00edcio:<\/span><\/i><span lang=\"PT\" style=\"font-family:\"Arial\",\"sans-serif\"\"> 6 de Mar\u00e7o de 2025 <\/span><\/p>\n<p style=\"text-align:justify;line-height:150%\"><i><span lang=\"PT\" style=\"font-family:\"Arial\",\"sans-serif\"\">Fim:<\/span><\/i><span lang=\"PT\" style=\"font-family:\"Arial\",\"sans-serif\"\"> 3 de Abril de 2025 <\/span><\/p>\n<p style=\"text-align:justify;line-height:150%\"><i><span lang=\"PT\" style=\"font-family:\"Arial\",\"sans-serif\"\">Sess\u00f5es S\u00edncronas:<\/span><\/i><span lang=\"PT\" style=\"font-family:\"Arial\",\"sans-serif\"\"><br \/>\n          6, 13, 20 e 27 de Mar\u00e7o + 3 de Abril de 2025 (a partir das<br \/>\n          20h).<\/span><\/p>\n<p style=\"text-align:justify;line-height:150%\"><i><span lang=\"PT\" style=\"font-family:\"Arial\",\"sans-serif\"\">Sess\u00f5es Ass\u00edncronas:<\/span><\/i><span lang=\"PT\" style=\"font-family:\"Arial\",\"sans-serif\"\"><br \/>\n          11, 18 e 25 de Mar\u00e7o + 1 de Abril de 2025 (a partir das 18h).<\/span><\/p>\n<p style=\"text-align:justify;line-height:150%\"><span lang=\"PT\" style=\"font-family:\"Arial\",\"sans-serif\"\">\u00a0<\/span><\/p>\n<p style=\"text-align:justify;line-height:150%\"><b><span lang=\"PT\" style=\"font-family:\"Arial\",\"sans-serif\"\">Inscri\u00e7\u00f5es a decorrer (at\u00e9 5 Mar\u00e7o 2025):<\/span><\/b><\/p>\n<p style=\"text-align:justify;line-height:150%\"><a href=\"https:\/\/cfamm.cfae.pt\/formacao\/\" target=\"_blank\"><span lang=\"PT\" style=\"font-family:\"Arial\",\"sans-serif\"\">https:\/\/cfamm.cfae.pt\/formacao\/<\/span><\/a><span lang=\"PT\" style=\"font-family:\"Arial\",\"sans-serif\"\"><span>\u00a0 <\/span><\/span><\/p>\n<p style=\"text-align:justify;line-height:150%\"><i><span lang=\"PT\" style=\"font-family:\"Arial\",\"sans-serif\"\">(Associados ASSP: 40\u20ac; N\u00e3o Associados: 90\u20ac)<\/span><\/i><\/p>\n<p style=\"text-align:justify;line-height:150%\"><span lang=\"PT\" style=\"font-family:\"Arial\",\"sans-serif\"\">&#8212;<\/span><\/p>\n<p style=\"text-align:justify;line-height:150%\"><i><span lang=\"PT\" style=\"font-family:\"Arial\",\"sans-serif\"\">Estas a\u00e7\u00f5es de forma\u00e7\u00e3o s\u00e3o especialmente \u00fateis<br \/>\n            para os docentes que:<\/span><\/i><\/p>\n<p style=\"margin-left:35.45pt;text-align:justify;line-height:150%\"><span lang=\"PT\" style=\"font-family:Symbol\"><span>\u00b7<span style=\"font:7.0pt \"Times New Roman\"\">\u00a0\u00a0\u00a0\u00a0\u00a0\u00a0 <\/span><\/span><\/span><span lang=\"PT\" style=\"font-family:\"Arial\",\"sans-serif\"\">Pretendem<br \/>\n          usar o jornalismo escolar como ferramenta did\u00e1tica;<\/span><\/p>\n<p style=\"margin-left:35.45pt;text-align:justify;line-height:150%\"><span lang=\"PT\" style=\"font-family:Symbol\"><span>\u00b7<span style=\"font:7.0pt \"Times New Roman\"\">\u00a0\u00a0\u00a0\u00a0\u00a0\u00a0 <\/span><\/span><\/span><span lang=\"PT\" style=\"font-family:\"Arial\",\"sans-serif\"\">Querem<br \/>\n          criar de raiz um projeto de jornalismo escolar com os seus<br \/>\n          alunos e\/ou colegas;<\/span><\/p>\n<p style=\"margin-left:35.45pt;text-align:justify;line-height:150%\"><span lang=\"PT\" style=\"font-family:Symbol\"><span>\u00b7<span style=\"font:7.0pt \"Times New Roman\"\">\u00a0\u00a0\u00a0\u00a0\u00a0\u00a0 <\/span><\/span><\/span><span lang=\"PT\" style=\"font-family:\"Arial\",\"sans-serif\"\">J\u00e1<br \/>\n          trabalham e fazem a gest\u00e3o de um blog ou r\u00e1dio escolar, e<br \/>\n          querem renovar conhecimentos na \u00e1rea;<\/span><\/p>\n<p style=\"margin-left:35.45pt;text-align:justify;line-height:150%\"><span lang=\"PT\" style=\"font-family:Symbol\"><span>\u00b7<span style=\"font:7.0pt \"Times New Roman\"\">\u00a0\u00a0\u00a0\u00a0\u00a0\u00a0 <\/span><\/span><\/span><span lang=\"PT\" style=\"font-family:\"Arial\",\"sans-serif\"\">Querem<br \/>\n          usar um blog ou podcast como ferramenta e atividade<br \/>\n          colaborativa no \u00e2mbito de uma disciplina, turma, grupo, clube<br \/>\n          tem\u00e1tico e\/ou envolvendo toda a comunidade escolar no projeto<br \/>\n          Escola.<\/span><\/p>\n<p style=\"text-align:justify;line-height:150%\"><span lang=\"PT\" style=\"font-family:\"Arial\",\"sans-serif\"\">A<br \/>\n          aposta no Jornalismo Escolar nas mais variadas formas, seja um<br \/>\n          bog, um jornal, uma r\u00e1dio ou um podcast, tem comprovados<br \/>\n          benef\u00edcios na aquisi\u00e7\u00e3o e renova\u00e7\u00e3o de compet\u00eancias<br \/>\n          acad\u00e9micas, pedag\u00f3gicas, organizativas e s\u00f3cio-culturais, para<br \/>\n          alunos, professores, encarregados de educa\u00e7\u00e3o e restante<br \/>\n          comunidade educativa, revelando-se um tipo de projeto que<br \/>\n          tamb\u00e9m tem resultados extremamente positivos em Escolas<br \/>\n          inseridas em contextos sociais mais fr\u00e1geis e desafiadores.<\/span><\/p>\n<p style=\"text-align:justify;line-height:150%\"><span lang=\"PT\" style=\"font-family:\"Arial\",\"sans-serif\"\">&#8212;<\/span><\/p>\n<p style=\"text-align:justify;line-height:150%\"><b><span lang=\"PT\" style=\"font-family:\"Arial\",\"sans-serif\"\">Mais informa\u00e7\u00f5es:<\/span><\/b><\/p>\n<p style=\"text-align:justify;line-height:150%\"><a href=\"https:\/\/cfamm.cfae.pt\/formacao\/\" target=\"_blank\"><span lang=\"PT\" style=\"font-family:\"Arial\",\"sans-serif\"\">https:\/\/cfamm.cfae.pt\/formacao\/<\/span><\/a><span style=\"font-family:\"Arial\",\"sans-serif\"\"><br \/>\n          <span lang=\"PT\"><\/span><\/span><\/p>\n<p style=\"text-align:justify;line-height:150%\"><span lang=\"PT\" style=\"font-family:\"Arial\",\"sans-serif\"\"><a href=\"https:\/\/alexandra-gomes.com\/como-construir-e-gerir-um-blog-escolar\/\" target=\"_blank\">https:\/\/alexandra-gomes.com\/como-construir-e-gerir-um-blog-escolar\/<\/a><\/span><\/p>\n<p style=\"text-align:justify;line-height:150%\"><span lang=\"PT\" style=\"font-family:\"Arial\",\"sans-serif\"\"><a href=\"https:\/\/alexandra-gomes.com\/da-didatica-ao-jornalismo-escolar-o-podcast-como-ferramenta-educativa\/\" target=\"_blank\">https:\/\/alexandra-gomes.com\/da-didatica-ao-jornalismo-escolar-o-podcast-como-ferramenta-educativa\/<\/a><\/span><\/p>\n<p style=\"text-align:justify;line-height:150%\"><span lang=\"PT\" style=\"font-family:\"Arial\",\"sans-serif\"\">\u00a0<\/span><\/p>\n<p style=\"text-align:justify;line-height:150%\"><b><i><span lang=\"PT\" style=\"font-family:\"Arial\",\"sans-serif\"\">Centro<br \/>\n              de Forma\u00e7\u00e3o Alice Maia Magalh\u00e3es:<\/span><\/i><\/b><span lang=\"PT\" style=\"font-family:\"Arial\",\"sans-serif\"\"><br \/>\n          Telefone: 218 246 020 | Email: <\/span><a href=\"mailto:cfamm@assp.pt\" target=\"_blank\"><span lang=\"PT\" style=\"font-family:\"Arial\",\"sans-serif\"\"><a href=\"mailto:cfamm@assp.pt\" >cfamm@assp.pt<\/a><\/span><\/a><span lang=\"PT\" style=\"font-family:\"Arial\",\"sans-serif\"\"><\/span><\/p>\n<p style=\"text-align:justify;line-height:150%\"><span lang=\"PT\" style=\"font-family:\"Arial\",\"sans-serif\"\"><i>Nota:<\/i><br \/>\n          A gest\u00e3o das inscri\u00e7\u00f5es e respetivos pagamentos, bem como a<br \/>\n          recolha de valores \u00e9 realizada diretamente pelo Centro de<br \/>\n          Forma\u00e7\u00e3o.<\/span><\/p>\n<p style=\"text-align:justify;line-height:150%\"><span lang=\"PT\" style=\"font-family:\"Arial\",\"sans-serif\"\">&#8212;<\/span><\/p>\n<p style=\"text-align:justify;line-height:150%\"><span lang=\"PT\" style=\"font-family:\"Arial\",\"sans-serif\"\">Muito<br \/>\n          obrigada, desde j\u00e1, pelo vosso interesse e ajuda em fazer<br \/>\n          chegar esta informa\u00e7\u00e3o aos interessados.<\/span><\/p>\n<p style=\"text-align:justify;line-height:150%\"><span lang=\"PT\" style=\"font-family:\"Arial\",\"sans-serif\"\">Votos<br \/>\n          de uma excelente 2025.<\/span><\/p>\n<p style=\"text-align:justify;line-height:150%\"><span lang=\"PT\" style=\"font-family:\"Arial\",\"sans-serif\"\">Com<br \/>\n          os melhores cumprimentos,<\/span><\/p>\n<p style=\"text-align:justify;line-height:150%\"><span lang=\"PT\" style=\"font-family:\"Arial\",\"sans-serif\"\">Alexandra<br \/>\n          Gomes<\/span><\/p>\n<p style=\"text-align:justify;line-height:150%\"><span lang=\"PT\" style=\"font-family:\"Arial\",\"sans-serif\"\"><span>\u00a0\u00a0 <\/span><\/span><\/p>\n<\/p><\/div>\n<div id=\"m_-6979809960874983331DAB4FAD8-2DD7-40BB-A1B8-4E2AA1F9FDF2\"><\/p>\n<table style=\"border-top:1px solid #d3d4de\">\n<tbody>\n<tr>\n<td style=\"width:55px;padding-top:13px\"><a href=\"https:\/\/www.avast.com\/sig-email?utm_medium=email&amp;utm_source=link&amp;utm_campaign=sig-email&amp;utm_content=emailclient\" target=\"_blank\"><img loading=\"lazy\" decoding=\"async\" src=\"https:\/\/s-install.avcdn.net\/ipm\/preview\/icons\/icon-envelope-tick-round-orange-animated-no-repeat-v1.gif\" alt=\"\" width=\"46\" height=\"29\" style=\"width:46px;height:29px\"><\/a><\/td>\n<td style=\"width:470px;padding-top:12px;color:#41424e;font-size:13px;font-family:Arial,Helvetica,sans-serif;line-height:18px\">Sem v\u00edrus.<a href=\"https:\/\/www.avast.com\/sig-email?utm_medium=email&amp;utm_source=link&amp;utm_campaign=sig-email&amp;utm_content=emailclient\" style=\"color:#4453ea\" target=\"_blank\">www.avast.com<\/a><\/td>\n<\/tr>\n<\/tbody>\n<\/table>\n<p><a href=\"#m_-6979809960874983331_DAB4FAD8-2DD7-40BB-A1B8-4E2AA1F9FDF2\" width=\"1\" height=\"1\"> <\/a><\/div>\n<\/div>\n<\/div>\n<\/div>\n<\/div>\n","protected":false},"excerpt":{"rendered":"<p>&#8212;&#8212;&#8212;- Forwarded message &#8212;&#8212;&#8212;De: Alexandra Gomes &lt;alexandra@alexandra-gomes.com&gt;Date: quinta, 9\/01\/2025 \u00e0(s) 11:09Subject: Forma\u00e7\u00e3o docente Janeiro e Mar\u00e7o &#8211; Comunica\u00e7\u00e3o e Jornalismo&hellip; <a class=\"continue\" href=\"https:\/\/aesia.pt\/portal\/fwd-formacao-docente-janeiro-e-marco-comunicacao-e-jornalismo-escolar-blog-e-podcast\/\">Ler mais<span> Forma\u00e7\u00e3o docente Janeiro e Mar\u00e7o &#8211; Comunica\u00e7\u00e3o e Jornalismo Escolar: Blog e Podcast<\/span><\/a><\/p>\n","protected":false},"author":8,"featured_media":0,"comment_status":"closed","ping_status":"closed","sticky":false,"template":"","format":"standard","meta":{"_acf_changed":false,"footnotes":""},"categories":[56],"tags":[],"class_list":["post-14395","post","type-post","status-publish","format-standard","hentry","category-formacao"],"acf":[],"yoast_head":"<!-- This site is optimized with the Yoast SEO plugin v27.4 - https:\/\/yoast.com\/product\/yoast-seo-wordpress\/ -->\n<title>Fwd: Forma\u00e7\u00e3o docente Janeiro e Mar\u00e7o - Comunica\u00e7\u00e3o e Jornalismo Escolar: Blog e Podcast &#8211; AESIA<\/title>\n<meta name=\"robots\" content=\"index, follow, max-snippet:-1, max-image-preview:large, max-video-preview:-1\" \/>\n<link rel=\"canonical\" href=\"https:\/\/aesia.pt\/portal\/fwd-formacao-docente-janeiro-e-marco-comunicacao-e-jornalismo-escolar-blog-e-podcast\/\" \/>\n<meta property=\"og:locale\" content=\"pt_PT\" \/>\n<meta property=\"og:type\" content=\"article\" \/>\n<meta property=\"og:title\" content=\"Fwd: Forma\u00e7\u00e3o docente Janeiro e Mar\u00e7o - Comunica\u00e7\u00e3o e Jornalismo Escolar: Blog e Podcast &#8211; AESIA\" \/>\n<meta property=\"og:description\" content=\"&#8212;&#8212;&#8212;- Forwarded message &#8212;&#8212;&#8212;De: Alexandra Gomes &lt;alexandra@alexandra-gomes.com&gt;Date: quinta, 9\/01\/2025 \u00e0(s) 11:09Subject: Forma\u00e7\u00e3o docente Janeiro e Mar\u00e7o &#8211; Comunica\u00e7\u00e3o e Jornalismo&hellip; Ler mais Forma\u00e7\u00e3o docente Janeiro e Mar\u00e7o &#8211; Comunica\u00e7\u00e3o e Jornalismo Escolar: Blog e Podcast\" \/>\n<meta property=\"og:url\" content=\"https:\/\/aesia.pt\/portal\/fwd-formacao-docente-janeiro-e-marco-comunicacao-e-jornalismo-escolar-blog-e-podcast\/\" \/>\n<meta property=\"og:site_name\" content=\"AESIA\" \/>\n<meta property=\"article:publisher\" content=\"https:\/\/www.facebook.com\/aesia.pt\/\" \/>\n<meta property=\"article:published_time\" content=\"2025-01-09T14:11:27+00:00\" \/>\n<meta property=\"og:image\" content=\"https:\/\/s-install.avcdn.net\/ipm\/preview\/icons\/icon-envelope-tick-round-orange-animated-no-repeat-v1.gif\" \/>\n<meta name=\"author\" content=\"Ivo Cardoso\" \/>\n<meta name=\"twitter:card\" content=\"summary_large_image\" \/>\n<meta name=\"twitter:label1\" content=\"Escrito por\" \/>\n\t<meta name=\"twitter:data1\" content=\"Ivo Cardoso\" \/>\n\t<meta name=\"twitter:label2\" content=\"Tempo estimado de leitura\" \/>\n\t<meta name=\"twitter:data2\" content=\"3 minutos\" \/>\n<script type=\"application\/ld+json\" class=\"yoast-schema-graph\">{\"@context\":\"https:\\\/\\\/schema.org\",\"@graph\":[{\"@type\":\"Article\",\"@id\":\"https:\\\/\\\/aesia.pt\\\/portal\\\/fwd-formacao-docente-janeiro-e-marco-comunicacao-e-jornalismo-escolar-blog-e-podcast\\\/#article\",\"isPartOf\":{\"@id\":\"https:\\\/\\\/aesia.pt\\\/portal\\\/fwd-formacao-docente-janeiro-e-marco-comunicacao-e-jornalismo-escolar-blog-e-podcast\\\/\"},\"author\":{\"name\":\"Ivo Cardoso\",\"@id\":\"https:\\\/\\\/aesia.pt\\\/portal\\\/#\\\/schema\\\/person\\\/8961c6287f9d82fe320fba91b3e2e991\"},\"headline\":\"Forma\u00e7\u00e3o docente Janeiro e Mar\u00e7o &#8211; Comunica\u00e7\u00e3o e Jornalismo Escolar: Blog e Podcast\",\"datePublished\":\"2025-01-09T14:11:27+00:00\",\"mainEntityOfPage\":{\"@id\":\"https:\\\/\\\/aesia.pt\\\/portal\\\/fwd-formacao-docente-janeiro-e-marco-comunicacao-e-jornalismo-escolar-blog-e-podcast\\\/\"},\"wordCount\":606,\"publisher\":{\"@id\":\"https:\\\/\\\/aesia.pt\\\/portal\\\/#organization\"},\"image\":{\"@id\":\"https:\\\/\\\/aesia.pt\\\/portal\\\/fwd-formacao-docente-janeiro-e-marco-comunicacao-e-jornalismo-escolar-blog-e-podcast\\\/#primaryimage\"},\"thumbnailUrl\":\"https:\\\/\\\/s-install.avcdn.net\\\/ipm\\\/preview\\\/icons\\\/icon-envelope-tick-round-orange-animated-no-repeat-v1.gif\",\"articleSection\":[\"Forma\u00e7\u00e3o\"],\"inLanguage\":\"pt-PT\"},{\"@type\":\"WebPage\",\"@id\":\"https:\\\/\\\/aesia.pt\\\/portal\\\/fwd-formacao-docente-janeiro-e-marco-comunicacao-e-jornalismo-escolar-blog-e-podcast\\\/\",\"url\":\"https:\\\/\\\/aesia.pt\\\/portal\\\/fwd-formacao-docente-janeiro-e-marco-comunicacao-e-jornalismo-escolar-blog-e-podcast\\\/\",\"name\":\"Fwd: Forma\u00e7\u00e3o docente Janeiro e Mar\u00e7o - Comunica\u00e7\u00e3o e Jornalismo Escolar: Blog e Podcast &#8211; AESIA\",\"isPartOf\":{\"@id\":\"https:\\\/\\\/aesia.pt\\\/portal\\\/#website\"},\"primaryImageOfPage\":{\"@id\":\"https:\\\/\\\/aesia.pt\\\/portal\\\/fwd-formacao-docente-janeiro-e-marco-comunicacao-e-jornalismo-escolar-blog-e-podcast\\\/#primaryimage\"},\"image\":{\"@id\":\"https:\\\/\\\/aesia.pt\\\/portal\\\/fwd-formacao-docente-janeiro-e-marco-comunicacao-e-jornalismo-escolar-blog-e-podcast\\\/#primaryimage\"},\"thumbnailUrl\":\"https:\\\/\\\/s-install.avcdn.net\\\/ipm\\\/preview\\\/icons\\\/icon-envelope-tick-round-orange-animated-no-repeat-v1.gif\",\"datePublished\":\"2025-01-09T14:11:27+00:00\",\"breadcrumb\":{\"@id\":\"https:\\\/\\\/aesia.pt\\\/portal\\\/fwd-formacao-docente-janeiro-e-marco-comunicacao-e-jornalismo-escolar-blog-e-podcast\\\/#breadcrumb\"},\"inLanguage\":\"pt-PT\",\"potentialAction\":[{\"@type\":\"ReadAction\",\"target\":[\"https:\\\/\\\/aesia.pt\\\/portal\\\/fwd-formacao-docente-janeiro-e-marco-comunicacao-e-jornalismo-escolar-blog-e-podcast\\\/\"]}]},{\"@type\":\"ImageObject\",\"inLanguage\":\"pt-PT\",\"@id\":\"https:\\\/\\\/aesia.pt\\\/portal\\\/fwd-formacao-docente-janeiro-e-marco-comunicacao-e-jornalismo-escolar-blog-e-podcast\\\/#primaryimage\",\"url\":\"https:\\\/\\\/s-install.avcdn.net\\\/ipm\\\/preview\\\/icons\\\/icon-envelope-tick-round-orange-animated-no-repeat-v1.gif\",\"contentUrl\":\"https:\\\/\\\/s-install.avcdn.net\\\/ipm\\\/preview\\\/icons\\\/icon-envelope-tick-round-orange-animated-no-repeat-v1.gif\"},{\"@type\":\"BreadcrumbList\",\"@id\":\"https:\\\/\\\/aesia.pt\\\/portal\\\/fwd-formacao-docente-janeiro-e-marco-comunicacao-e-jornalismo-escolar-blog-e-podcast\\\/#breadcrumb\",\"itemListElement\":[{\"@type\":\"ListItem\",\"position\":1,\"name\":\"Home\",\"item\":\"https:\\\/\\\/aesia.pt\\\/portal\\\/\"},{\"@type\":\"ListItem\",\"position\":2,\"name\":\"Forma\u00e7\u00e3o docente Janeiro e Mar\u00e7o &#8211; Comunica\u00e7\u00e3o e Jornalismo Escolar: Blog e Podcast\"}]},{\"@type\":\"WebSite\",\"@id\":\"https:\\\/\\\/aesia.pt\\\/portal\\\/#website\",\"url\":\"https:\\\/\\\/aesia.pt\\\/portal\\\/\",\"name\":\"AESIA\",\"description\":\"Agrupamento de Escolas de Santa Iria de Az\u00f3ia\",\"publisher\":{\"@id\":\"https:\\\/\\\/aesia.pt\\\/portal\\\/#organization\"},\"alternateName\":\"Agrupamento de Escolas de Santa Iria de Az\u00f3ia\",\"potentialAction\":[{\"@type\":\"SearchAction\",\"target\":{\"@type\":\"EntryPoint\",\"urlTemplate\":\"https:\\\/\\\/aesia.pt\\\/portal\\\/?s={search_term_string}\"},\"query-input\":{\"@type\":\"PropertyValueSpecification\",\"valueRequired\":true,\"valueName\":\"search_term_string\"}}],\"inLanguage\":\"pt-PT\"},{\"@type\":\"Organization\",\"@id\":\"https:\\\/\\\/aesia.pt\\\/portal\\\/#organization\",\"name\":\"Agrupamento de Escolas de Santa Iria de Az\u00f3ia\",\"alternateName\":\"AESIA\",\"url\":\"https:\\\/\\\/aesia.pt\\\/portal\\\/\",\"logo\":{\"@type\":\"ImageObject\",\"inLanguage\":\"pt-PT\",\"@id\":\"https:\\\/\\\/aesia.pt\\\/portal\\\/#\\\/schema\\\/logo\\\/image\\\/\",\"url\":\"https:\\\/\\\/aesia.pt\\\/portal\\\/wp-content\\\/uploads\\\/2023\\\/04\\\/logo4.png\",\"contentUrl\":\"https:\\\/\\\/aesia.pt\\\/portal\\\/wp-content\\\/uploads\\\/2023\\\/04\\\/logo4.png\",\"width\":162,\"height\":162,\"caption\":\"Agrupamento de Escolas de Santa Iria de Az\u00f3ia\"},\"image\":{\"@id\":\"https:\\\/\\\/aesia.pt\\\/portal\\\/#\\\/schema\\\/logo\\\/image\\\/\"},\"sameAs\":[\"https:\\\/\\\/www.facebook.com\\\/aesia.pt\\\/\"]},{\"@type\":\"Person\",\"@id\":\"https:\\\/\\\/aesia.pt\\\/portal\\\/#\\\/schema\\\/person\\\/8961c6287f9d82fe320fba91b3e2e991\",\"name\":\"Ivo Cardoso\",\"image\":{\"@type\":\"ImageObject\",\"inLanguage\":\"pt-PT\",\"@id\":\"https:\\\/\\\/secure.gravatar.com\\\/avatar\\\/b1503fafbe5678f3cfddd3fb093fcb636cd9a58fe5db5256d219059582e42c16?s=96&d=mm&r=g\",\"url\":\"https:\\\/\\\/secure.gravatar.com\\\/avatar\\\/b1503fafbe5678f3cfddd3fb093fcb636cd9a58fe5db5256d219059582e42c16?s=96&d=mm&r=g\",\"contentUrl\":\"https:\\\/\\\/secure.gravatar.com\\\/avatar\\\/b1503fafbe5678f3cfddd3fb093fcb636cd9a58fe5db5256d219059582e42c16?s=96&d=mm&r=g\",\"caption\":\"Ivo Cardoso\"},\"sameAs\":[\"http:\\\/\\\/aesia.pt\"],\"url\":\"https:\\\/\\\/aesia.pt\\\/portal\\\/author\\\/ivo-cardosoaesia-pt\\\/\"}]}<\/script>\n<!-- \/ Yoast SEO plugin. -->","yoast_head_json":{"title":"Fwd: Forma\u00e7\u00e3o docente Janeiro e Mar\u00e7o - Comunica\u00e7\u00e3o e Jornalismo Escolar: Blog e Podcast &#8211; AESIA","robots":{"index":"index","follow":"follow","max-snippet":"max-snippet:-1","max-image-preview":"max-image-preview:large","max-video-preview":"max-video-preview:-1"},"canonical":"https:\/\/aesia.pt\/portal\/fwd-formacao-docente-janeiro-e-marco-comunicacao-e-jornalismo-escolar-blog-e-podcast\/","og_locale":"pt_PT","og_type":"article","og_title":"Fwd: Forma\u00e7\u00e3o docente Janeiro e Mar\u00e7o - Comunica\u00e7\u00e3o e Jornalismo Escolar: Blog e Podcast &#8211; AESIA","og_description":"&#8212;&#8212;&#8212;- Forwarded message &#8212;&#8212;&#8212;De: Alexandra Gomes &lt;alexandra@alexandra-gomes.com&gt;Date: quinta, 9\/01\/2025 \u00e0(s) 11:09Subject: Forma\u00e7\u00e3o docente Janeiro e Mar\u00e7o &#8211; Comunica\u00e7\u00e3o e Jornalismo&hellip; Ler mais Forma\u00e7\u00e3o docente Janeiro e Mar\u00e7o &#8211; Comunica\u00e7\u00e3o e Jornalismo Escolar: Blog e Podcast","og_url":"https:\/\/aesia.pt\/portal\/fwd-formacao-docente-janeiro-e-marco-comunicacao-e-jornalismo-escolar-blog-e-podcast\/","og_site_name":"AESIA","article_publisher":"https:\/\/www.facebook.com\/aesia.pt\/","article_published_time":"2025-01-09T14:11:27+00:00","og_image":[{"url":"https:\/\/s-install.avcdn.net\/ipm\/preview\/icons\/icon-envelope-tick-round-orange-animated-no-repeat-v1.gif","type":"","width":"","height":""}],"author":"Ivo Cardoso","twitter_card":"summary_large_image","twitter_misc":{"Escrito por":"Ivo Cardoso","Tempo estimado de leitura":"3 minutos"},"schema":{"@context":"https:\/\/schema.org","@graph":[{"@type":"Article","@id":"https:\/\/aesia.pt\/portal\/fwd-formacao-docente-janeiro-e-marco-comunicacao-e-jornalismo-escolar-blog-e-podcast\/#article","isPartOf":{"@id":"https:\/\/aesia.pt\/portal\/fwd-formacao-docente-janeiro-e-marco-comunicacao-e-jornalismo-escolar-blog-e-podcast\/"},"author":{"name":"Ivo Cardoso","@id":"https:\/\/aesia.pt\/portal\/#\/schema\/person\/8961c6287f9d82fe320fba91b3e2e991"},"headline":"Forma\u00e7\u00e3o docente Janeiro e Mar\u00e7o &#8211; Comunica\u00e7\u00e3o e Jornalismo Escolar: Blog e Podcast","datePublished":"2025-01-09T14:11:27+00:00","mainEntityOfPage":{"@id":"https:\/\/aesia.pt\/portal\/fwd-formacao-docente-janeiro-e-marco-comunicacao-e-jornalismo-escolar-blog-e-podcast\/"},"wordCount":606,"publisher":{"@id":"https:\/\/aesia.pt\/portal\/#organization"},"image":{"@id":"https:\/\/aesia.pt\/portal\/fwd-formacao-docente-janeiro-e-marco-comunicacao-e-jornalismo-escolar-blog-e-podcast\/#primaryimage"},"thumbnailUrl":"https:\/\/s-install.avcdn.net\/ipm\/preview\/icons\/icon-envelope-tick-round-orange-animated-no-repeat-v1.gif","articleSection":["Forma\u00e7\u00e3o"],"inLanguage":"pt-PT"},{"@type":"WebPage","@id":"https:\/\/aesia.pt\/portal\/fwd-formacao-docente-janeiro-e-marco-comunicacao-e-jornalismo-escolar-blog-e-podcast\/","url":"https:\/\/aesia.pt\/portal\/fwd-formacao-docente-janeiro-e-marco-comunicacao-e-jornalismo-escolar-blog-e-podcast\/","name":"Fwd: Forma\u00e7\u00e3o docente Janeiro e Mar\u00e7o - Comunica\u00e7\u00e3o e Jornalismo Escolar: Blog e Podcast &#8211; AESIA","isPartOf":{"@id":"https:\/\/aesia.pt\/portal\/#website"},"primaryImageOfPage":{"@id":"https:\/\/aesia.pt\/portal\/fwd-formacao-docente-janeiro-e-marco-comunicacao-e-jornalismo-escolar-blog-e-podcast\/#primaryimage"},"image":{"@id":"https:\/\/aesia.pt\/portal\/fwd-formacao-docente-janeiro-e-marco-comunicacao-e-jornalismo-escolar-blog-e-podcast\/#primaryimage"},"thumbnailUrl":"https:\/\/s-install.avcdn.net\/ipm\/preview\/icons\/icon-envelope-tick-round-orange-animated-no-repeat-v1.gif","datePublished":"2025-01-09T14:11:27+00:00","breadcrumb":{"@id":"https:\/\/aesia.pt\/portal\/fwd-formacao-docente-janeiro-e-marco-comunicacao-e-jornalismo-escolar-blog-e-podcast\/#breadcrumb"},"inLanguage":"pt-PT","potentialAction":[{"@type":"ReadAction","target":["https:\/\/aesia.pt\/portal\/fwd-formacao-docente-janeiro-e-marco-comunicacao-e-jornalismo-escolar-blog-e-podcast\/"]}]},{"@type":"ImageObject","inLanguage":"pt-PT","@id":"https:\/\/aesia.pt\/portal\/fwd-formacao-docente-janeiro-e-marco-comunicacao-e-jornalismo-escolar-blog-e-podcast\/#primaryimage","url":"https:\/\/s-install.avcdn.net\/ipm\/preview\/icons\/icon-envelope-tick-round-orange-animated-no-repeat-v1.gif","contentUrl":"https:\/\/s-install.avcdn.net\/ipm\/preview\/icons\/icon-envelope-tick-round-orange-animated-no-repeat-v1.gif"},{"@type":"BreadcrumbList","@id":"https:\/\/aesia.pt\/portal\/fwd-formacao-docente-janeiro-e-marco-comunicacao-e-jornalismo-escolar-blog-e-podcast\/#breadcrumb","itemListElement":[{"@type":"ListItem","position":1,"name":"Home","item":"https:\/\/aesia.pt\/portal\/"},{"@type":"ListItem","position":2,"name":"Forma\u00e7\u00e3o docente Janeiro e Mar\u00e7o &#8211; Comunica\u00e7\u00e3o e Jornalismo Escolar: Blog e Podcast"}]},{"@type":"WebSite","@id":"https:\/\/aesia.pt\/portal\/#website","url":"https:\/\/aesia.pt\/portal\/","name":"AESIA","description":"Agrupamento de Escolas de Santa Iria de Az\u00f3ia","publisher":{"@id":"https:\/\/aesia.pt\/portal\/#organization"},"alternateName":"Agrupamento de Escolas de Santa Iria de Az\u00f3ia","potentialAction":[{"@type":"SearchAction","target":{"@type":"EntryPoint","urlTemplate":"https:\/\/aesia.pt\/portal\/?s={search_term_string}"},"query-input":{"@type":"PropertyValueSpecification","valueRequired":true,"valueName":"search_term_string"}}],"inLanguage":"pt-PT"},{"@type":"Organization","@id":"https:\/\/aesia.pt\/portal\/#organization","name":"Agrupamento de Escolas de Santa Iria de Az\u00f3ia","alternateName":"AESIA","url":"https:\/\/aesia.pt\/portal\/","logo":{"@type":"ImageObject","inLanguage":"pt-PT","@id":"https:\/\/aesia.pt\/portal\/#\/schema\/logo\/image\/","url":"https:\/\/aesia.pt\/portal\/wp-content\/uploads\/2023\/04\/logo4.png","contentUrl":"https:\/\/aesia.pt\/portal\/wp-content\/uploads\/2023\/04\/logo4.png","width":162,"height":162,"caption":"Agrupamento de Escolas de Santa Iria de Az\u00f3ia"},"image":{"@id":"https:\/\/aesia.pt\/portal\/#\/schema\/logo\/image\/"},"sameAs":["https:\/\/www.facebook.com\/aesia.pt\/"]},{"@type":"Person","@id":"https:\/\/aesia.pt\/portal\/#\/schema\/person\/8961c6287f9d82fe320fba91b3e2e991","name":"Ivo Cardoso","image":{"@type":"ImageObject","inLanguage":"pt-PT","@id":"https:\/\/secure.gravatar.com\/avatar\/b1503fafbe5678f3cfddd3fb093fcb636cd9a58fe5db5256d219059582e42c16?s=96&d=mm&r=g","url":"https:\/\/secure.gravatar.com\/avatar\/b1503fafbe5678f3cfddd3fb093fcb636cd9a58fe5db5256d219059582e42c16?s=96&d=mm&r=g","contentUrl":"https:\/\/secure.gravatar.com\/avatar\/b1503fafbe5678f3cfddd3fb093fcb636cd9a58fe5db5256d219059582e42c16?s=96&d=mm&r=g","caption":"Ivo Cardoso"},"sameAs":["http:\/\/aesia.pt"],"url":"https:\/\/aesia.pt\/portal\/author\/ivo-cardosoaesia-pt\/"}]}},"_links":{"self":[{"href":"https:\/\/aesia.pt\/portal\/wp-json\/wp\/v2\/posts\/14395","targetHints":{"allow":["GET"]}}],"collection":[{"href":"https:\/\/aesia.pt\/portal\/wp-json\/wp\/v2\/posts"}],"about":[{"href":"https:\/\/aesia.pt\/portal\/wp-json\/wp\/v2\/types\/post"}],"author":[{"embeddable":true,"href":"https:\/\/aesia.pt\/portal\/wp-json\/wp\/v2\/users\/8"}],"replies":[{"embeddable":true,"href":"https:\/\/aesia.pt\/portal\/wp-json\/wp\/v2\/comments?post=14395"}],"version-history":[{"count":0,"href":"https:\/\/aesia.pt\/portal\/wp-json\/wp\/v2\/posts\/14395\/revisions"}],"wp:attachment":[{"href":"https:\/\/aesia.pt\/portal\/wp-json\/wp\/v2\/media?parent=14395"}],"wp:term":[{"taxonomy":"category","embeddable":true,"href":"https:\/\/aesia.pt\/portal\/wp-json\/wp\/v2\/categories?post=14395"},{"taxonomy":"post_tag","embeddable":true,"href":"https:\/\/aesia.pt\/portal\/wp-json\/wp\/v2\/tags?post=14395"}],"curies":[{"name":"wp","href":"https:\/\/api.w.org\/{rel}","templated":true}]}}