{"id":13516,"date":"2024-12-05T12:06:34","date_gmt":"2024-12-05T12:06:34","guid":{"rendered":"http:\/\/aesia.pt\/portal\/?p=13516"},"modified":"2024-12-05T12:06:34","modified_gmt":"2024-12-05T12:06:34","slug":"fwd-centro-de-formacao-da-apefp-formacoes-acreditadas-para-janeiro-2025","status":"publish","type":"post","link":"https:\/\/aesia.pt\/portal\/fwd-centro-de-formacao-da-apefp-formacoes-acreditadas-para-janeiro-2025\/","title":{"rendered":"Centro de Forma\u00e7\u00e3o da APEFP -Forma\u00e7\u00f5es acreditadas para janeiro 2025"},"content":{"rendered":"<div class=\"postie-post\">\n<div dir=\"ltr\">\n<div class=\"gmail_quote gmail_quote_container\">\n<div dir=\"ltr\" class=\"gmail_attr\">&#8212;&#8212;&#8212;- Forwarded message &#8212;&#8212;&#8212;<br \/>De: <strong class=\"gmail_sendername\" dir=\"auto\">apefp braga<\/strong> <span dir=\"auto\">&lt;<a href=\"mailto:apefp.centroformacao@gmail.com\"><a href=\"mailto:apefp.centroformacao@gmail.com\" >apefp.centroformacao@gmail.com<\/a><\/a>&gt;<\/span><br \/>Date: quinta, 5\/12\/2024 \u00e0(s) 11:54<br \/>Subject: Centro de Forma\u00e7\u00e3o da APEFP -Forma\u00e7\u00f5es acreditadas para janeiro 2025<br \/>To: <\/div>\n<div dir=\"ltr\">\n<div class=\"gmail_quote\"><\/p>\n<div dir=\"ltr\">\n<div dir=\"ltr\">\n<div class=\"gmail_quote\">\n<div class=\"gmail_quote\">\n<blockquote class=\"gmail_quote\" style=\"margin:0px 0px 0px 0.8ex;border-left:1px solid rgb(204,204,204);padding-left:1ex\">\n<div>\n<div dir=\"ltr\">\n<div>\n<div dir=\"ltr\">\n<div>\n<div dir=\"ltr\">\n<div>\n<div dir=\"ltr\">\n<div>\n<div dir=\"ltr\">\n<div>\n<div dir=\"ltr\">\n<div>\n<div dir=\"ltr\">\n<div>\n<div dir=\"ltr\">\n<div>\n<div dir=\"ltr\">\n<div>\n<div dir=\"ltr\">\n<div>\n<div dir=\"ltr\">\n<div>\n<div dir=\"ltr\">\n<div>\n<div dir=\"ltr\">\n<div>\n<div dir=\"ltr\">\n<div>\n<div dir=\"ltr\">\n<div>\n<div dir=\"ltr\">\n<div>\n<div dir=\"ltr\">\n<div>\n<div dir=\"ltr\">\n<div>\n<div dir=\"ltr\">\n<div>\n<div dir=\"ltr\">\n<div>\n<div dir=\"ltr\">\n<div>\n<div dir=\"ltr\">\n<div>\n<div dir=\"ltr\">\n<div>\n<div dir=\"ltr\">\n<div><\/p>\n<div dir=\"ltr\"><span style=\"color:rgb(80,0,80)\"><\/p>\n<div dir=\"ltr\">Exmos e Exmas Diretores(as),\u00a0Professores e Educadores, Associados\n<\/div>\n<p><\/span><\/p>\n<div dir=\"ltr\">\n<div><span style=\"color:rgb(80,0,80)\"><\/p>\n<div>\n<\/div>\n<div><b>ASSUNTO:<\/b>\u00a0Forma\u00e7\u00f5es para Educadores e Professores ppara janeiro de 2025<\/div>\n<div>\n<\/div>\n<p><\/span><\/p>\n<div>O\u00a0<b>Centro de Forma\u00e7\u00e3o da APEFP &#8211; Associa\u00e7\u00e3o Portuguesa de \u00c9tica e Filosofia Pr\u00e1tica<\/b>, apresenta em anexo a\u00e7\u00f5es de forma\u00e7\u00e3o\u00a0 acreditadas para progress\u00e3o e avalia\u00e7\u00e3o, para todos os Grupos de doc\u00eancia.<\/div>\n<div>\n<\/div>\n<div>As inscri\u00e7\u00f5es decorrem com o preenchimento de formul\u00e1rio em <a href=\"http:\/\/www.cfapefp.pt\" target=\"_blank\">www.cfapefp.pt<\/a><\/div>\n<div>\n<\/div>\n<div>Agradecendo a divulga\u00e7\u00e3o aos interessados.<\/div>\n<div>\n<\/div>\n<div>A Dire\u00e7\u00e3o da APEFP<\/div>\n<div>Eug\u00e9nio Oliveira<\/div>\n<div><a href=\"http:\/\/www.apefp.org\/\" target=\"_blank\">w<\/a><a href=\"http:\/\/ww.cfapefp.pt\" target=\"_blank\">ww.cfapefp.pt<\/a><\/div>\n<\/div>\n<\/div>\n<\/div>\n<\/div>\n<\/div>\n<\/div>\n<\/div>\n<\/div>\n<\/div>\n<\/div>\n<\/div>\n<\/div>\n<\/div>\n<\/div>\n<\/div>\n<\/div>\n<\/div>\n<\/div>\n<\/div>\n<\/div>\n<\/div>\n<\/div>\n<\/div>\n<\/div>\n<\/div>\n<\/div>\n<\/div>\n<\/div>\n<\/div>\n<\/div>\n<\/div>\n<\/div>\n<\/div>\n<\/div>\n<\/div>\n<\/div>\n<\/div>\n<\/div>\n<\/div>\n<\/div>\n<\/div>\n<\/div>\n<\/div>\n<\/div>\n<\/div>\n<\/div>\n<\/div>\n<\/div>\n<\/div>\n<\/div>\n<\/div>\n<\/div>\n<\/blockquote>\n<div>968207267<\/div>\n<p><img loading=\"lazy\" decoding=\"async\" src=\"https:\/\/aesia.pt\/portal\/wp-content\/uploads\/2024\/12\/APEFP_FINALISSISSISSIMO.jpg\" alt=\"APEFP_FINALISSISSISSIMO.jpg\" width=\"219\" height=\"46\" style=\"margin-right:0px\"><\/p>\n<div>\u00a0<\/div>\n<\/div>\n<\/div>\n<\/div>\n<\/div>\n<\/div>\n<\/div>\n<\/div>\n<\/div>\n<div class=\"postie-attachments\"><a href=\"https:\/\/aesia.pt\/portal\/wp-content\/uploads\/2024\/12\/10a-Edicao-Uso-das-ferramentas-de-aprendizagem-Kahoot-e-Quizizz-com-a-Biblioteca-Escolar-15-H.pdf\"><img src='https:\/\/aesia.pt\/portal\/wp-content\/plugins\/postie\/icons\/silver\/pdf-48.png' alt='pdf icon' \/> 10a-Edicao-Uso-das-ferramentas-de-aprendizagem-Kahoot-e-Quizizz-com-a-Biblioteca-Escolar-15-H.pdf<\/a><br \/>\n<a href=\"https:\/\/aesia.pt\/portal\/wp-content\/uploads\/2024\/12\/17a-Edicao-Filosofia-para-Criancas-Os-Ses-e-os-Porques-da-comunidade-de-investigacao-15-H.pdf\"><img src='https:\/\/aesia.pt\/portal\/wp-content\/plugins\/postie\/icons\/silver\/pdf-48.png' alt='pdf icon' \/> 17a-Edicao-Filosofia-para-Criancas-Os-Ses-e-os-Porques-da-comunidade-de-investigacao-15-H.pdf<\/a><br \/>\n<a href=\"https:\/\/aesia.pt\/portal\/wp-content\/uploads\/2024\/12\/56a-Edicao-Filosofia-para-Criancas-e-Jovens-Didatica-para-Educadores-e-Professores-Nivel-II-15-H.pdf\"><img src='https:\/\/aesia.pt\/portal\/wp-content\/plugins\/postie\/icons\/silver\/pdf-48.png' alt='pdf icon' \/> 56a-Edicao-Filosofia-para-Criancas-e-Jovens-Didatica-para-Educadores-e-Professores-Nivel-II-15-H.pdf<\/a><br \/>\n<a href=\"https:\/\/aesia.pt\/portal\/wp-content\/uploads\/2024\/12\/1a-Edicao-Filosofia-para-Criancas-e-Jovens-a-arte-de-dialogar-com-jogos-filosoficos-15-H.pdf\"><img src='https:\/\/aesia.pt\/portal\/wp-content\/plugins\/postie\/icons\/silver\/pdf-48.png' alt='pdf icon' \/> 1a-Edicao-Filosofia-para-Criancas-e-Jovens-a-arte-de-dialogar-com-jogos-filosoficos-15-H.pdf<\/a><br \/>\n<a href=\"https:\/\/aesia.pt\/portal\/wp-content\/uploads\/2024\/12\/2a-Edicao-Historia-e-Filosofia-com-Cinema-porque-como-e-para-que-13-H.pdf\"><img src='https:\/\/aesia.pt\/portal\/wp-content\/plugins\/postie\/icons\/silver\/pdf-48.png' alt='pdf icon' \/> 2a-Edicao-Historia-e-Filosofia-com-Cinema-porque-como-e-para-que-13-H.pdf<\/a><br \/>\n<a href=\"https:\/\/aesia.pt\/portal\/wp-content\/uploads\/2024\/12\/2a-Edicao-Amor-Amores-ou-Biologia-Introducao-a-Filosofia-do-Amor-15-H.pdf\"><img src='https:\/\/aesia.pt\/portal\/wp-content\/plugins\/postie\/icons\/silver\/pdf-48.png' alt='pdf icon' \/> 2a-Edicao-Amor-Amores-ou-Biologia-Introducao-a-Filosofia-do-Amor-15-H.pdf<\/a><br \/>\n<a href=\"https:\/\/aesia.pt\/portal\/wp-content\/uploads\/2024\/12\/1a-Edicao-Dormir-Bem-Acordar-Melhor-A-Influencia-dos-Ritmos-Biologicos-no-Desempenho-Escolar-5-H.pdf\"><img src='https:\/\/aesia.pt\/portal\/wp-content\/plugins\/postie\/icons\/silver\/pdf-48.png' alt='pdf icon' \/> 1a-Edicao-Dormir-Bem-Acordar-Melhor-A-Influencia-dos-Ritmos-Biologicos-no-Desempenho-Escolar-5-H.pdf<\/a><br \/>\n<a href=\"https:\/\/aesia.pt\/portal\/wp-content\/uploads\/2024\/12\/4a-Edicao-Terapia-pela-Arte-5-H.pdf\"><img src='https:\/\/aesia.pt\/portal\/wp-content\/plugins\/postie\/icons\/silver\/pdf-48.png' alt='pdf icon' \/> 4a-Edicao-Terapia-pela-Arte-5-H.pdf<\/a><br \/>\n<a href=\"https:\/\/aesia.pt\/portal\/wp-content\/uploads\/2024\/12\/1a-Edicao-Espinosa-e-o-determinismo-radical-5-H.pdf\"><img src='https:\/\/aesia.pt\/portal\/wp-content\/plugins\/postie\/icons\/silver\/pdf-48.png' alt='pdf icon' \/> 1a-Edicao-Espinosa-e-o-determinismo-radical-5-H.pdf<\/a><br \/>\n<a href=\"https:\/\/aesia.pt\/portal\/wp-content\/uploads\/2024\/12\/2a-Edicao-E-defeito-ou-feitio-Praticas-para-a-intervencao-com-alunos-desafiantes-5-H.pdf\"><img src='https:\/\/aesia.pt\/portal\/wp-content\/plugins\/postie\/icons\/silver\/pdf-48.png' alt='pdf icon' \/> 2a-Edicao-E-defeito-ou-feitio-Praticas-para-a-intervencao-com-alunos-desafiantes-5-H.pdf<\/a><br \/>\n<a href=\"https:\/\/aesia.pt\/portal\/wp-content\/uploads\/2024\/12\/2a-Edicao-Ser-Inteligente-atraves-das-Emocoes-estrategias-para-aumentar-a-Inteligencia-Emocional-5-H.pdf\"><img src='https:\/\/aesia.pt\/portal\/wp-content\/plugins\/postie\/icons\/silver\/pdf-48.png' alt='pdf icon' \/> 2a-Edicao-Ser-Inteligente-atraves-das-Emocoes-estrategias-para-aumentar-a-Inteligencia-Emocional-5-H.pdf<\/a><br \/>\n<a href=\"https:\/\/aesia.pt\/portal\/wp-content\/uploads\/2024\/12\/4a-Edicao-Treinar-a-voz-com-tecnica-para-docentes-5-H.pdf\"><img src='https:\/\/aesia.pt\/portal\/wp-content\/plugins\/postie\/icons\/silver\/pdf-48.png' alt='pdf icon' \/> 4a-Edicao-Treinar-a-voz-com-tecnica-para-docentes-5-H.pdf<\/a><br \/>\n<a href=\"https:\/\/aesia.pt\/portal\/wp-content\/uploads\/2024\/12\/7a-Edicao-No-mundo-da-lua-Estrategias-praticas-que-promovem-a-manutencao-da-atencao-na-sala-de-aula-5-H.pdf\"><img src='https:\/\/aesia.pt\/portal\/wp-content\/plugins\/postie\/icons\/silver\/pdf-48.png' alt='pdf icon' \/> 7a-Edicao-No-mundo-da-lua-Estrategias-praticas-que-promovem-a-manutencao-da-atencao-na-sala-de-aula-5-H.pdf<\/a><br \/>\n<a href=\"https:\/\/aesia.pt\/portal\/wp-content\/uploads\/2024\/12\/7a-Edicao-Direitos-Humanos-Crises-Humanitarias-e-Operacoes-de-Paz-5-H.pdf\"><img src='https:\/\/aesia.pt\/portal\/wp-content\/plugins\/postie\/icons\/silver\/pdf-48.png' alt='pdf icon' \/> 7a-Edicao-Direitos-Humanos-Crises-Humanitarias-e-Operacoes-de-Paz-5-H.pdf<\/a><br \/>\n<a href=\"https:\/\/aesia.pt\/portal\/wp-content\/uploads\/2024\/12\/1a-Edicao-Conversas-Dificeis-Vida-facil-introducao-a-CNV-5-H.pdf\"><img src='https:\/\/aesia.pt\/portal\/wp-content\/plugins\/postie\/icons\/silver\/pdf-48.png' alt='pdf icon' \/> 1a-Edicao-Conversas-Dificeis-Vida-facil-introducao-a-CNV-5-H.pdf<\/a><br \/>\n<a href=\"https:\/\/aesia.pt\/portal\/wp-content\/uploads\/2024\/12\/1a-Edicao-Afinal-como-\u2018rebentaram-os-limites-do-tempo-Uma-reflexao-historica-sobre-a-idade-da-Terra-5-H.pdf\"><img src='https:\/\/aesia.pt\/portal\/wp-content\/plugins\/postie\/icons\/silver\/pdf-48.png' alt='pdf icon' \/> 1a-Edicao-Afinal-como-\u2018rebentaram-os-limites-do-tempo-Uma-reflexao-historica-sobre-a-idade-da-Terra-5-H.pdf<\/a><\/div>\n<\/div>\n","protected":false},"excerpt":{"rendered":"<p>&#8212;&#8212;&#8212;- Forwarded message &#8212;&#8212;&#8212;De: apefp braga &lt;apefp.centroformacao@gmail.com&gt;Date: quinta, 5\/12\/2024 \u00e0(s) 11:54Subject: Centro de Forma\u00e7\u00e3o da APEFP -Forma\u00e7\u00f5es acreditadas para janeiro&hellip; <a class=\"continue\" href=\"https:\/\/aesia.pt\/portal\/fwd-centro-de-formacao-da-apefp-formacoes-acreditadas-para-janeiro-2025\/\">Ler mais<span> Centro de Forma\u00e7\u00e3o da APEFP -Forma\u00e7\u00f5es acreditadas para janeiro 2025<\/span><\/a><\/p>\n","protected":false},"author":8,"featured_media":13517,"comment_status":"closed","ping_status":"closed","sticky":false,"template":"","format":"standard","meta":{"_acf_changed":false,"footnotes":""},"categories":[56],"tags":[],"class_list":["post-13516","post","type-post","status-publish","format-standard","has-post-thumbnail","hentry","category-formacao"],"acf":[],"yoast_head":"<!-- This site is optimized with the Yoast SEO plugin v27.5 - https:\/\/yoast.com\/product\/yoast-seo-wordpress\/ -->\n<title>Fwd: Centro de Forma\u00e7\u00e3o da APEFP -Forma\u00e7\u00f5es acreditadas para janeiro 2025 &#8211; AESIA<\/title>\n<meta name=\"robots\" content=\"index, follow, max-snippet:-1, max-image-preview:large, max-video-preview:-1\" \/>\n<link rel=\"canonical\" href=\"https:\/\/aesia.pt\/portal\/fwd-centro-de-formacao-da-apefp-formacoes-acreditadas-para-janeiro-2025\/\" \/>\n<meta property=\"og:locale\" content=\"pt_PT\" \/>\n<meta property=\"og:type\" content=\"article\" \/>\n<meta property=\"og:title\" content=\"Fwd: Centro de Forma\u00e7\u00e3o da APEFP -Forma\u00e7\u00f5es acreditadas para janeiro 2025 &#8211; AESIA\" \/>\n<meta property=\"og:description\" content=\"&#8212;&#8212;&#8212;- Forwarded message &#8212;&#8212;&#8212;De: apefp braga &lt;apefp.centroformacao@gmail.com&gt;Date: quinta, 5\/12\/2024 \u00e0(s) 11:54Subject: Centro de Forma\u00e7\u00e3o da APEFP -Forma\u00e7\u00f5es acreditadas para janeiro&hellip; Ler mais Centro de Forma\u00e7\u00e3o da APEFP -Forma\u00e7\u00f5es acreditadas para janeiro 2025\" \/>\n<meta property=\"og:url\" content=\"https:\/\/aesia.pt\/portal\/fwd-centro-de-formacao-da-apefp-formacoes-acreditadas-para-janeiro-2025\/\" \/>\n<meta property=\"og:site_name\" content=\"AESIA\" \/>\n<meta property=\"article:publisher\" content=\"https:\/\/www.facebook.com\/aesia.pt\/\" \/>\n<meta property=\"article:published_time\" content=\"2024-12-05T12:06:34+00:00\" \/>\n<meta property=\"og:image\" content=\"https:\/\/aesia.pt\/portal\/wp-content\/uploads\/2024\/12\/APEFP_FINALISSISSISSIMO.jpg\" \/>\n\t<meta property=\"og:image:width\" content=\"1458\" \/>\n\t<meta property=\"og:image:height\" content=\"311\" \/>\n\t<meta property=\"og:image:type\" content=\"image\/jpeg\" \/>\n<meta name=\"author\" content=\"Ivo Cardoso\" \/>\n<meta name=\"twitter:card\" content=\"summary_large_image\" \/>\n<meta name=\"twitter:label1\" content=\"Escrito por\" \/>\n\t<meta name=\"twitter:data1\" content=\"Ivo Cardoso\" \/>\n\t<meta name=\"twitter:label2\" content=\"Tempo estimado de leitura\" \/>\n\t<meta name=\"twitter:data2\" content=\"1 minuto\" \/>\n<script type=\"application\/ld+json\" class=\"yoast-schema-graph\">{\"@context\":\"https:\\\/\\\/schema.org\",\"@graph\":[{\"@type\":\"Article\",\"@id\":\"https:\\\/\\\/aesia.pt\\\/portal\\\/fwd-centro-de-formacao-da-apefp-formacoes-acreditadas-para-janeiro-2025\\\/#article\",\"isPartOf\":{\"@id\":\"https:\\\/\\\/aesia.pt\\\/portal\\\/fwd-centro-de-formacao-da-apefp-formacoes-acreditadas-para-janeiro-2025\\\/\"},\"author\":{\"name\":\"Ivo Cardoso\",\"@id\":\"https:\\\/\\\/aesia.pt\\\/portal\\\/#\\\/schema\\\/person\\\/8961c6287f9d82fe320fba91b3e2e991\"},\"headline\":\"Centro de Forma\u00e7\u00e3o da APEFP -Forma\u00e7\u00f5es acreditadas para janeiro 2025\",\"datePublished\":\"2024-12-05T12:06:34+00:00\",\"mainEntityOfPage\":{\"@id\":\"https:\\\/\\\/aesia.pt\\\/portal\\\/fwd-centro-de-formacao-da-apefp-formacoes-acreditadas-para-janeiro-2025\\\/\"},\"wordCount\":179,\"publisher\":{\"@id\":\"https:\\\/\\\/aesia.pt\\\/portal\\\/#organization\"},\"image\":{\"@id\":\"https:\\\/\\\/aesia.pt\\\/portal\\\/fwd-centro-de-formacao-da-apefp-formacoes-acreditadas-para-janeiro-2025\\\/#primaryimage\"},\"thumbnailUrl\":\"https:\\\/\\\/aesia.pt\\\/portal\\\/wp-content\\\/uploads\\\/2024\\\/12\\\/APEFP_FINALISSISSISSIMO.jpg\",\"articleSection\":[\"Forma\u00e7\u00e3o\"],\"inLanguage\":\"pt-PT\"},{\"@type\":\"WebPage\",\"@id\":\"https:\\\/\\\/aesia.pt\\\/portal\\\/fwd-centro-de-formacao-da-apefp-formacoes-acreditadas-para-janeiro-2025\\\/\",\"url\":\"https:\\\/\\\/aesia.pt\\\/portal\\\/fwd-centro-de-formacao-da-apefp-formacoes-acreditadas-para-janeiro-2025\\\/\",\"name\":\"Fwd: Centro de Forma\u00e7\u00e3o da APEFP -Forma\u00e7\u00f5es acreditadas para janeiro 2025 &#8211; AESIA\",\"isPartOf\":{\"@id\":\"https:\\\/\\\/aesia.pt\\\/portal\\\/#website\"},\"primaryImageOfPage\":{\"@id\":\"https:\\\/\\\/aesia.pt\\\/portal\\\/fwd-centro-de-formacao-da-apefp-formacoes-acreditadas-para-janeiro-2025\\\/#primaryimage\"},\"image\":{\"@id\":\"https:\\\/\\\/aesia.pt\\\/portal\\\/fwd-centro-de-formacao-da-apefp-formacoes-acreditadas-para-janeiro-2025\\\/#primaryimage\"},\"thumbnailUrl\":\"https:\\\/\\\/aesia.pt\\\/portal\\\/wp-content\\\/uploads\\\/2024\\\/12\\\/APEFP_FINALISSISSISSIMO.jpg\",\"datePublished\":\"2024-12-05T12:06:34+00:00\",\"breadcrumb\":{\"@id\":\"https:\\\/\\\/aesia.pt\\\/portal\\\/fwd-centro-de-formacao-da-apefp-formacoes-acreditadas-para-janeiro-2025\\\/#breadcrumb\"},\"inLanguage\":\"pt-PT\",\"potentialAction\":[{\"@type\":\"ReadAction\",\"target\":[\"https:\\\/\\\/aesia.pt\\\/portal\\\/fwd-centro-de-formacao-da-apefp-formacoes-acreditadas-para-janeiro-2025\\\/\"]}]},{\"@type\":\"ImageObject\",\"inLanguage\":\"pt-PT\",\"@id\":\"https:\\\/\\\/aesia.pt\\\/portal\\\/fwd-centro-de-formacao-da-apefp-formacoes-acreditadas-para-janeiro-2025\\\/#primaryimage\",\"url\":\"https:\\\/\\\/aesia.pt\\\/portal\\\/wp-content\\\/uploads\\\/2024\\\/12\\\/APEFP_FINALISSISSISSIMO.jpg\",\"contentUrl\":\"https:\\\/\\\/aesia.pt\\\/portal\\\/wp-content\\\/uploads\\\/2024\\\/12\\\/APEFP_FINALISSISSISSIMO.jpg\",\"width\":1458,\"height\":311},{\"@type\":\"BreadcrumbList\",\"@id\":\"https:\\\/\\\/aesia.pt\\\/portal\\\/fwd-centro-de-formacao-da-apefp-formacoes-acreditadas-para-janeiro-2025\\\/#breadcrumb\",\"itemListElement\":[{\"@type\":\"ListItem\",\"position\":1,\"name\":\"Home\",\"item\":\"https:\\\/\\\/aesia.pt\\\/portal\\\/\"},{\"@type\":\"ListItem\",\"position\":2,\"name\":\"Centro de Forma\u00e7\u00e3o da APEFP -Forma\u00e7\u00f5es acreditadas para janeiro 2025\"}]},{\"@type\":\"WebSite\",\"@id\":\"https:\\\/\\\/aesia.pt\\\/portal\\\/#website\",\"url\":\"https:\\\/\\\/aesia.pt\\\/portal\\\/\",\"name\":\"AESIA\",\"description\":\"Agrupamento de Escolas de Santa Iria de Az\u00f3ia\",\"publisher\":{\"@id\":\"https:\\\/\\\/aesia.pt\\\/portal\\\/#organization\"},\"alternateName\":\"Agrupamento de Escolas de Santa Iria de Az\u00f3ia\",\"potentialAction\":[{\"@type\":\"SearchAction\",\"target\":{\"@type\":\"EntryPoint\",\"urlTemplate\":\"https:\\\/\\\/aesia.pt\\\/portal\\\/?s={search_term_string}\"},\"query-input\":{\"@type\":\"PropertyValueSpecification\",\"valueRequired\":true,\"valueName\":\"search_term_string\"}}],\"inLanguage\":\"pt-PT\"},{\"@type\":\"Organization\",\"@id\":\"https:\\\/\\\/aesia.pt\\\/portal\\\/#organization\",\"name\":\"Agrupamento de Escolas de Santa Iria de Az\u00f3ia\",\"alternateName\":\"AESIA\",\"url\":\"https:\\\/\\\/aesia.pt\\\/portal\\\/\",\"logo\":{\"@type\":\"ImageObject\",\"inLanguage\":\"pt-PT\",\"@id\":\"https:\\\/\\\/aesia.pt\\\/portal\\\/#\\\/schema\\\/logo\\\/image\\\/\",\"url\":\"https:\\\/\\\/aesia.pt\\\/portal\\\/wp-content\\\/uploads\\\/2023\\\/04\\\/logo4.png\",\"contentUrl\":\"https:\\\/\\\/aesia.pt\\\/portal\\\/wp-content\\\/uploads\\\/2023\\\/04\\\/logo4.png\",\"width\":162,\"height\":162,\"caption\":\"Agrupamento de Escolas de Santa Iria de Az\u00f3ia\"},\"image\":{\"@id\":\"https:\\\/\\\/aesia.pt\\\/portal\\\/#\\\/schema\\\/logo\\\/image\\\/\"},\"sameAs\":[\"https:\\\/\\\/www.facebook.com\\\/aesia.pt\\\/\"]},{\"@type\":\"Person\",\"@id\":\"https:\\\/\\\/aesia.pt\\\/portal\\\/#\\\/schema\\\/person\\\/8961c6287f9d82fe320fba91b3e2e991\",\"name\":\"Ivo Cardoso\",\"image\":{\"@type\":\"ImageObject\",\"inLanguage\":\"pt-PT\",\"@id\":\"https:\\\/\\\/secure.gravatar.com\\\/avatar\\\/b1503fafbe5678f3cfddd3fb093fcb636cd9a58fe5db5256d219059582e42c16?s=96&d=mm&r=g\",\"url\":\"https:\\\/\\\/secure.gravatar.com\\\/avatar\\\/b1503fafbe5678f3cfddd3fb093fcb636cd9a58fe5db5256d219059582e42c16?s=96&d=mm&r=g\",\"contentUrl\":\"https:\\\/\\\/secure.gravatar.com\\\/avatar\\\/b1503fafbe5678f3cfddd3fb093fcb636cd9a58fe5db5256d219059582e42c16?s=96&d=mm&r=g\",\"caption\":\"Ivo Cardoso\"},\"sameAs\":[\"http:\\\/\\\/aesia.pt\"],\"url\":\"https:\\\/\\\/aesia.pt\\\/portal\\\/author\\\/ivo-cardosoaesia-pt\\\/\"}]}<\/script>\n<!-- \/ Yoast SEO plugin. -->","yoast_head_json":{"title":"Fwd: Centro de Forma\u00e7\u00e3o da APEFP -Forma\u00e7\u00f5es acreditadas para janeiro 2025 &#8211; AESIA","robots":{"index":"index","follow":"follow","max-snippet":"max-snippet:-1","max-image-preview":"max-image-preview:large","max-video-preview":"max-video-preview:-1"},"canonical":"https:\/\/aesia.pt\/portal\/fwd-centro-de-formacao-da-apefp-formacoes-acreditadas-para-janeiro-2025\/","og_locale":"pt_PT","og_type":"article","og_title":"Fwd: Centro de Forma\u00e7\u00e3o da APEFP -Forma\u00e7\u00f5es acreditadas para janeiro 2025 &#8211; AESIA","og_description":"&#8212;&#8212;&#8212;- Forwarded message &#8212;&#8212;&#8212;De: apefp braga &lt;apefp.centroformacao@gmail.com&gt;Date: quinta, 5\/12\/2024 \u00e0(s) 11:54Subject: Centro de Forma\u00e7\u00e3o da APEFP -Forma\u00e7\u00f5es acreditadas para janeiro&hellip; Ler mais Centro de Forma\u00e7\u00e3o da APEFP -Forma\u00e7\u00f5es acreditadas para janeiro 2025","og_url":"https:\/\/aesia.pt\/portal\/fwd-centro-de-formacao-da-apefp-formacoes-acreditadas-para-janeiro-2025\/","og_site_name":"AESIA","article_publisher":"https:\/\/www.facebook.com\/aesia.pt\/","article_published_time":"2024-12-05T12:06:34+00:00","og_image":[{"width":1458,"height":311,"url":"https:\/\/aesia.pt\/portal\/wp-content\/uploads\/2024\/12\/APEFP_FINALISSISSISSIMO.jpg","type":"image\/jpeg"}],"author":"Ivo Cardoso","twitter_card":"summary_large_image","twitter_misc":{"Escrito por":"Ivo Cardoso","Tempo estimado de leitura":"1 minuto"},"schema":{"@context":"https:\/\/schema.org","@graph":[{"@type":"Article","@id":"https:\/\/aesia.pt\/portal\/fwd-centro-de-formacao-da-apefp-formacoes-acreditadas-para-janeiro-2025\/#article","isPartOf":{"@id":"https:\/\/aesia.pt\/portal\/fwd-centro-de-formacao-da-apefp-formacoes-acreditadas-para-janeiro-2025\/"},"author":{"name":"Ivo Cardoso","@id":"https:\/\/aesia.pt\/portal\/#\/schema\/person\/8961c6287f9d82fe320fba91b3e2e991"},"headline":"Centro de Forma\u00e7\u00e3o da APEFP -Forma\u00e7\u00f5es acreditadas para janeiro 2025","datePublished":"2024-12-05T12:06:34+00:00","mainEntityOfPage":{"@id":"https:\/\/aesia.pt\/portal\/fwd-centro-de-formacao-da-apefp-formacoes-acreditadas-para-janeiro-2025\/"},"wordCount":179,"publisher":{"@id":"https:\/\/aesia.pt\/portal\/#organization"},"image":{"@id":"https:\/\/aesia.pt\/portal\/fwd-centro-de-formacao-da-apefp-formacoes-acreditadas-para-janeiro-2025\/#primaryimage"},"thumbnailUrl":"https:\/\/aesia.pt\/portal\/wp-content\/uploads\/2024\/12\/APEFP_FINALISSISSISSIMO.jpg","articleSection":["Forma\u00e7\u00e3o"],"inLanguage":"pt-PT"},{"@type":"WebPage","@id":"https:\/\/aesia.pt\/portal\/fwd-centro-de-formacao-da-apefp-formacoes-acreditadas-para-janeiro-2025\/","url":"https:\/\/aesia.pt\/portal\/fwd-centro-de-formacao-da-apefp-formacoes-acreditadas-para-janeiro-2025\/","name":"Fwd: Centro de Forma\u00e7\u00e3o da APEFP -Forma\u00e7\u00f5es acreditadas para janeiro 2025 &#8211; AESIA","isPartOf":{"@id":"https:\/\/aesia.pt\/portal\/#website"},"primaryImageOfPage":{"@id":"https:\/\/aesia.pt\/portal\/fwd-centro-de-formacao-da-apefp-formacoes-acreditadas-para-janeiro-2025\/#primaryimage"},"image":{"@id":"https:\/\/aesia.pt\/portal\/fwd-centro-de-formacao-da-apefp-formacoes-acreditadas-para-janeiro-2025\/#primaryimage"},"thumbnailUrl":"https:\/\/aesia.pt\/portal\/wp-content\/uploads\/2024\/12\/APEFP_FINALISSISSISSIMO.jpg","datePublished":"2024-12-05T12:06:34+00:00","breadcrumb":{"@id":"https:\/\/aesia.pt\/portal\/fwd-centro-de-formacao-da-apefp-formacoes-acreditadas-para-janeiro-2025\/#breadcrumb"},"inLanguage":"pt-PT","potentialAction":[{"@type":"ReadAction","target":["https:\/\/aesia.pt\/portal\/fwd-centro-de-formacao-da-apefp-formacoes-acreditadas-para-janeiro-2025\/"]}]},{"@type":"ImageObject","inLanguage":"pt-PT","@id":"https:\/\/aesia.pt\/portal\/fwd-centro-de-formacao-da-apefp-formacoes-acreditadas-para-janeiro-2025\/#primaryimage","url":"https:\/\/aesia.pt\/portal\/wp-content\/uploads\/2024\/12\/APEFP_FINALISSISSISSIMO.jpg","contentUrl":"https:\/\/aesia.pt\/portal\/wp-content\/uploads\/2024\/12\/APEFP_FINALISSISSISSIMO.jpg","width":1458,"height":311},{"@type":"BreadcrumbList","@id":"https:\/\/aesia.pt\/portal\/fwd-centro-de-formacao-da-apefp-formacoes-acreditadas-para-janeiro-2025\/#breadcrumb","itemListElement":[{"@type":"ListItem","position":1,"name":"Home","item":"https:\/\/aesia.pt\/portal\/"},{"@type":"ListItem","position":2,"name":"Centro de Forma\u00e7\u00e3o da APEFP -Forma\u00e7\u00f5es acreditadas para janeiro 2025"}]},{"@type":"WebSite","@id":"https:\/\/aesia.pt\/portal\/#website","url":"https:\/\/aesia.pt\/portal\/","name":"AESIA","description":"Agrupamento de Escolas de Santa Iria de Az\u00f3ia","publisher":{"@id":"https:\/\/aesia.pt\/portal\/#organization"},"alternateName":"Agrupamento de Escolas de Santa Iria de Az\u00f3ia","potentialAction":[{"@type":"SearchAction","target":{"@type":"EntryPoint","urlTemplate":"https:\/\/aesia.pt\/portal\/?s={search_term_string}"},"query-input":{"@type":"PropertyValueSpecification","valueRequired":true,"valueName":"search_term_string"}}],"inLanguage":"pt-PT"},{"@type":"Organization","@id":"https:\/\/aesia.pt\/portal\/#organization","name":"Agrupamento de Escolas de Santa Iria de Az\u00f3ia","alternateName":"AESIA","url":"https:\/\/aesia.pt\/portal\/","logo":{"@type":"ImageObject","inLanguage":"pt-PT","@id":"https:\/\/aesia.pt\/portal\/#\/schema\/logo\/image\/","url":"https:\/\/aesia.pt\/portal\/wp-content\/uploads\/2023\/04\/logo4.png","contentUrl":"https:\/\/aesia.pt\/portal\/wp-content\/uploads\/2023\/04\/logo4.png","width":162,"height":162,"caption":"Agrupamento de Escolas de Santa Iria de Az\u00f3ia"},"image":{"@id":"https:\/\/aesia.pt\/portal\/#\/schema\/logo\/image\/"},"sameAs":["https:\/\/www.facebook.com\/aesia.pt\/"]},{"@type":"Person","@id":"https:\/\/aesia.pt\/portal\/#\/schema\/person\/8961c6287f9d82fe320fba91b3e2e991","name":"Ivo Cardoso","image":{"@type":"ImageObject","inLanguage":"pt-PT","@id":"https:\/\/secure.gravatar.com\/avatar\/b1503fafbe5678f3cfddd3fb093fcb636cd9a58fe5db5256d219059582e42c16?s=96&d=mm&r=g","url":"https:\/\/secure.gravatar.com\/avatar\/b1503fafbe5678f3cfddd3fb093fcb636cd9a58fe5db5256d219059582e42c16?s=96&d=mm&r=g","contentUrl":"https:\/\/secure.gravatar.com\/avatar\/b1503fafbe5678f3cfddd3fb093fcb636cd9a58fe5db5256d219059582e42c16?s=96&d=mm&r=g","caption":"Ivo Cardoso"},"sameAs":["http:\/\/aesia.pt"],"url":"https:\/\/aesia.pt\/portal\/author\/ivo-cardosoaesia-pt\/"}]}},"_links":{"self":[{"href":"https:\/\/aesia.pt\/portal\/wp-json\/wp\/v2\/posts\/13516","targetHints":{"allow":["GET"]}}],"collection":[{"href":"https:\/\/aesia.pt\/portal\/wp-json\/wp\/v2\/posts"}],"about":[{"href":"https:\/\/aesia.pt\/portal\/wp-json\/wp\/v2\/types\/post"}],"author":[{"embeddable":true,"href":"https:\/\/aesia.pt\/portal\/wp-json\/wp\/v2\/users\/8"}],"replies":[{"embeddable":true,"href":"https:\/\/aesia.pt\/portal\/wp-json\/wp\/v2\/comments?post=13516"}],"version-history":[{"count":0,"href":"https:\/\/aesia.pt\/portal\/wp-json\/wp\/v2\/posts\/13516\/revisions"}],"wp:featuredmedia":[{"embeddable":true,"href":"https:\/\/aesia.pt\/portal\/wp-json\/wp\/v2\/media\/13517"}],"wp:attachment":[{"href":"https:\/\/aesia.pt\/portal\/wp-json\/wp\/v2\/media?parent=13516"}],"wp:term":[{"taxonomy":"category","embeddable":true,"href":"https:\/\/aesia.pt\/portal\/wp-json\/wp\/v2\/categories?post=13516"},{"taxonomy":"post_tag","embeddable":true,"href":"https:\/\/aesia.pt\/portal\/wp-json\/wp\/v2\/tags?post=13516"}],"curies":[{"name":"wp","href":"https:\/\/api.w.org\/{rel}","templated":true}]}}