{"id":13138,"date":"2024-10-15T16:06:23","date_gmt":"2024-10-15T16:06:23","guid":{"rendered":"http:\/\/aesia.pt\/portal\/?p=13138"},"modified":"2024-10-15T16:06:23","modified_gmt":"2024-10-15T16:06:23","slug":"fwd-fw-formacao-pedagogica-continua-de-formadores-aprendizagem-intercultural","status":"publish","type":"post","link":"https:\/\/aesia.pt\/portal\/fwd-fw-formacao-pedagogica-continua-de-formadores-aprendizagem-intercultural\/","title":{"rendered":"Forma\u00e7\u00e3o Pedag\u00f3gica Cont\u00ednua de Formadores \u2013 Aprendizagem Intercultural"},"content":{"rendered":"<div class=\"postie-post\">\n<div dir=\"ltr\">\n<div class=\"gmail_quote\">\n<div dir=\"ltr\" class=\"gmail_attr\">&#8212;&#8212;&#8212;- Forwarded message &#8212;&#8212;&#8212;<br \/>De: <strong class=\"gmail_sendername\" dir=\"auto\">Dire\u00e7\u00e3o-Escolas de Santa Iria de Az\u00f3ia, Loures<\/strong> <span dir=\"auto\">&lt;<a href=\"mailto:direcao@aesia.edu.gov.pt\"><a href=\"mailto:direcao@aesia.edu.gov.pt\" >direcao@aesia.edu.gov.pt<\/a><\/a>&gt;<\/span><br \/>Date: ter\u00e7a, 15\/10\/2024 \u00e0(s) 14:41<br \/>Subject: Fw: Forma\u00e7\u00e3o Pedag\u00f3gica Cont\u00ednua de Formadores \u2013 Aprendizagem Intercultural<br \/>To: <a href=\"mailto:direcao@aesia.pt\"><a href=\"mailto:direcao@aesia.pt\" >direcao@aesia.pt<\/a><\/a> &lt;<a href=\"mailto:direcao@aesia.pt\"><a href=\"mailto:direcao@aesia.pt\" >direcao@aesia.pt<\/a><\/a>&gt;<\/div>\n<div class=\"msg1276417636108952398\">\n<div dir=\"ltr\">\n<div id=\"m_4833209118620595362divtagdefaultwrapper\" style=\"font-size:12pt;color:#000000;font-family:Calibri,Helvetica,sans-serif\" dir=\"ltr\">\n<p>\n<\/p>\n<div style=\"color:rgb(0,0,0)\">\n<hr style=\"display:inline-block;width:98%\">\n<div id=\"m_4833209118620595362divRplyFwdMsg\" dir=\"ltr\"><font face=\"Calibri, sans-serif\" color=\"#000000\" style=\"font-size:11pt\"><b>De:<\/b> DGEstE &#8211; Sistema de Informa\u00e7\u00e3o &lt;<a href=\"mailto:dgeste.informa@dgeste.mec.pt\" target=\"_blank\" rel=\"noopener\"><a href=\"mailto:dgeste.informa@dgeste.mec.pt\" >dgeste.informa@dgeste.mec.pt<\/a><\/a>&gt;<br \/>\n<b>Enviado:<\/b> 15 de outubro de 2024 11:46<br \/>\n<b>Assunto:<\/b> Forma\u00e7\u00e3o Pedag\u00f3gica Cont\u00ednua de Formadores \u2013 Aprendizagem Intercultural<\/font><\/p>\n<div>\u00a0<\/div>\n<\/div>\n<div>\n<p class=\"MsoNormal\"><span style=\"font-size:8.0pt;line-height:107%;background:yellow\"><strong>[RAE Seguran\u00e7a] &#8211;<br \/>\n<span style=\"text-decoration:underline\">Aten\u00e7\u00e3o<\/span>:<\/strong> Esta mensagem teve origem fora da organiza\u00e7\u00e3o. N\u00e3o clique em<br \/>\n<em>links<\/em> ou abra anexos, a menos que reconhe\u00e7a o remetente e saiba que o conte\u00fado \u00e9 seguro.<\/span><\/p>\n<\/p>\n<p style=\"text-align:left;text-indent:0px;background-color:rgb(255,255,255);margin:0cm\">\n<span style=\"font-family:Calibri,sans-serif;font-size:11pt;color:rgb(0,32,96)\">\u00a0<\/span><span style=\"font-family:Aptos,sans-serif;font-size:12pt;color:black\">Exmo.(a) Senhor(a)<\/span><\/p>\n<p style=\"text-align:left;text-indent:0px;background-color:rgb(255,255,255);margin:0cm 0cm 0cm 35.4pt\">\n<span style=\"font-family:Aptos,sans-serif;font-size:12pt;color:black\">Diretor(a) de AE\/ENA<br \/>\nPresidente de CAP<\/span><\/p>\n<p style=\"text-align:left;text-indent:35.4pt;background-color:rgb(255,255,255);margin:0cm\">\n<span style=\"font-family:Aptos,sans-serif;font-size:12pt;color:black\">Diretor\/a Pedag\u00f3gico\/a,<\/span><\/p>\n<p style=\"text-align:left;text-indent:35.4pt;background-color:rgb(255,255,255);margin:0cm\">\n<span style=\"font-family:Aptos,sans-serif;font-size:12pt;color:black\"><br \/>\n<\/span><\/p>\n<div id=\"m_4833209118620595362Signature\" style=\"color:inherit\">\n<p style=\"text-align:justify;text-indent:0px;margin:0cm\"><span style=\"font-family:Calibri,sans-serif;font-size:11pt;color:rgb(0,0,0)\">Por Solicita\u00e7\u00e3o da Ag\u00eancia para a Integra\u00e7\u00e3o, Migra\u00e7\u00f5es e Asilo I.P. (AIMA) divulga-se:<\/span><\/p>\n<p style=\"text-align:justify;text-indent:0px;margin:0cm\"><span style=\"font-family:Calibri,sans-serif;font-size:11pt;color:rgb(0,32,96)\">\u00a0<\/span><\/p>\n<p style=\"text-align:justify;text-indent:0px;margin:0cm\"><span style=\"font-family:Calibri,sans-serif;font-size:11pt;color:rgb(0,0,0)\">O<\/span><span style=\"font-family:Calibri,sans-serif;font-size:11pt;color:rgb(0,32,96)\">\u00a0<\/span><span style=\"font-family:Calibri,sans-serif;font-size:11pt;color:rgb(0,0,0)\"><b>Instituto<br \/>\n do Emprego e Forma\u00e7\u00e3o Profissional<\/b>\u00a0(IEFP), em articula\u00e7\u00e3o com a <b>Funda\u00e7\u00e3o Aga Khan<\/b>\u00a0e com a<br \/>\n<b>Ag\u00eancia para a Integra\u00e7\u00e3o Migra\u00e7\u00f5es e Asilo, I.P.<\/b>\u00a0(AIMA), encontra-se a rever o Referencial de Forma\u00e7\u00e3o Pedag\u00f3gica Cont\u00ednua de Formadores \u201c<i>Aprendizagem Intercultural<\/i>\u201d, em conformidade com o previsto no Plano Estrat\u00e9gico para a Aprendizagem de<br \/>\n Portugu\u00eas L\u00edngua Estrangeira (M2.4. | A24).<\/span><\/p>\n<p style=\"text-align:justify;text-indent:0px;margin:0cm\"><span style=\"font-family:Calibri,sans-serif;font-size:11pt;color:rgb(0,0,0)\">Entendeu o IEFP, que o percurso formativo dever\u00e1 acolher uma vis\u00e3o mais pluralista e inclusiva da sociedade, atrav\u00e9s do<br \/>\n est\u00edmulo de compet\u00eancias interculturais, dotando as equipas formativas de compet\u00eancias e recursos que apoiem o desenvolvimento de a\u00e7\u00f5es de forma\u00e7\u00e3o nas quais est\u00e3o integrados formandos oriundos de outras culturas, comunidades, nacionalidades e etnias, bem<br \/>\n como tornar o referencial mais abrangente aos t\u00e9cnicos e demais agentes que interv\u00eam no processo formativo.\u00a0<\/span><\/p>\n<p style=\"text-align:justify;text-indent:0px;margin:0cm\"><span style=\"font-family:Calibri,sans-serif;font-size:11pt;color:rgb(0,0,0)\">Para o efeito, foi criado um m\u00f3dulo a integrar o referencial, denominado \u201c<i>MF6 &#8211; Migra\u00e7\u00f5es em Portugal<\/i>\u201d.\u00a0<\/span><\/p>\n<p style=\"text-align:justify;text-indent:0px;margin:0cm\"><span style=\"font-family:Calibri,sans-serif;font-size:11pt;color:rgb(0,0,0)\">Deste modo, o IEFP e as entidades parceiras acima identificadas, ir\u00e1 realizar uma a\u00e7\u00e3o-piloto de \u201c<b><i>Forma\u00e7\u00e3o Pedag\u00f3gica<br \/>\n Cont\u00ednua de Formadores \u2013 Aprendizagem Intercultural<\/i><\/b>\u201d (M2.4. | A25), com in\u00edcio a<br \/>\n<b>26 de outubro<\/b>\u00a0e conclus\u00e3o a <b>16 de dezembro de 2024<\/b>.<\/span><\/p>\n<p style=\"text-align:justify;text-indent:0px;margin:0cm\"><span style=\"font-family:Calibri,sans-serif;font-size:11pt;color:rgb(0,0,0)\">\u00a0<\/span><\/p>\n<table style=\"text-align:left;text-indent:0px;border-collapse:collapse;border-spacing:0px;color:inherit;background-color:inherit\">\n<tbody>\n<tr>\n<td style=\"text-align:left;text-indent:0px;border-width:1pt;border-style:dotted;border-color:initial;background-color:rgb(178,161,199);padding:0cm 5.4pt;width:169.8pt;height:39.3pt\">\n<p style=\"text-align:left;text-indent:0px;line-height:16.8667px;margin:0cm;font-family:Calibri,sans-serif;font-size:11pt\">\n<span style=\"font-size:10pt;color:black;line-height:15.3333px\"><b>Destinat\u00e1rios<\/b><\/span><\/p>\n<\/td>\n<td style=\"text-align:left;text-indent:0px;border-top:1pt dotted;border-right:1pt dotted;border-bottom:1pt dotted;background-color:rgb(229,223,236);padding:0cm 5.4pt;width:18cm;height:39.3pt\">\n<p style=\"text-align:left;text-indent:0px;line-height:16.8667px;margin:0cm;font-family:Calibri,sans-serif;font-size:11pt\">\n<span style=\"font-size:10pt;color:black;line-height:15.3333px\">Formadores\/as e professores\/as de Portugu\u00eas L\u00edngua de Acolhimento (PLA) e t\u00e9cnicos\/as com interven\u00e7\u00e3o na \u00e1rea.<\/span><\/p>\n<\/td>\n<\/tr>\n<tr>\n<td style=\"text-align:left;text-indent:0px;border-right:1pt dotted;border-bottom:1pt dotted;border-left:1pt dotted;background-color:rgb(178,161,199);padding:0cm 5.4pt;width:169.8pt;height:43.3pt\">\n<p style=\"text-align:left;text-indent:0px;line-height:16.8667px;margin:0cm;font-family:Calibri,sans-serif;font-size:11pt\">\n<span style=\"font-size:10pt;color:black;line-height:15.3333px\"><b>Requisitos<\/b><\/span><\/p>\n<\/td>\n<td style=\"text-align:left;text-indent:0px;border-right:1pt dotted;border-bottom:1pt dotted;background-color:rgb(229,223,236);padding:0cm 5.4pt;width:18cm;height:43.3pt\">\n<p style=\"text-align:left;text-indent:0px;line-height:16.8667px;margin:0cm;font-family:Calibri,sans-serif;font-size:11pt\">\n<span style=\"font-size:10pt;color:black;line-height:15.3333px\">Certificado de Compet\u00eancias Pedag\u00f3gicas de Formador\/a (CCP), com exce\u00e7\u00e3o para as situa\u00e7\u00f5es de isen\u00e7\u00e3o (n.\u00ba 2 do artigo 2\u00ba da Portaria n.\u00ba 214\/2011, de 30 de maio)<\/span><\/p>\n<\/td>\n<\/tr>\n<tr>\n<td style=\"text-align:left;text-indent:0px;border-right:1pt dotted;border-bottom:1pt dotted;border-left:1pt dotted;background-color:rgb(178,161,199);padding:0cm 5.4pt;width:169.8pt;height:26.05pt\">\n<p style=\"text-align:left;text-indent:0px;line-height:16.8667px;margin:0cm;font-family:Calibri,sans-serif;font-size:11pt\">\n<span style=\"font-size:10pt;color:black;line-height:15.3333px\"><b>Dura\u00e7\u00e3o<\/b><\/span><\/p>\n<\/td>\n<td style=\"text-align:left;text-indent:0px;border-right:1pt dotted;border-bottom:1pt dotted;background-color:rgb(229,223,236);padding:0cm 5.4pt;width:18cm;height:26.05pt\">\n<p style=\"text-align:left;text-indent:0px;line-height:16.8667px;margin:0cm;font-family:Calibri,sans-serif;font-size:11pt\">\n<span style=\"font-size:10pt;color:black;line-height:15.3333px\">40 horas<\/span><\/p>\n<\/td>\n<\/tr>\n<tr>\n<td style=\"text-align:left;text-indent:0px;border-right:1pt dotted;border-bottom:1pt dotted;border-left:1pt dotted;background-color:rgb(178,161,199);padding:0cm 5.4pt;width:169.8pt;height:102.1pt\">\n<p style=\"text-align:left;text-indent:0px;line-height:16.8667px;margin:0cm;font-family:Calibri,sans-serif;font-size:11pt\">\n<span style=\"font-size:10pt;color:black;line-height:15.3333px\"><b>Forma de Organiza\u00e7\u00e3o<\/b><\/span><\/p>\n<\/td>\n<td style=\"text-align:left;text-indent:0px;border-right:1pt dotted;border-bottom:1pt dotted;background-color:rgb(229,223,236);padding:0cm 5.4pt;width:18cm;height:102.1pt\">\n<p style=\"text-align:left;text-indent:0px;line-height:16.8667px;margin:0cm;font-family:Calibri,sans-serif;font-size:11pt\">\n<span style=\"font-size:10pt;color:black;line-height:15.3333px\">A\u00e7\u00e3o de forma\u00e7\u00e3o com a\u00e7\u00f5es s\u00edncronas e ass\u00edncronas, distribu\u00eddas por 4 m\u00f3dulos.<\/span><\/p>\n<p style=\"text-align:left;text-indent:0px;line-height:16.8667px;margin:0cm;font-family:Calibri,sans-serif;font-size:11pt\">\n<span style=\"font-size:10pt;color:black;line-height:15.3333px\">Sess\u00f5es S\u00edncronas: 28 horas (sendo apenas a primeira sess\u00e3o presencial (7h) e as demais \u00e0 dist\u00e2ncia)<\/span><\/p>\n<p style=\"text-align:left;text-indent:0px;line-height:16.8667px;margin:0cm;font-family:Calibri,sans-serif;font-size:11pt\">\n<span style=\"font-size:10pt;color:black;line-height:15.3333px\">Sess\u00f5es Ass\u00edncronas: 12 horas<\/span><\/p>\n<\/td>\n<\/tr>\n<tr>\n<td style=\"text-align:left;text-indent:0px;border-right:1pt dotted;border-bottom:1pt dotted;border-left:1pt dotted;background-color:rgb(178,161,199);padding:0cm 5.4pt;width:169.8pt;height:27.75pt\">\n<p style=\"text-align:left;text-indent:0px;line-height:16.8667px;margin:0cm;font-family:Calibri,sans-serif;font-size:11pt\">\n<span style=\"font-size:10pt;color:black;line-height:15.3333px\"><b>Local da Sess\u00e3o Presencial<\/b><\/span><\/p>\n<\/td>\n<td style=\"text-align:left;text-indent:0px;border-right:1pt dotted;border-bottom:1pt dotted;background-color:rgb(229,223,236);padding:0cm 5.4pt;width:18cm;height:27.75pt\">\n<p style=\"text-align:left;text-indent:0px;line-height:16.8667px;margin:0cm;font-family:Calibri,sans-serif;font-size:11pt\">\n<span style=\"font-size:10pt;color:black;line-height:15.3333px\">Lisboa<\/span><\/p>\n<\/td>\n<\/tr>\n<tr>\n<td style=\"text-align:left;text-indent:0px;border-right:1pt dotted;border-bottom:1pt dotted;border-left:1pt dotted;background-color:rgb(178,161,199);padding:0cm 5.4pt;width:169.8pt;height:28.15pt\">\n<p style=\"text-align:left;text-indent:0px;line-height:16.8667px;margin:0cm;font-family:Calibri,sans-serif;font-size:11pt\">\n<span style=\"font-size:10pt;color:black;line-height:15.3333px\"><b>Entidade Formadora<\/b><\/span><\/p>\n<\/td>\n<td style=\"text-align:left;text-indent:0px;border-right:1pt dotted;border-bottom:1pt dotted;background-color:rgb(229,223,236);padding:0cm 5.4pt;width:18cm;height:28.15pt\">\n<p style=\"text-align:left;text-indent:0px;line-height:16.8667px;margin:0cm;font-family:Calibri,sans-serif;font-size:11pt\">\n<span style=\"font-size:10pt;color:black;line-height:15.3333px\">IEFP \u2013\u00a0CNQF<\/span><\/p>\n<\/td>\n<\/tr>\n<\/tbody>\n<\/table>\n<p style=\"text-align:justify;text-indent:0px;margin:0cm\"><span style=\"font-family:Calibri,sans-serif;font-size:11pt;color:rgb(0,0,0)\">\u00a0<\/span><\/p>\n<p style=\"text-align:justify;text-indent:0px;margin:0cm\"><span style=\"font-family:Calibri,sans-serif;font-size:11pt;color:rgb(0,0,0)\">Junto enviamos a calendariza\u00e7\u00e3o da a\u00e7\u00e3o:<\/span><\/p>\n<p style=\"text-align:justify;text-indent:0px;margin:0cm\"><span style=\"font-family:Calibri,sans-serif;font-size:11pt;color:rgb(0,0,0)\">\u00a0<\/span><\/p>\n<p style=\"text-align:justify;text-indent:0px;margin:0cm\"><span style=\"font-family:Calibri,sans-serif;font-size:11pt;color:rgb(0,0,0)\"><img loading=\"lazy\" decoding=\"async\" id=\"m_4833209118620595362x_Imagem_x0020_1\" width=\"906\" height=\"336\" size=\"22649\" style=\"width:9.4479in;height:3.5in;max-width:1178px;margin:0px\" src=\"https:\/\/aesia.pt\/portal\/wp-content\/uploads\/2024\/10\/image.png\"><\/span><\/p>\n<p style=\"text-align:justify;text-indent:0px;margin:0cm\"><span style=\"font-family:Calibri,sans-serif;font-size:11pt;color:rgb(0,0,0)\">\u00a0<\/span><\/p>\n<p style=\"text-align:justify;text-indent:0px;margin:0cm\"><span style=\"font-family:Calibri,sans-serif;font-size:11pt;color:rgb(0,0,0)\">\u00a0<\/span><\/p>\n<p style=\"text-align:justify;text-indent:0px;margin:0cm\"><span style=\"font-family:Calibri,sans-serif;font-size:11pt;color:rgb(0,0,0)\">As vagas s\u00e3o limitadas e a<br \/>\n<b>inscri\u00e7\u00e3o \u00e9 gratuita e obrigat\u00f3ria<\/b>\u00a0(para quem pretenda frequentar) e poder\u00e1 ser formalizada<br \/>\n<b>at\u00e9 ao dia 18 de outubro<\/b>, atrav\u00e9s do seguinte <i>link<\/i>: <\/span><span style=\"font-family:Calibri,sans-serif;font-size:11pt;color:blue\"><b><u><a href=\"https:\/\/forms.office.com\/e\/mYm88AZra9?origin=lprLink\" id=\"m_4833209118620595362OWA04d9c9a5-7149-c45a-ad13-e84d0f7326ca\" style=\"color:blue;margin:0px\" target=\"_blank\" rel=\"noopener\">FORMUL\u00c1RIO<br \/>\n DE INSCRI\u00c7\u00c3O<\/a><\/u><\/b><\/span><span style=\"font-family:Calibri,sans-serif;font-size:11pt;color:rgb(0,0,0)\">. As inscri\u00e7\u00f5es ser\u00e3o consideradas por ordem de chegada.<\/span><\/p>\n<p style=\"text-align:justify;text-indent:0px;margin:0cm\"><span style=\"font-family:Calibri,sans-serif;font-size:11pt;color:rgb(0,0,0)\">\u00a0<\/span><\/p>\n<p style=\"text-align:justify;text-indent:0px;margin:0cm\"><span style=\"font-family:Calibri,sans-serif;font-size:11pt;color:rgb(0,0,0)\">As despesas inerentes \u00e0 participa\u00e7\u00e3o nesta a\u00e7\u00e3o (nomeadamente, desloca\u00e7\u00e3o e alimenta\u00e7\u00e3o) dever\u00e3o ser asseguradas pelos<br \/>\n pr\u00f3prios.<\/span><\/p>\n<p style=\"text-align:justify;text-indent:0px;margin:0cm\"><span style=\"font-family:Calibri,sans-serif;font-size:11pt;color:rgb(0,0,0)\">\u00a0<\/span><\/p>\n<p style=\"text-align:justify;text-indent:0px;margin:0cm\"><span style=\"font-family:Calibri,sans-serif;font-size:11pt;color:rgb(0,0,0)\">Qualquer quest\u00e3o adicional poder\u00e1 ser remetida para<br \/>\n<\/span><span style=\"font-family:Calibri,sans-serif;font-size:11pt;color:blue\"><u><a href=\"mailto:cnqf@iefp.pt\" id=\"m_4833209118620595362OWA749bc833-4593-faf8-350d-d69a9774f59f\" style=\"color:blue;margin:0px\" target=\"_blank\" rel=\"noopener\"><a href=\"mailto:cnqf@iefp.pt\" >cnqf@iefp.pt<\/a><\/a><\/u><\/span><span style=\"font-family:Calibri,sans-serif;font-size:11pt;color:rgb(0,0,0)\">.<\/span><\/p>\n<p style=\"text-align:justify;text-indent:0px;margin:0cm\"><span style=\"font-family:Calibri,sans-serif;font-size:11pt;color:rgb(0,32,96)\">\u00a0<\/span><\/p>\n<div style=\"font-family:Aptos,Aptos_EmbeddedFont,Aptos_MSFontService,Calibri,Helvetica,sans-serif;font-size:11pt;color:rgb(0,0,0)\">\n\n<\/div>\n<div style=\"text-align:left;text-indent:0px;margin:0cm;font-family:Aptos,Aptos_EmbeddedFont,Aptos_MSFontService,Calibri,Helvetica,sans-serif;font-size:11pt;color:rgb(0,0,0)\">\n\n<\/div>\n<div style=\"text-align:left;text-indent:0px;margin:0cm;font-family:Aptos,Aptos_EmbeddedFont,Aptos_MSFontService,Calibri,Helvetica,sans-serif;font-size:11pt;color:rgb(0,0,0)\">\n\u00a0<\/div>\n<div style=\"text-align:left;text-indent:0px;margin:0cm 0cm 12pt;font-family:Aptos,Aptos_EmbeddedFont,Aptos_MSFontService,Calibri,Helvetica,sans-serif;font-size:11pt;color:rgb(0,0,0)\">\nCom os melhores cumprimentos,<\/div>\n<table style=\"text-align:left;width:525pt;color:rgb(0,0,0);border-collapse:collapse;border-spacing:0px;background-color:inherit\">\n<tbody>\n<tr>\n<td rowspan=\"2\" style=\"text-align:left;border-right:1.5pt solid rgb(179,179,179);padding:1.9pt;width:135pt\">\n<div align=\"center\" style=\"margin:0cm;font-family:Aptos,Aptos_EmbeddedFont,Aptos_MSFontService,Calibri,Helvetica,sans-serif;font-size:11pt;color:rgb(0,0,0)\">\n<img loading=\"lazy\" decoding=\"async\" alt=\"DGEstE - Dire\u00e7\u00e3o-Geral dos Estabelecimentos Escolares\" id=\"m_4833209118620595362x_Imagem_x0020_11\" width=\"159\" height=\"67\" style=\"width:1.6666in;height:0.7083in;min-width:auto;min-height:auto;margin:0px;vertical-align:top\" src=\"https:\/\/aesia.pt\/portal\/wp-content\/uploads\/2024\/10\/Outlook-DGEstE-D.png\"><\/p>\n<p><img loading=\"lazy\" decoding=\"async\" alt=\"Rep\u00fablica Portuguesa | Educa\u00e7\u00e3o\" id=\"m_4833209118620595362x_Imagem_x0020_10\" width=\"159\" height=\"75\" style=\"width:1.6666in;height:0.7916in;min-width:auto;min-height:auto;margin:0px;vertical-align:top\" src=\"https:\/\/aesia.pt\/portal\/wp-content\/uploads\/2024\/10\/Outlook-Republica-.png\"><\/div>\n<\/td>\n<td colspan=\"3\" style=\"text-align:left;padding:1.9pt;width:390pt\">\n<div style=\"text-align:left;line-height:19.2px;margin:0cm;font-family:Aptos,Aptos_EmbeddedFont,Aptos_MSFontService,Calibri,Helvetica,sans-serif;font-size:11pt;color:rgb(0,0,0)\">\n<b>FLORBELA VALENTE<\/b>\u00a0|\u00a0Subdiretora-Geral<\/div>\n<div style=\"text-align:left;margin:0cm;font-family:Aptos,Aptos_EmbeddedFont,Aptos_MSFontService,Calibri,Helvetica,sans-serif;font-size:11pt;color:rgb(0,0,0)\">\nPra\u00e7a de Alvalade 12 &#8211; 1749-070 Lisboa, PORTUGAL<br \/>\nTEL +351 218 433 900<br \/>\n<u><a href=\"https:\/\/www.dgeste.mec.pt\/\" style=\"color:rgb(0,0,0);margin:0px\" target=\"_blank\" rel=\"noopener\">www.dgeste.mec.pt<\/a><\/u>\u00a0|<br \/>\n<u><a href=\"mailto:atendimento@dgeste.mec.pt\" style=\"color:rgb(0,0,0);margin:0px\" target=\"_blank\" rel=\"noopener\"><a href=\"mailto:atendimento@dgeste.mec.pt\" >atendimento@dgeste.mec.pt<\/a><\/a><\/u><\/div>\n<\/td>\n<\/tr>\n<tr>\n<td style=\"text-align:left;padding:1.9pt;width:56.25pt;height:29.25pt\">\n<div align=\"center\" style=\"margin:0cm;font-family:Aptos,Aptos_EmbeddedFont,Aptos_MSFontService,Calibri,Helvetica,sans-serif;font-size:11pt;color:rgb(0,0,0)\">\n<u><a href=\"https:\/\/www.youtube.com\/@DGEstEMinisteriodaEducacao\" style=\"color:rgb(0,0,0);margin:0px\" target=\"_blank\" rel=\"noopener\"><img loading=\"lazy\" decoding=\"async\" alt=\"Canal YouTube da DGEstE\" id=\"m_4833209118620595362x_Imagem_x0020_9\" width=\"74\" height=\"10\" style=\"width:0.7812in;height:0.1145in;min-width:auto;min-height:auto;margin:0px;vertical-align:top\" src=\"https:\/\/aesia.pt\/portal\/wp-content\/uploads\/2024\/10\/Outlook-Canal-YouT.png\"><\/a><\/u><\/div>\n<\/td>\n<td style=\"text-align:left;padding:1.9pt;width:30pt;height:29.25pt\">\n<div align=\"center\" style=\"margin:0cm;font-family:Aptos,Aptos_EmbeddedFont,Aptos_MSFontService,Calibri,Helvetica,sans-serif;font-size:11pt;color:rgb(0,0,0)\">\n<u><a href=\"https:\/\/www.dgeste.mec.pt\/wp-content\/uploads\/2022\/12\/Relatorio_Feedback_Externo_CAF-PEF_DGEstE_20200715.pdf\" style=\"color:rgb(0,0,0);margin:0px\" target=\"_blank\" rel=\"noopener\"><img loading=\"lazy\" decoding=\"async\" alt=\"Effective CAF User\" id=\"m_4833209118620595362x_Imagem_x0020_8\" width=\"39\" height=\"19\" style=\"width:0.4166in;height:0.2083in;min-width:auto;min-height:auto;margin:0px;vertical-align:top\" src=\"https:\/\/aesia.pt\/portal\/wp-content\/uploads\/2024\/10\/Outlook-Effective-.png\"><\/a><\/u><\/div>\n<\/td>\n<td style=\"text-align:left;padding:1.9pt;width:131.25pt;height:29.25pt\"><\/td>\n<\/tr>\n<tr>\n<td colspan=\"4\" style=\"text-align:left;padding:1.9pt;width:525pt\">\n<div style=\"text-align:left;margin:0cm;font-family:Aptos,Aptos_EmbeddedFont,Aptos_MSFontService,Calibri,Helvetica,sans-serif;font-size:11pt;color:rgb(0,0,0)\">\n<u><a href=\"https:\/\/www.dgeste.mec.pt\/?page_id=79713\" style=\"color:rgb(0,0,0);margin:0px\" target=\"_blank\" rel=\"noopener\"><img loading=\"lazy\" decoding=\"async\" alt=\"PEGADA DGEstE - Compromisso 2023\" id=\"m_4833209118620595362x_Imagem_x0020_7\" width=\"566\" height=\"63\" style=\"width:5.9062in;height:0.6666in;min-width:auto;min-height:auto;margin:0px;vertical-align:top\" src=\"https:\/\/aesia.pt\/portal\/wp-content\/uploads\/2024\/10\/Outlook-PEGADA-DGE.png\"><\/a><\/u><br \/>\n<img loading=\"lazy\" decoding=\"async\" alt=\"N\u00e3o se aceita, ponto!\" id=\"m_4833209118620595362x_Imagem_x0020_1\" width=\"566\" height=\"118\" style=\"width:5.9062in;height:1.2395in;min-width:auto;min-height:auto;margin:0px;vertical-align:top\" src=\"https:\/\/aesia.pt\/portal\/wp-content\/uploads\/2024\/10\/Outlook-Nao-se-ace.png\"><\/div>\n<\/td>\n<\/tr>\n<\/tbody>\n<\/table>\n<div style=\"font-family:Calibri,sans-serif;font-size:11pt;color:rgb(0,0,0)\">\n<\/div>\n<\/div>\n<\/div>\n<\/div>\n<\/div>\n<\/div>\n<\/div>\n<\/div>\n<\/div>\n<\/div>\n","protected":false},"excerpt":{"rendered":"<p>&#8212;&#8212;&#8212;- Forwarded message &#8212;&#8212;&#8212;De: Dire\u00e7\u00e3o-Escolas de Santa Iria de Az\u00f3ia, Loures &lt;direcao@aesia.edu.gov.pt&gt;Date: ter\u00e7a, 15\/10\/2024 \u00e0(s) 14:41Subject: Fw: Forma\u00e7\u00e3o Pedag\u00f3gica Cont\u00ednua&hellip; <a class=\"continue\" href=\"https:\/\/aesia.pt\/portal\/fwd-fw-formacao-pedagogica-continua-de-formadores-aprendizagem-intercultural\/\">Ler mais<span> Forma\u00e7\u00e3o Pedag\u00f3gica Cont\u00ednua de Formadores \u2013 Aprendizagem Intercultural<\/span><\/a><\/p>\n","protected":false},"author":8,"featured_media":13139,"comment_status":"closed","ping_status":"closed","sticky":false,"template":"","format":"standard","meta":{"_acf_changed":false,"footnotes":""},"categories":[56],"tags":[],"class_list":["post-13138","post","type-post","status-publish","format-standard","has-post-thumbnail","hentry","category-formacao"],"acf":[],"yoast_head":"<!-- This site is optimized with the Yoast SEO plugin v27.4 - https:\/\/yoast.com\/product\/yoast-seo-wordpress\/ -->\n<title>Fwd: Fw: Forma\u00e7\u00e3o Pedag\u00f3gica Cont\u00ednua de Formadores \u2013 Aprendizagem Intercultural &#8211; AESIA<\/title>\n<meta name=\"robots\" content=\"index, follow, max-snippet:-1, max-image-preview:large, max-video-preview:-1\" \/>\n<link rel=\"canonical\" href=\"https:\/\/aesia.pt\/portal\/fwd-fw-formacao-pedagogica-continua-de-formadores-aprendizagem-intercultural\/\" \/>\n<meta property=\"og:locale\" content=\"pt_PT\" \/>\n<meta property=\"og:type\" content=\"article\" \/>\n<meta property=\"og:title\" content=\"Fwd: Fw: Forma\u00e7\u00e3o Pedag\u00f3gica Cont\u00ednua de Formadores \u2013 Aprendizagem Intercultural &#8211; AESIA\" \/>\n<meta property=\"og:description\" content=\"&#8212;&#8212;&#8212;- Forwarded message &#8212;&#8212;&#8212;De: Dire\u00e7\u00e3o-Escolas de Santa Iria de Az\u00f3ia, Loures &lt;direcao@aesia.edu.gov.pt&gt;Date: ter\u00e7a, 15\/10\/2024 \u00e0(s) 14:41Subject: Fw: Forma\u00e7\u00e3o Pedag\u00f3gica Cont\u00ednua&hellip; Ler mais Forma\u00e7\u00e3o Pedag\u00f3gica Cont\u00ednua de Formadores \u2013 Aprendizagem Intercultural\" \/>\n<meta property=\"og:url\" content=\"https:\/\/aesia.pt\/portal\/fwd-fw-formacao-pedagogica-continua-de-formadores-aprendizagem-intercultural\/\" \/>\n<meta property=\"og:site_name\" content=\"AESIA\" \/>\n<meta property=\"article:publisher\" content=\"https:\/\/www.facebook.com\/aesia.pt\/\" \/>\n<meta property=\"article:published_time\" content=\"2024-10-15T16:06:23+00:00\" \/>\n<meta property=\"og:image\" content=\"https:\/\/aesia.pt\/portal\/wp-content\/uploads\/2024\/10\/image.png\" \/>\n\t<meta property=\"og:image:width\" content=\"907\" \/>\n\t<meta property=\"og:image:height\" content=\"336\" \/>\n\t<meta property=\"og:image:type\" content=\"image\/png\" \/>\n<meta name=\"author\" content=\"Ivo Cardoso\" \/>\n<meta name=\"twitter:card\" content=\"summary_large_image\" \/>\n<meta name=\"twitter:label1\" content=\"Escrito por\" \/>\n\t<meta name=\"twitter:data1\" content=\"Ivo Cardoso\" \/>\n\t<meta name=\"twitter:label2\" content=\"Tempo estimado de leitura\" \/>\n\t<meta name=\"twitter:data2\" content=\"3 minutos\" \/>\n<script type=\"application\/ld+json\" class=\"yoast-schema-graph\">{\"@context\":\"https:\\\/\\\/schema.org\",\"@graph\":[{\"@type\":\"Article\",\"@id\":\"https:\\\/\\\/aesia.pt\\\/portal\\\/fwd-fw-formacao-pedagogica-continua-de-formadores-aprendizagem-intercultural\\\/#article\",\"isPartOf\":{\"@id\":\"https:\\\/\\\/aesia.pt\\\/portal\\\/fwd-fw-formacao-pedagogica-continua-de-formadores-aprendizagem-intercultural\\\/\"},\"author\":{\"name\":\"Ivo Cardoso\",\"@id\":\"https:\\\/\\\/aesia.pt\\\/portal\\\/#\\\/schema\\\/person\\\/8961c6287f9d82fe320fba91b3e2e991\"},\"headline\":\"Forma\u00e7\u00e3o Pedag\u00f3gica Cont\u00ednua de Formadores \u2013 Aprendizagem Intercultural\",\"datePublished\":\"2024-10-15T16:06:23+00:00\",\"mainEntityOfPage\":{\"@id\":\"https:\\\/\\\/aesia.pt\\\/portal\\\/fwd-fw-formacao-pedagogica-continua-de-formadores-aprendizagem-intercultural\\\/\"},\"wordCount\":587,\"publisher\":{\"@id\":\"https:\\\/\\\/aesia.pt\\\/portal\\\/#organization\"},\"image\":{\"@id\":\"https:\\\/\\\/aesia.pt\\\/portal\\\/fwd-fw-formacao-pedagogica-continua-de-formadores-aprendizagem-intercultural\\\/#primaryimage\"},\"thumbnailUrl\":\"https:\\\/\\\/aesia.pt\\\/portal\\\/wp-content\\\/uploads\\\/2024\\\/10\\\/image.png\",\"articleSection\":[\"Forma\u00e7\u00e3o\"],\"inLanguage\":\"pt-PT\"},{\"@type\":\"WebPage\",\"@id\":\"https:\\\/\\\/aesia.pt\\\/portal\\\/fwd-fw-formacao-pedagogica-continua-de-formadores-aprendizagem-intercultural\\\/\",\"url\":\"https:\\\/\\\/aesia.pt\\\/portal\\\/fwd-fw-formacao-pedagogica-continua-de-formadores-aprendizagem-intercultural\\\/\",\"name\":\"Fwd: Fw: Forma\u00e7\u00e3o Pedag\u00f3gica Cont\u00ednua de Formadores \u2013 Aprendizagem Intercultural &#8211; AESIA\",\"isPartOf\":{\"@id\":\"https:\\\/\\\/aesia.pt\\\/portal\\\/#website\"},\"primaryImageOfPage\":{\"@id\":\"https:\\\/\\\/aesia.pt\\\/portal\\\/fwd-fw-formacao-pedagogica-continua-de-formadores-aprendizagem-intercultural\\\/#primaryimage\"},\"image\":{\"@id\":\"https:\\\/\\\/aesia.pt\\\/portal\\\/fwd-fw-formacao-pedagogica-continua-de-formadores-aprendizagem-intercultural\\\/#primaryimage\"},\"thumbnailUrl\":\"https:\\\/\\\/aesia.pt\\\/portal\\\/wp-content\\\/uploads\\\/2024\\\/10\\\/image.png\",\"datePublished\":\"2024-10-15T16:06:23+00:00\",\"breadcrumb\":{\"@id\":\"https:\\\/\\\/aesia.pt\\\/portal\\\/fwd-fw-formacao-pedagogica-continua-de-formadores-aprendizagem-intercultural\\\/#breadcrumb\"},\"inLanguage\":\"pt-PT\",\"potentialAction\":[{\"@type\":\"ReadAction\",\"target\":[\"https:\\\/\\\/aesia.pt\\\/portal\\\/fwd-fw-formacao-pedagogica-continua-de-formadores-aprendizagem-intercultural\\\/\"]}]},{\"@type\":\"ImageObject\",\"inLanguage\":\"pt-PT\",\"@id\":\"https:\\\/\\\/aesia.pt\\\/portal\\\/fwd-fw-formacao-pedagogica-continua-de-formadores-aprendizagem-intercultural\\\/#primaryimage\",\"url\":\"https:\\\/\\\/aesia.pt\\\/portal\\\/wp-content\\\/uploads\\\/2024\\\/10\\\/image.png\",\"contentUrl\":\"https:\\\/\\\/aesia.pt\\\/portal\\\/wp-content\\\/uploads\\\/2024\\\/10\\\/image.png\",\"width\":907,\"height\":336},{\"@type\":\"BreadcrumbList\",\"@id\":\"https:\\\/\\\/aesia.pt\\\/portal\\\/fwd-fw-formacao-pedagogica-continua-de-formadores-aprendizagem-intercultural\\\/#breadcrumb\",\"itemListElement\":[{\"@type\":\"ListItem\",\"position\":1,\"name\":\"Home\",\"item\":\"https:\\\/\\\/aesia.pt\\\/portal\\\/\"},{\"@type\":\"ListItem\",\"position\":2,\"name\":\"Forma\u00e7\u00e3o Pedag\u00f3gica Cont\u00ednua de Formadores \u2013 Aprendizagem Intercultural\"}]},{\"@type\":\"WebSite\",\"@id\":\"https:\\\/\\\/aesia.pt\\\/portal\\\/#website\",\"url\":\"https:\\\/\\\/aesia.pt\\\/portal\\\/\",\"name\":\"AESIA\",\"description\":\"Agrupamento de Escolas de Santa Iria de Az\u00f3ia\",\"publisher\":{\"@id\":\"https:\\\/\\\/aesia.pt\\\/portal\\\/#organization\"},\"alternateName\":\"Agrupamento de Escolas de Santa Iria de Az\u00f3ia\",\"potentialAction\":[{\"@type\":\"SearchAction\",\"target\":{\"@type\":\"EntryPoint\",\"urlTemplate\":\"https:\\\/\\\/aesia.pt\\\/portal\\\/?s={search_term_string}\"},\"query-input\":{\"@type\":\"PropertyValueSpecification\",\"valueRequired\":true,\"valueName\":\"search_term_string\"}}],\"inLanguage\":\"pt-PT\"},{\"@type\":\"Organization\",\"@id\":\"https:\\\/\\\/aesia.pt\\\/portal\\\/#organization\",\"name\":\"Agrupamento de Escolas de Santa Iria de Az\u00f3ia\",\"alternateName\":\"AESIA\",\"url\":\"https:\\\/\\\/aesia.pt\\\/portal\\\/\",\"logo\":{\"@type\":\"ImageObject\",\"inLanguage\":\"pt-PT\",\"@id\":\"https:\\\/\\\/aesia.pt\\\/portal\\\/#\\\/schema\\\/logo\\\/image\\\/\",\"url\":\"https:\\\/\\\/aesia.pt\\\/portal\\\/wp-content\\\/uploads\\\/2023\\\/04\\\/logo4.png\",\"contentUrl\":\"https:\\\/\\\/aesia.pt\\\/portal\\\/wp-content\\\/uploads\\\/2023\\\/04\\\/logo4.png\",\"width\":162,\"height\":162,\"caption\":\"Agrupamento de Escolas de Santa Iria de Az\u00f3ia\"},\"image\":{\"@id\":\"https:\\\/\\\/aesia.pt\\\/portal\\\/#\\\/schema\\\/logo\\\/image\\\/\"},\"sameAs\":[\"https:\\\/\\\/www.facebook.com\\\/aesia.pt\\\/\"]},{\"@type\":\"Person\",\"@id\":\"https:\\\/\\\/aesia.pt\\\/portal\\\/#\\\/schema\\\/person\\\/8961c6287f9d82fe320fba91b3e2e991\",\"name\":\"Ivo Cardoso\",\"image\":{\"@type\":\"ImageObject\",\"inLanguage\":\"pt-PT\",\"@id\":\"https:\\\/\\\/secure.gravatar.com\\\/avatar\\\/b1503fafbe5678f3cfddd3fb093fcb636cd9a58fe5db5256d219059582e42c16?s=96&d=mm&r=g\",\"url\":\"https:\\\/\\\/secure.gravatar.com\\\/avatar\\\/b1503fafbe5678f3cfddd3fb093fcb636cd9a58fe5db5256d219059582e42c16?s=96&d=mm&r=g\",\"contentUrl\":\"https:\\\/\\\/secure.gravatar.com\\\/avatar\\\/b1503fafbe5678f3cfddd3fb093fcb636cd9a58fe5db5256d219059582e42c16?s=96&d=mm&r=g\",\"caption\":\"Ivo Cardoso\"},\"sameAs\":[\"http:\\\/\\\/aesia.pt\"],\"url\":\"https:\\\/\\\/aesia.pt\\\/portal\\\/author\\\/ivo-cardosoaesia-pt\\\/\"}]}<\/script>\n<!-- \/ Yoast SEO plugin. -->","yoast_head_json":{"title":"Fwd: Fw: Forma\u00e7\u00e3o Pedag\u00f3gica Cont\u00ednua de Formadores \u2013 Aprendizagem Intercultural &#8211; AESIA","robots":{"index":"index","follow":"follow","max-snippet":"max-snippet:-1","max-image-preview":"max-image-preview:large","max-video-preview":"max-video-preview:-1"},"canonical":"https:\/\/aesia.pt\/portal\/fwd-fw-formacao-pedagogica-continua-de-formadores-aprendizagem-intercultural\/","og_locale":"pt_PT","og_type":"article","og_title":"Fwd: Fw: Forma\u00e7\u00e3o Pedag\u00f3gica Cont\u00ednua de Formadores \u2013 Aprendizagem Intercultural &#8211; AESIA","og_description":"&#8212;&#8212;&#8212;- Forwarded message &#8212;&#8212;&#8212;De: Dire\u00e7\u00e3o-Escolas de Santa Iria de Az\u00f3ia, Loures &lt;direcao@aesia.edu.gov.pt&gt;Date: ter\u00e7a, 15\/10\/2024 \u00e0(s) 14:41Subject: Fw: Forma\u00e7\u00e3o Pedag\u00f3gica Cont\u00ednua&hellip; Ler mais Forma\u00e7\u00e3o Pedag\u00f3gica Cont\u00ednua de Formadores \u2013 Aprendizagem Intercultural","og_url":"https:\/\/aesia.pt\/portal\/fwd-fw-formacao-pedagogica-continua-de-formadores-aprendizagem-intercultural\/","og_site_name":"AESIA","article_publisher":"https:\/\/www.facebook.com\/aesia.pt\/","article_published_time":"2024-10-15T16:06:23+00:00","og_image":[{"width":907,"height":336,"url":"https:\/\/aesia.pt\/portal\/wp-content\/uploads\/2024\/10\/image.png","type":"image\/png"}],"author":"Ivo Cardoso","twitter_card":"summary_large_image","twitter_misc":{"Escrito por":"Ivo Cardoso","Tempo estimado de leitura":"3 minutos"},"schema":{"@context":"https:\/\/schema.org","@graph":[{"@type":"Article","@id":"https:\/\/aesia.pt\/portal\/fwd-fw-formacao-pedagogica-continua-de-formadores-aprendizagem-intercultural\/#article","isPartOf":{"@id":"https:\/\/aesia.pt\/portal\/fwd-fw-formacao-pedagogica-continua-de-formadores-aprendizagem-intercultural\/"},"author":{"name":"Ivo Cardoso","@id":"https:\/\/aesia.pt\/portal\/#\/schema\/person\/8961c6287f9d82fe320fba91b3e2e991"},"headline":"Forma\u00e7\u00e3o Pedag\u00f3gica Cont\u00ednua de Formadores \u2013 Aprendizagem Intercultural","datePublished":"2024-10-15T16:06:23+00:00","mainEntityOfPage":{"@id":"https:\/\/aesia.pt\/portal\/fwd-fw-formacao-pedagogica-continua-de-formadores-aprendizagem-intercultural\/"},"wordCount":587,"publisher":{"@id":"https:\/\/aesia.pt\/portal\/#organization"},"image":{"@id":"https:\/\/aesia.pt\/portal\/fwd-fw-formacao-pedagogica-continua-de-formadores-aprendizagem-intercultural\/#primaryimage"},"thumbnailUrl":"https:\/\/aesia.pt\/portal\/wp-content\/uploads\/2024\/10\/image.png","articleSection":["Forma\u00e7\u00e3o"],"inLanguage":"pt-PT"},{"@type":"WebPage","@id":"https:\/\/aesia.pt\/portal\/fwd-fw-formacao-pedagogica-continua-de-formadores-aprendizagem-intercultural\/","url":"https:\/\/aesia.pt\/portal\/fwd-fw-formacao-pedagogica-continua-de-formadores-aprendizagem-intercultural\/","name":"Fwd: Fw: Forma\u00e7\u00e3o Pedag\u00f3gica Cont\u00ednua de Formadores \u2013 Aprendizagem Intercultural &#8211; AESIA","isPartOf":{"@id":"https:\/\/aesia.pt\/portal\/#website"},"primaryImageOfPage":{"@id":"https:\/\/aesia.pt\/portal\/fwd-fw-formacao-pedagogica-continua-de-formadores-aprendizagem-intercultural\/#primaryimage"},"image":{"@id":"https:\/\/aesia.pt\/portal\/fwd-fw-formacao-pedagogica-continua-de-formadores-aprendizagem-intercultural\/#primaryimage"},"thumbnailUrl":"https:\/\/aesia.pt\/portal\/wp-content\/uploads\/2024\/10\/image.png","datePublished":"2024-10-15T16:06:23+00:00","breadcrumb":{"@id":"https:\/\/aesia.pt\/portal\/fwd-fw-formacao-pedagogica-continua-de-formadores-aprendizagem-intercultural\/#breadcrumb"},"inLanguage":"pt-PT","potentialAction":[{"@type":"ReadAction","target":["https:\/\/aesia.pt\/portal\/fwd-fw-formacao-pedagogica-continua-de-formadores-aprendizagem-intercultural\/"]}]},{"@type":"ImageObject","inLanguage":"pt-PT","@id":"https:\/\/aesia.pt\/portal\/fwd-fw-formacao-pedagogica-continua-de-formadores-aprendizagem-intercultural\/#primaryimage","url":"https:\/\/aesia.pt\/portal\/wp-content\/uploads\/2024\/10\/image.png","contentUrl":"https:\/\/aesia.pt\/portal\/wp-content\/uploads\/2024\/10\/image.png","width":907,"height":336},{"@type":"BreadcrumbList","@id":"https:\/\/aesia.pt\/portal\/fwd-fw-formacao-pedagogica-continua-de-formadores-aprendizagem-intercultural\/#breadcrumb","itemListElement":[{"@type":"ListItem","position":1,"name":"Home","item":"https:\/\/aesia.pt\/portal\/"},{"@type":"ListItem","position":2,"name":"Forma\u00e7\u00e3o Pedag\u00f3gica Cont\u00ednua de Formadores \u2013 Aprendizagem Intercultural"}]},{"@type":"WebSite","@id":"https:\/\/aesia.pt\/portal\/#website","url":"https:\/\/aesia.pt\/portal\/","name":"AESIA","description":"Agrupamento de Escolas de Santa Iria de Az\u00f3ia","publisher":{"@id":"https:\/\/aesia.pt\/portal\/#organization"},"alternateName":"Agrupamento de Escolas de Santa Iria de Az\u00f3ia","potentialAction":[{"@type":"SearchAction","target":{"@type":"EntryPoint","urlTemplate":"https:\/\/aesia.pt\/portal\/?s={search_term_string}"},"query-input":{"@type":"PropertyValueSpecification","valueRequired":true,"valueName":"search_term_string"}}],"inLanguage":"pt-PT"},{"@type":"Organization","@id":"https:\/\/aesia.pt\/portal\/#organization","name":"Agrupamento de Escolas de Santa Iria de Az\u00f3ia","alternateName":"AESIA","url":"https:\/\/aesia.pt\/portal\/","logo":{"@type":"ImageObject","inLanguage":"pt-PT","@id":"https:\/\/aesia.pt\/portal\/#\/schema\/logo\/image\/","url":"https:\/\/aesia.pt\/portal\/wp-content\/uploads\/2023\/04\/logo4.png","contentUrl":"https:\/\/aesia.pt\/portal\/wp-content\/uploads\/2023\/04\/logo4.png","width":162,"height":162,"caption":"Agrupamento de Escolas de Santa Iria de Az\u00f3ia"},"image":{"@id":"https:\/\/aesia.pt\/portal\/#\/schema\/logo\/image\/"},"sameAs":["https:\/\/www.facebook.com\/aesia.pt\/"]},{"@type":"Person","@id":"https:\/\/aesia.pt\/portal\/#\/schema\/person\/8961c6287f9d82fe320fba91b3e2e991","name":"Ivo Cardoso","image":{"@type":"ImageObject","inLanguage":"pt-PT","@id":"https:\/\/secure.gravatar.com\/avatar\/b1503fafbe5678f3cfddd3fb093fcb636cd9a58fe5db5256d219059582e42c16?s=96&d=mm&r=g","url":"https:\/\/secure.gravatar.com\/avatar\/b1503fafbe5678f3cfddd3fb093fcb636cd9a58fe5db5256d219059582e42c16?s=96&d=mm&r=g","contentUrl":"https:\/\/secure.gravatar.com\/avatar\/b1503fafbe5678f3cfddd3fb093fcb636cd9a58fe5db5256d219059582e42c16?s=96&d=mm&r=g","caption":"Ivo Cardoso"},"sameAs":["http:\/\/aesia.pt"],"url":"https:\/\/aesia.pt\/portal\/author\/ivo-cardosoaesia-pt\/"}]}},"_links":{"self":[{"href":"https:\/\/aesia.pt\/portal\/wp-json\/wp\/v2\/posts\/13138","targetHints":{"allow":["GET"]}}],"collection":[{"href":"https:\/\/aesia.pt\/portal\/wp-json\/wp\/v2\/posts"}],"about":[{"href":"https:\/\/aesia.pt\/portal\/wp-json\/wp\/v2\/types\/post"}],"author":[{"embeddable":true,"href":"https:\/\/aesia.pt\/portal\/wp-json\/wp\/v2\/users\/8"}],"replies":[{"embeddable":true,"href":"https:\/\/aesia.pt\/portal\/wp-json\/wp\/v2\/comments?post=13138"}],"version-history":[{"count":0,"href":"https:\/\/aesia.pt\/portal\/wp-json\/wp\/v2\/posts\/13138\/revisions"}],"wp:featuredmedia":[{"embeddable":true,"href":"https:\/\/aesia.pt\/portal\/wp-json\/wp\/v2\/media\/13139"}],"wp:attachment":[{"href":"https:\/\/aesia.pt\/portal\/wp-json\/wp\/v2\/media?parent=13138"}],"wp:term":[{"taxonomy":"category","embeddable":true,"href":"https:\/\/aesia.pt\/portal\/wp-json\/wp\/v2\/categories?post=13138"},{"taxonomy":"post_tag","embeddable":true,"href":"https:\/\/aesia.pt\/portal\/wp-json\/wp\/v2\/tags?post=13138"}],"curies":[{"name":"wp","href":"https:\/\/api.w.org\/{rel}","templated":true}]}}