{"id":12681,"date":"2024-09-03T14:06:31","date_gmt":"2024-09-03T14:06:31","guid":{"rendered":"https:\/\/aesia.pt\/portal\/?p=12681"},"modified":"2024-09-03T14:06:31","modified_gmt":"2024-09-03T14:06:31","slug":"fwd-3o-seminario-transformar-inteligencia-artificial-vs-inteligencia-emocional-que-equilibrio","status":"publish","type":"post","link":"https:\/\/aesia.pt\/portal\/fwd-3o-seminario-transformar-inteligencia-artificial-vs-inteligencia-emocional-que-equilibrio\/","title":{"rendered":"3\u00ba Semin\u00e1rio (trans)FORMAR &#8211; Intelig\u00eancia artificial vs Intelig\u00eancia emocional &#8211; Que equil\u00edbrio?"},"content":{"rendered":"<div class=\"postie-post\">\n<div dir=\"ltr\">\n<div class=\"gmail_quote\">\n<div dir=\"ltr\" class=\"gmail_attr\">&#8212;&#8212;&#8212;- Forwarded message &#8212;&#8212;&#8212;<br \/>De: <strong class=\"gmail_sendername\" dir=\"auto\">Cristina Maria Botas<\/strong> <span dir=\"auto\">&lt;<a href=\"mailto:cristina.botas@cenfim.pt\"><a href=\"mailto:cristina.botas@cenfim.pt\" >cristina.botas@cenfim.pt<\/a><\/a>&gt;<\/span><br \/>Date: ter\u00e7a, 3\/09\/2024 \u00e0(s) 12:17<br \/>Subject:  3\u00ba Semin\u00e1rio (trans)FORMAR &#8211; Intelig\u00eancia artificial vs Intelig\u00eancia emocional &#8211; Que equil\u00edbrio?<br \/>To: <\/div>\n<div class=\"msg-4621847094980836860\">\n<div lang=\"PT\" link=\"blue\" vlink=\"purple\">\n<div class=\"m_-4621847094980836860WordSection1\">\n<p class=\"MsoNormal\"><a name=\"m_-4621847094980836860__MailEndCompose\"><span style=\"font-family:\"Century Schoolbook\",\"serif\";color:#002060\"><u><\/u>\u00a0<u><\/u><\/span><\/a><\/p>\n<p class=\"MsoNormal\"><span style=\"font-family:\"Century Schoolbook\",\"serif\";color:#002060\">Exmos. Senhores,<u><\/u><u><\/u><\/span><\/p>\n<p class=\"MsoNormal\"><span style=\"font-family:\"Century Schoolbook\",\"serif\";color:#002060\"><u><\/u>\u00a0<u><\/u><\/span><\/p>\n<p class=\"MsoNormal\"><span style=\"font-family:\"Century Schoolbook\",\"serif\";color:#002060\">Solicitamos a divulga\u00e7\u00e3o, do evento infra a ser realizado pelo CENFIM, dirigido a formadores e professores, uma vez que o mesmo cumpre os requisitos definidos no despacho<br \/>\n N\u00ba 5471\/2015 de 290\/05, Forma\u00e7\u00e3o de Professores.<u><\/u><u><\/u><\/span><\/p>\n<p class=\"MsoNormal\"><span style=\"font-family:\"Century Schoolbook\",\"serif\";color:#002060\"><u><\/u>\u00a0<u><\/u><\/span><\/p>\n<p class=\"MsoNormal\"><span style=\"font-family:\"Century Schoolbook\",\"serif\";color:#002060\">Obrigada<u><\/u><u><\/u><\/span><\/p>\n<p class=\"MsoNormal\"><span style=\"font-family:\"Century Schoolbook\",\"serif\";color:#002060\"><u><\/u>\u00a0<u><\/u><\/span><\/p>\n<p class=\"MsoNormal\"><span style=\"font-family:\"Century Schoolbook\",\"serif\";color:#002060\">Com os melhores cumprimentos,<u><\/u><u><\/u><\/span><\/p>\n<p class=\"MsoNormal\"><span style=\"font-family:\"Century Schoolbook\",\"serif\";color:#002060\"><u><\/u>\u00a0<u><\/u><\/span><\/p>\n<div>\n<p class=\"MsoNormal\"><b><span style=\"font-size:10.0pt;font-family:\"Arial\",\"sans-serif\";color:#7f7f7f\">Cristina Botas<u><\/u><u><\/u><\/span><\/b><\/p>\n<p class=\"MsoNormal\"><span style=\"font-size:8.0pt;font-family:\"Arial\",\"sans-serif\";color:#7f7f7f\">Diretora do N\u00facleo de Torres Vedras<u><\/u><u><\/u><\/span><\/p>\n<p class=\"MsoNormal\"><b><span style=\"font-size:9.0pt;font-family:\"Arial\",\"sans-serif\";color:#7f7f7f\">Tlm.<br \/>\n<\/span><\/b><span style=\"font-size:9.0pt;font-family:\"Arial\",\"sans-serif\";color:#7f7f7f\">(+351) 93\u00a060 68 465<br \/>\n<\/span><span style=\"font-size:6.0pt;font-family:\"Arial\",\"sans-serif\";color:#7f7f7f\">(chamada para rede m\u00f3vel nacional)<\/span><b><span style=\"font-size:9.0pt;font-family:\"Arial\",\"sans-serif\";color:#7f7f7f\"><u><\/u><u><\/u><\/span><\/b><\/p>\n<p class=\"MsoNormal\"><b><span style=\"font-size:9.0pt;font-family:\"Arial\",\"sans-serif\";color:#008ac2\"><a href=\"mailto:cristina.botas@cenfim.pt\" target=\"_blank\" rel=\"noopener\"><a href=\"mailto:cristina.botas@cenfim.pt\" >cristina.botas@cenfim.pt<\/a><\/a>\u00a0<\/span><\/b><i><span style=\"font-size:8.0pt;font-family:\"Arial\",\"sans-serif\";color:#002060\"><u><\/u><u><\/u><\/span><\/i><\/p>\n<p class=\"MsoNormal\"><span style=\"font-size:9.0pt;font-family:\"Arial\",\"sans-serif\";color:#404040\"><u><\/u>\u00a0<u><\/u><\/span><\/p>\n<p class=\"MsoNormal\"><span style=\"font-size:9.0pt;font-family:\"Arial\",\"sans-serif\";color:#404040\"><img loading=\"lazy\" decoding=\"async\" width=\"303\" height=\"74\" id=\"m_-4621847094980836860Imagem_x0020_1\" src=\"https:\/\/aesia.pt\/portal\/wp-content\/uploads\/2024\/09\/image003.png\" alt=\"assinatura_mail_cenfim_otimizacao_01\"><\/span><span style=\"font-size:11.0pt;font-family:\"Calibri\",\"sans-serif\";color:#002060\"><u><\/u><u><\/u><\/span><\/p>\n<p class=\"MsoNormal\"><span style=\"font-size:9.0pt;font-family:\"Arial\",\"sans-serif\";color:#7f7f7f\">Rua Ant\u00f3nio Leal d\u2019Ascen\u00e7\u00e3o, Edif\u00edcio CENFIM, 2560 &#8211; 309 TORRES VEDRAS, PORTUGAL<u><\/u><u><\/u><\/span><\/p>\n<p class=\"MsoNormal\"><b><span style=\"font-size:9.0pt;font-family:\"Arial\",\"sans-serif\";color:#7f7f7f\">Tel.<br \/>\n<\/span><\/b><span style=\"font-size:9.0pt;font-family:\"Arial\",\"sans-serif\";color:#7f7f7f\">(+351) 261\u00a0318 090<br \/>\n<\/span><span style=\"font-size:6.0pt;font-family:\"Arial\",\"sans-serif\";color:#7f7f7f\">(chamada para a rede fixa nacional)<u><\/u><u><\/u><\/span><\/p>\n<p class=\"MsoNormal\"><b><span style=\"font-size:9.0pt;font-family:\"Arial\",\"sans-serif\";color:#008ac2\"><a href=\"mailto:tvedras@cenfim.pt\" target=\"_blank\" rel=\"noopener\"><a href=\"mailto:tvedras@cenfim.pt\" >tvedras@cenfim.pt<\/a><\/a>\u00a0|\u00a0<\/span><\/b><a href=\"http:\/\/www.cenfim.pt\/\" target=\"_blank\" rel=\"noopener\"><b><span style=\"font-size:9.0pt;font-family:\"Arial\",\"sans-serif\";color:#008ac2\">www.cenfim.pt<\/span><\/b><\/a><b><span style=\"font-size:9.0pt;font-family:\"Arial\",\"sans-serif\";color:#008ac2\"><u><\/u><u><\/u><\/span><\/b><\/p>\n<p class=\"MsoNormal\"><b><span style=\"font-size:10.0pt;font-family:\"Arial\",\"sans-serif\";color:#008ac2\"><u><\/u>\u00a0<u><\/u><\/span><\/b><\/p>\n<table border=\"0\" cellspacing=\"0\" cellpadding=\"0\" style=\"border-collapse:collapse\">\n<tbody>\n<tr>\n<td width=\"53\" valign=\"top\" style=\"width:31.8pt;padding:0cm 5.4pt 0cm 5.4pt\">\n<p class=\"MsoNormal\"><b><span style=\"font-size:10.0pt;font-family:\"Arial\",\"sans-serif\";color:#008ac2\"><img loading=\"lazy\" decoding=\"async\" border=\"0\" width=\"30\" height=\"38\" id=\"m_-4621847094980836860Imagem_x0020_33\" src=\"https:\/\/aesia.pt\/portal\/wp-content\/uploads\/2024\/09\/image004.png\"><\/span><\/b><b><span style=\"font-size:10.0pt;font-family:\"Arial\",\"sans-serif\";color:#008ac2\"><u><\/u><u><\/u><\/span><\/b><\/p>\n<\/td>\n<td width=\"290\" style=\"width:173.75pt;padding:0cm 5.4pt 0cm 5.4pt\">\n<p class=\"MsoNormal\"><span style=\"font-size:7.0pt;font-family:\"Arial\",\"sans-serif\";color:#009900\">Antes de imprimir pense no meio ambiente.<br \/>\n<u><\/u><u><\/u><\/span><\/p>\n<p class=\"MsoNormal\"><i><span lang=\"EN\" style=\"font-size:7.0pt;font-family:\"Arial\",\"sans-serif\";color:#009900\">Before printing, think about the environment.<\/span><\/i><span lang=\"EN-US\" style=\"font-size:7.0pt;font-family:\"Arial\",\"sans-serif\";color:#92d050\"><u><\/u><u><\/u><\/span><\/p>\n<\/td>\n<\/tr>\n<\/tbody>\n<\/table>\n<p class=\"MsoNormal\"><span lang=\"EN-US\" style=\"font-size:11.0pt;font-family:\"Arial\",\"sans-serif\";color:#1f497d\"><u><\/u>\u00a0<u><\/u><\/span><\/p>\n<p class=\"MsoNormal\"><span lang=\"EN-US\" style=\"font-size:11.0pt;font-family:\"Calibri\",\"sans-serif\";color:#002060\"><u><\/u>\u00a0<u><\/u><\/span><\/p>\n<\/div>\n<p class=\"MsoNormal\"><span lang=\"EN-US\" style=\"font-family:\"Century Schoolbook\",\"serif\";color:#002060\"><u><\/u>\u00a0<u><\/u><\/span><\/p>\n<p class=\"MsoNormal\"><span style=\"font-family:\"Century Schoolbook\",\"serif\";color:#002060\"><u><\/u>\u00a0<u><\/u><\/span><\/p>\n<p align=\"center\" style=\"text-align:center\"><img decoding=\"async\" border=\"0\" id=\"m_-4621847094980836860_x0000_i1025\" src=\"http:\/\/news1.cenfim.pt\/uploadimages\/image\/Headers_and_Footers\/boletim_cenfim_topo_2023.jpg\"><u><\/u><u><\/u><\/p>\n<div align=\"center\">\n<table border=\"0\" cellspacing=\"0\" cellpadding=\"0\" width=\"1000\" style=\"width:600.0pt\">\n<tbody>\n<tr>\n<td style=\"padding:0cm 0cm 0cm 0cm\">\n<p align=\"center\" style=\"text-align:center\"><strong><span style=\"font-family:\"Arial\",\"sans-serif\"\">3\u00ba (trans)FORMAR<\/span><\/strong><strong><span style=\"font-size:10.5pt;font-family:\"Arial\",\"sans-serif\"\">\u00a0&#8211; Semin\u00e1rio<\/span><\/strong><u><\/u><u><\/u><\/p>\n<p align=\"center\" style=\"text-align:center\"><strong><span style=\"font-family:\"Arial\",\"sans-serif\";background:#ffcc01\">\u00a0Intelig\u00eancia Artificial vs\u00a0Intelig\u00eancia Emocional: Promover o equil\u00edbrio na era digital\u00a0<\/span><\/strong><u><\/u><u><\/u><\/p>\n<p align=\"center\" style=\"text-align:center\"><strong><span style=\"font-size:10.5pt;font-family:\"Arial\",\"sans-serif\"\">26 de outubro &#8211; Vila Gal\u00e9 Coimbra<\/span><\/strong><u><\/u><u><\/u><\/p>\n<p style=\"text-align:justify\">\u00a0<u><\/u><u><\/u><\/p>\n<p align=\"center\" style=\"text-align:center\"><strong><span style=\"color:#018ac1\">Explorar a tecnologia sem perder a vertente humana.\u00a0<\/span><\/strong><b><span style=\"color:#018ac1\"><br \/>\n<strong>No nosso semin\u00e1rio, vamos falar sobre como encontrar o equil\u00edbrio entre a Intelig\u00eancia Artificial e a Intelig\u00eancia Emocional.\u00a0<\/strong><br \/>\n<strong>N\u00e3o perca, faltam 2 meses.<\/strong><br \/>\n<strong>Inscreva-se!<\/strong><\/span><\/b><u><\/u><u><\/u><\/p>\n<p style=\"text-align:justify\">\u00a0<u><\/u><u><\/u><\/p>\n<p style=\"text-align:justify\"><span style=\"font-size:10.5pt;font-family:\"Arial\",\"sans-serif\"\">Com o avan\u00e7o das novas tecnologias, o papel do formador\/professor tem sofrido uma significativa evolu\u00e7\u00e3o, uma vez que, com o aparecimento, recente, da realidade virtual<br \/>\n e intelig\u00eancia artificial, todo o contexto de ensino\/aprendizagem se alterou, com impacto a diversos n\u00edveis, sendo o maior de todos eles o que se centra nos pilares que o sustentam, a dupla formando\/aluno e formador\/professor.\u00a0<\/span><u><\/u><u><\/u><\/p>\n<p style=\"text-align:justify\"><span style=\"font-size:10.5pt;font-family:\"Arial\",\"sans-serif\"\">Conscientes desta evolu\u00e7\u00e3o, importa assegurar que a tecnologia n\u00e3o se sobrep\u00f5e \u00e0 rela\u00e7\u00e3o humana no processo de aprendizagem, pois continuamos a acreditar que, a rela\u00e7\u00e3o,<br \/>\n continua a ter um papel fundamental e diferenciador no sucesso formativo.\u00a0<\/span><u><\/u><u><\/u><\/p>\n<p style=\"text-align:justify\"><span style=\"font-size:10.5pt;font-family:\"Arial\",\"sans-serif\"\">Acreditamos que a agrega\u00e7\u00e3o da intelig\u00eancia artificial e da intelig\u00eancia emocional na forma\u00e7\u00e3o\/ensino, potencia o desempenho do formador\/professor, uma vez que lhe<br \/>\n permite ser mais eficaz a partir da individualiza\u00e7\u00e3o dos processos de ensino\/aprendizagem em cada sess\u00e3o, e desta forma, obter \u00edndices superiores de foco e motiva\u00e7\u00e3o, e consequentemente, aumentar os \u00edndices de sucesso formativo e bem estar emocional no contexto<br \/>\n formativo.\u00a0<\/span><u><\/u><u><\/u><\/p>\n<p style=\"text-align:justify\"><span style=\"font-size:10.5pt;font-family:\"Arial\",\"sans-serif\"\">Esta integra\u00e7\u00e3o, estimula e desenvolve nos formandos\/alunos, o pensamento cr\u00edtico, a resili\u00eancia, e a capacidade de enfrentar desafios e problemas complexos, aumentando<br \/>\n a sua compet\u00eancia de adapta\u00e7\u00e3o a um mercado de trabalho em permanente mudan\u00e7a, que tamb\u00e9m exige perfis preparados para estes desafios\u00a0<\/span><u><\/u><u><\/u><\/p>\n<p style=\"text-align:justify\"><span style=\"font-size:10.5pt;font-family:\"Arial\",\"sans-serif\"\">Conscientes da dimens\u00e3o deste desafio, propomo-nos a este dia de reflex\u00e3o, contando para o efeito com um conjunto de oradores com abordagens diferenciadas nesta tem\u00e1tica.\u00a0<\/span><u><\/u><u><\/u><\/p>\n<p style=\"text-align:justify\"><span style=\"font-size:10.5pt;font-family:\"Arial\",\"sans-serif\"\">Contamos consigo neste Semin\u00e1rio!\u00a0<\/span><u><\/u><u><\/u><\/p>\n<p style=\"text-align:justify\"><span style=\"font-size:10.5pt;font-family:\"Arial\",\"sans-serif\"\">O CENFIM a (trans)FORMAR!<\/span><u><\/u><u><\/u><\/p>\n<p style=\"text-align:justify\">\u00a0<u><\/u><u><\/u><\/p>\n<p style=\"text-align:justify\"><span style=\"font-size:10.5pt\">Caso j\u00e1 tenha recebido esta informa\u00e7\u00e3o, agradecemos que ignore este email.<\/span><u><\/u><u><\/u><\/p>\n<p style=\"text-align:justify\"><a href=\"http:\/\/news1.cenfim.pt\/lists\/lt.php?tid=cB5WUgUDClhZUxtbVwoDG1cGVQUeXlAFVx0MCVZVVgdZBFJXU1JOVAxSVFsGXVcbBQFVUx5SWgEBHQwABAEfA11SUlRUVVRZCldXRFEBUARWAAJQHgdTCF0dAFJSBh8LXlZRHAUDBlYMUwYIVFwEAw\" target=\"_blank\" rel=\"noopener\"><strong><span style=\"font-size:10.5pt;font-family:\"Arial\",\"sans-serif\";color:#008ac1\">Inscreva-se<br \/>\n aqui!<\/span><\/strong><\/a><u><\/u><u><\/u><\/p>\n<p style=\"text-align:justify\"><span style=\"font-size:10.5pt;font-family:\"Arial\",\"sans-serif\"\">Ver Programa<br \/>\n<strong><span style=\"font-family:\"Arial\",\"sans-serif\"\"><a href=\"http:\/\/news1.cenfim.pt\/lists\/lt.php?tid=cB4HVVVWBlcIURsOWw9eG1dUAQUeXgADUB1WBQFTUwAAUVMIUQNOVAxSVFsGXVcbBQFVUx5SWgEBHQwABAEfA11SUlRUVVRZCldXRFEBUARWAAJQHgdTCF0dAFJSBh8LXlZRHAUDBlYMUwYIVFwEAw\" target=\"_blank\" rel=\"noopener\"><span style=\"color:#008ac1\">aqui<\/span><\/a><\/span><\/strong><\/span><u><\/u><u><\/u><\/p>\n<p align=\"center\" style=\"text-align:center\"><img decoding=\"async\" border=\"0\" id=\"m_-4621847094980836860_x0000_i1026\" src=\"https:\/\/news1.cenfim.pt\/uploadimages\/image\/ACM\/2024\/3_seminario_TRANSFORMAR_600px_v3.jpg\"><u><\/u><u><\/u><\/p>\n<p align=\"center\" style=\"text-align:center\">\u00a0<u><\/u><u><\/u><\/p>\n<p align=\"center\" style=\"text-align:center\">\u00a0<u><\/u><u><\/u><\/p>\n<\/td>\n<\/tr>\n<\/tbody>\n<\/table>\n<\/div>\n<p class=\"MsoNormal\"><span style=\"display:none\"><u><\/u>\u00a0<u><\/u><\/span><\/p>\n<div align=\"center\">\n<table border=\"0\" cellspacing=\"0\" cellpadding=\"0\" width=\"1000\" style=\"width:600.0pt\">\n<tbody>\n<tr>\n<td style=\"padding:0cm 0cm 0cm 0cm\">\n<p align=\"center\" style=\"text-align:center\"><img decoding=\"async\" border=\"0\" id=\"m_-4621847094980836860_x0000_i1027\" src=\"https:\/\/news1.cenfim.pt\/uploadimages\/image\/Headers_and_Footers\/boletim_rodape_05.jpg\"><\/p>\n<p><strong><span style=\"font-size:7.5pt;font-family:\"Arial\",\"sans-serif\"\">SEDE E DIRE\u00c7\u00c3O<\/span><\/strong><span style=\"font-size:7.5pt;font-family:\"Arial\",\"sans-serif\"\">: Rua do A\u00e7\u00facar, N.\u00ba 88, 1950-010 LISBOA\u00a0 .\u00a0 Tel.: +351 21 861 01 50<br \/>\n<\/span><span style=\"font-size:6.0pt;font-family:\"Arial\",\"sans-serif\"\">(chamada para rede fixa nacional)<\/span><br \/>\n<strong><span style=\"font-size:7.5pt;font-family:\"Arial\",\"sans-serif\";color:#333333\">Internet<\/span><\/strong><span style=\"font-size:7.5pt;font-family:\"Arial\",\"sans-serif\";color:#333333\">:<br \/>\n<\/span><span style=\"font-size:7.5pt;font-family:\"Arial\",\"sans-serif\"\"><a href=\"http:\/\/news1.cenfim.pt\/lists\/lt.php?tid=cB5RA10DAwAJVBsOVVpRG1cAVQAeXgUEVh0MV1VRCgMJUlNUUlJOVAxSVFsGXVcbBQFVUx5SWgEBHQwABAEfA11SUlRUVVRZCldXRFEBUARWAAJQHgdTCF0dAFJSBh8LXlZRHAUDBlYMUwYIVFwEAw\" target=\"_blank\" rel=\"noopener\"><span style=\"color:#333333\">cenfim.pt<\/span><\/a><span style=\"color:#333333\">\u00a0<br \/>\n .\u00a0 <\/span><a href=\"http:\/\/news1.cenfim.pt\/lists\/lt.php?tid=cB4JBABXBFhaVRsIBwgDG1cHBFAeX1dQUB1XA1FaUFReB1UEUgdOVAxSVFsGXVcbBQFVUx5SWgEBHQwABAEfA11SUlRUVVRZCldXRFEBUARWAAJQHgdTCF0dAFJSBh8LXlZRHAUDBlYMUwYIVFwEAw\" target=\"_blank\" rel=\"noopener\"><span style=\"color:#333333\">facebook<\/span><\/a><span style=\"color:#333333\">\u00a0<br \/>\n .\u00a0 <\/span><a href=\"http:\/\/news1.cenfim.pt\/lists\/lt.php?tid=cB4ICAIHVwMAARsAVlkHG1dTAgAeX1UGVB1QBVIFBAEIUFUIXVBOVAxSVFsGXVcbBQFVUx5SWgEBHQwABAEfA11SUlRUVVRZCldXRFEBUARWAAJQHgdTCF0dAFJSBh8LXlZRHAUDBlYMUwYIVFwEAw\" target=\"_blank\" rel=\"noopener\"><span style=\"color:#333333\">youtube<\/span><\/a><span style=\"color:#333333\">\u00a0<br \/>\n .\u00a0\u00a0<\/span><a href=\"http:\/\/news1.cenfim.pt\/lists\/lt.php?tid=cB5UBlUDAFFaUxsPUV5eG1dVAlMeX1YJBB0BAVZSBAUKVVVVV1VOVAxSVFsGXVcbBQFVUx5SWgEBHQwABAEfA11SUlRUVVRZCldXRFEBUARWAAJQHgdTCF0dAFJSBh8LXlZRHAUDBlYMUwYIVFwEAw\" target=\"_blank\" rel=\"noopener\"><span style=\"color:#333333\">instagram<\/span><\/a>\u00a0<span style=\"color:#333333\"><br \/>\n .\u00a0\u00a0<\/span><a href=\"http:\/\/news1.cenfim.pt\/lists\/lt.php?tid=cB5WAV1QCwMNABtdVg8EG1cAB1UeBFQJAR1RCFMGVwoNVFMHBgFOVAxSVFsGXVcbBQFVUx5SWgEBHQwABAEfA11SUlRUVVRZCldXRFEBUARWAAJQHgdTCF0dAFJSBh8LXlZRHAUDBlYMUwYIVFwEAw\" target=\"_blank\" rel=\"noopener\"><span style=\"color:#333333\">linkedin<\/span><\/a>\u00a0<span style=\"color:#333333\"><br \/>\n .\u00a0\u00a0<strong><span style=\"font-family:\"Arial\",\"sans-serif\"\">E-mail<\/span><\/strong>:<br \/>\n<\/span><a href=\"mailto:dir@cenfim.pt\" target=\"_blank\" rel=\"noopener\"><a href=\"mailto:dir@cenfim.pt\" >dir@cenfim.pt<\/a><\/a><\/span><u><\/u><u><\/u><\/p>\n<\/td>\n<\/tr>\n<\/tbody>\n<\/table>\n<\/div>\n<p class=\"MsoNormal\"><u><\/u>\u00a0<u><\/u><\/p>\n<div class=\"MsoNormal\" align=\"center\" style=\"text-align:center\"><span style=\"font-size:9.0pt;color:#464444\"><\/p>\n<hr size=\"3\" width=\"100%\" align=\"center\">\n<\/span><\/div>\n<div class=\"MsoNormal\" align=\"center\" style=\"text-align:center\"><span style=\"font-size:9.0pt;color:#464444\"><\/p>\n<hr size=\"3\" width=\"100%\" align=\"center\">\n<\/span><\/div>\n<p class=\"m_-4621847094980836860poweredby\" align=\"center\" style=\"text-align:center\"><a href=\"http:\/\/news1.cenfim.pt\/lists\/lt.php?tid=cB4JCQYGUwdcWhsJBV5TG1cABVEeB1MGBh0FBw5TU1EMVwgGXANOVAxSVFsGXVcbBQFVUx5SWgEBHQwABAEfA11SUlRUVVRZCldXRFEBUARWAAJQHgdTCF0dAFJSBh8LXlZRHAUDBlYMUwYIVFwEAw\" title=\"visit the phpList website\" target=\"_blank\" rel=\"noopener\"><span style=\"text-decoration:none\"><img loading=\"lazy\" decoding=\"async\" border=\"0\" width=\"75\" height=\"33\" id=\"m_-4621847094980836860_x0000_i1030\" src=\"https:\/\/aesia.pt\/portal\/wp-content\/uploads\/2024\/09\/powerphplist.png\" alt=\"powered by phpList 3.6.12, \u00a9 phpList ltd\"><\/span><\/a><u><\/u><u><\/u><\/p>\n<p class=\"MsoNormal\"><img loading=\"lazy\" decoding=\"async\" border=\"0\" width=\"1\" height=\"1\" id=\"m_-4621847094980836860_x0000_i1031\" src=\"http:\/\/news1.cenfim.pt\/lists\/ut.php?u=2942beed26a5265d88740a18d13f5bb2&amp;m=666\"><u><\/u><u><\/u><\/p>\n<\/div>\n<\/div>\n<\/div>\n<\/div>\n<\/div>\n<\/div>\n","protected":false},"excerpt":{"rendered":"<p>&#8212;&#8212;&#8212;- Forwarded message &#8212;&#8212;&#8212;De: Cristina Maria Botas &lt;cristina.botas@cenfim.pt&gt;Date: ter\u00e7a, 3\/09\/2024 \u00e0(s) 12:17Subject: 3\u00ba Semin\u00e1rio (trans)FORMAR &#8211; Intelig\u00eancia artificial vs Intelig\u00eancia&hellip; <a class=\"continue\" href=\"https:\/\/aesia.pt\/portal\/fwd-3o-seminario-transformar-inteligencia-artificial-vs-inteligencia-emocional-que-equilibrio\/\">Ler mais<span> 3\u00ba Semin\u00e1rio (trans)FORMAR &#8211; Intelig\u00eancia artificial vs Intelig\u00eancia emocional &#8211; Que equil\u00edbrio?<\/span><\/a><\/p>\n","protected":false},"author":8,"featured_media":12682,"comment_status":"closed","ping_status":"closed","sticky":false,"template":"","format":"standard","meta":{"_acf_changed":false,"footnotes":""},"categories":[56],"tags":[],"class_list":["post-12681","post","type-post","status-publish","format-standard","has-post-thumbnail","hentry","category-formacao"],"acf":[],"yoast_head":"<!-- This site is optimized with the Yoast SEO plugin v27.4 - https:\/\/yoast.com\/product\/yoast-seo-wordpress\/ -->\n<title>Fwd: 3\u00ba Semin\u00e1rio (trans)FORMAR - Intelig\u00eancia artificial vs Intelig\u00eancia emocional - Que equil\u00edbrio? &#8211; AESIA<\/title>\n<meta name=\"robots\" content=\"index, follow, max-snippet:-1, max-image-preview:large, max-video-preview:-1\" \/>\n<link rel=\"canonical\" href=\"https:\/\/aesia.pt\/portal\/fwd-3o-seminario-transformar-inteligencia-artificial-vs-inteligencia-emocional-que-equilibrio\/\" \/>\n<meta property=\"og:locale\" content=\"pt_PT\" \/>\n<meta property=\"og:type\" content=\"article\" \/>\n<meta property=\"og:title\" content=\"Fwd: 3\u00ba Semin\u00e1rio (trans)FORMAR - Intelig\u00eancia artificial vs Intelig\u00eancia emocional - Que equil\u00edbrio? &#8211; AESIA\" \/>\n<meta property=\"og:description\" content=\"&#8212;&#8212;&#8212;- Forwarded message &#8212;&#8212;&#8212;De: Cristina Maria Botas &lt;cristina.botas@cenfim.pt&gt;Date: ter\u00e7a, 3\/09\/2024 \u00e0(s) 12:17Subject: 3\u00ba Semin\u00e1rio (trans)FORMAR &#8211; Intelig\u00eancia artificial vs Intelig\u00eancia&hellip; Ler mais 3\u00ba Semin\u00e1rio (trans)FORMAR &#8211; Intelig\u00eancia artificial vs Intelig\u00eancia emocional &#8211; Que equil\u00edbrio?\" \/>\n<meta property=\"og:url\" content=\"https:\/\/aesia.pt\/portal\/fwd-3o-seminario-transformar-inteligencia-artificial-vs-inteligencia-emocional-que-equilibrio\/\" \/>\n<meta property=\"og:site_name\" content=\"AESIA\" \/>\n<meta property=\"article:publisher\" content=\"https:\/\/www.facebook.com\/aesia.pt\/\" \/>\n<meta property=\"article:published_time\" content=\"2024-09-03T14:06:31+00:00\" \/>\n<meta property=\"og:image\" content=\"https:\/\/aesia.pt\/portal\/wp-content\/uploads\/2024\/09\/powerphplist.png\" \/>\n\t<meta property=\"og:image:width\" content=\"75\" \/>\n\t<meta property=\"og:image:height\" content=\"33\" \/>\n\t<meta property=\"og:image:type\" content=\"image\/png\" \/>\n<meta name=\"author\" content=\"Ivo Cardoso\" \/>\n<meta name=\"twitter:card\" content=\"summary_large_image\" \/>\n<meta name=\"twitter:label1\" content=\"Escrito por\" \/>\n\t<meta name=\"twitter:data1\" content=\"Ivo Cardoso\" \/>\n\t<meta name=\"twitter:label2\" content=\"Tempo estimado de leitura\" \/>\n\t<meta name=\"twitter:data2\" content=\"3 minutos\" \/>\n<script type=\"application\/ld+json\" class=\"yoast-schema-graph\">{\"@context\":\"https:\\\/\\\/schema.org\",\"@graph\":[{\"@type\":\"Article\",\"@id\":\"https:\\\/\\\/aesia.pt\\\/portal\\\/fwd-3o-seminario-transformar-inteligencia-artificial-vs-inteligencia-emocional-que-equilibrio\\\/#article\",\"isPartOf\":{\"@id\":\"https:\\\/\\\/aesia.pt\\\/portal\\\/fwd-3o-seminario-transformar-inteligencia-artificial-vs-inteligencia-emocional-que-equilibrio\\\/\"},\"author\":{\"name\":\"Ivo Cardoso\",\"@id\":\"https:\\\/\\\/aesia.pt\\\/portal\\\/#\\\/schema\\\/person\\\/8961c6287f9d82fe320fba91b3e2e991\"},\"headline\":\"3\u00ba Semin\u00e1rio (trans)FORMAR &#8211; Intelig\u00eancia artificial vs Intelig\u00eancia emocional &#8211; Que equil\u00edbrio?\",\"datePublished\":\"2024-09-03T14:06:31+00:00\",\"mainEntityOfPage\":{\"@id\":\"https:\\\/\\\/aesia.pt\\\/portal\\\/fwd-3o-seminario-transformar-inteligencia-artificial-vs-inteligencia-emocional-que-equilibrio\\\/\"},\"wordCount\":528,\"publisher\":{\"@id\":\"https:\\\/\\\/aesia.pt\\\/portal\\\/#organization\"},\"image\":{\"@id\":\"https:\\\/\\\/aesia.pt\\\/portal\\\/fwd-3o-seminario-transformar-inteligencia-artificial-vs-inteligencia-emocional-que-equilibrio\\\/#primaryimage\"},\"thumbnailUrl\":\"https:\\\/\\\/aesia.pt\\\/portal\\\/wp-content\\\/uploads\\\/2024\\\/09\\\/powerphplist.png\",\"articleSection\":[\"Forma\u00e7\u00e3o\"],\"inLanguage\":\"pt-PT\"},{\"@type\":\"WebPage\",\"@id\":\"https:\\\/\\\/aesia.pt\\\/portal\\\/fwd-3o-seminario-transformar-inteligencia-artificial-vs-inteligencia-emocional-que-equilibrio\\\/\",\"url\":\"https:\\\/\\\/aesia.pt\\\/portal\\\/fwd-3o-seminario-transformar-inteligencia-artificial-vs-inteligencia-emocional-que-equilibrio\\\/\",\"name\":\"Fwd: 3\u00ba Semin\u00e1rio (trans)FORMAR - Intelig\u00eancia artificial vs Intelig\u00eancia emocional - Que equil\u00edbrio? &#8211; AESIA\",\"isPartOf\":{\"@id\":\"https:\\\/\\\/aesia.pt\\\/portal\\\/#website\"},\"primaryImageOfPage\":{\"@id\":\"https:\\\/\\\/aesia.pt\\\/portal\\\/fwd-3o-seminario-transformar-inteligencia-artificial-vs-inteligencia-emocional-que-equilibrio\\\/#primaryimage\"},\"image\":{\"@id\":\"https:\\\/\\\/aesia.pt\\\/portal\\\/fwd-3o-seminario-transformar-inteligencia-artificial-vs-inteligencia-emocional-que-equilibrio\\\/#primaryimage\"},\"thumbnailUrl\":\"https:\\\/\\\/aesia.pt\\\/portal\\\/wp-content\\\/uploads\\\/2024\\\/09\\\/powerphplist.png\",\"datePublished\":\"2024-09-03T14:06:31+00:00\",\"breadcrumb\":{\"@id\":\"https:\\\/\\\/aesia.pt\\\/portal\\\/fwd-3o-seminario-transformar-inteligencia-artificial-vs-inteligencia-emocional-que-equilibrio\\\/#breadcrumb\"},\"inLanguage\":\"pt-PT\",\"potentialAction\":[{\"@type\":\"ReadAction\",\"target\":[\"https:\\\/\\\/aesia.pt\\\/portal\\\/fwd-3o-seminario-transformar-inteligencia-artificial-vs-inteligencia-emocional-que-equilibrio\\\/\"]}]},{\"@type\":\"ImageObject\",\"inLanguage\":\"pt-PT\",\"@id\":\"https:\\\/\\\/aesia.pt\\\/portal\\\/fwd-3o-seminario-transformar-inteligencia-artificial-vs-inteligencia-emocional-que-equilibrio\\\/#primaryimage\",\"url\":\"https:\\\/\\\/aesia.pt\\\/portal\\\/wp-content\\\/uploads\\\/2024\\\/09\\\/powerphplist.png\",\"contentUrl\":\"https:\\\/\\\/aesia.pt\\\/portal\\\/wp-content\\\/uploads\\\/2024\\\/09\\\/powerphplist.png\",\"width\":75,\"height\":33},{\"@type\":\"BreadcrumbList\",\"@id\":\"https:\\\/\\\/aesia.pt\\\/portal\\\/fwd-3o-seminario-transformar-inteligencia-artificial-vs-inteligencia-emocional-que-equilibrio\\\/#breadcrumb\",\"itemListElement\":[{\"@type\":\"ListItem\",\"position\":1,\"name\":\"Home\",\"item\":\"https:\\\/\\\/aesia.pt\\\/portal\\\/\"},{\"@type\":\"ListItem\",\"position\":2,\"name\":\"3\u00ba Semin\u00e1rio (trans)FORMAR &#8211; Intelig\u00eancia artificial vs Intelig\u00eancia emocional &#8211; Que equil\u00edbrio?\"}]},{\"@type\":\"WebSite\",\"@id\":\"https:\\\/\\\/aesia.pt\\\/portal\\\/#website\",\"url\":\"https:\\\/\\\/aesia.pt\\\/portal\\\/\",\"name\":\"AESIA\",\"description\":\"Agrupamento de Escolas de Santa Iria de Az\u00f3ia\",\"publisher\":{\"@id\":\"https:\\\/\\\/aesia.pt\\\/portal\\\/#organization\"},\"alternateName\":\"Agrupamento de Escolas de Santa Iria de Az\u00f3ia\",\"potentialAction\":[{\"@type\":\"SearchAction\",\"target\":{\"@type\":\"EntryPoint\",\"urlTemplate\":\"https:\\\/\\\/aesia.pt\\\/portal\\\/?s={search_term_string}\"},\"query-input\":{\"@type\":\"PropertyValueSpecification\",\"valueRequired\":true,\"valueName\":\"search_term_string\"}}],\"inLanguage\":\"pt-PT\"},{\"@type\":\"Organization\",\"@id\":\"https:\\\/\\\/aesia.pt\\\/portal\\\/#organization\",\"name\":\"Agrupamento de Escolas de Santa Iria de Az\u00f3ia\",\"alternateName\":\"AESIA\",\"url\":\"https:\\\/\\\/aesia.pt\\\/portal\\\/\",\"logo\":{\"@type\":\"ImageObject\",\"inLanguage\":\"pt-PT\",\"@id\":\"https:\\\/\\\/aesia.pt\\\/portal\\\/#\\\/schema\\\/logo\\\/image\\\/\",\"url\":\"https:\\\/\\\/aesia.pt\\\/portal\\\/wp-content\\\/uploads\\\/2023\\\/04\\\/logo4.png\",\"contentUrl\":\"https:\\\/\\\/aesia.pt\\\/portal\\\/wp-content\\\/uploads\\\/2023\\\/04\\\/logo4.png\",\"width\":162,\"height\":162,\"caption\":\"Agrupamento de Escolas de Santa Iria de Az\u00f3ia\"},\"image\":{\"@id\":\"https:\\\/\\\/aesia.pt\\\/portal\\\/#\\\/schema\\\/logo\\\/image\\\/\"},\"sameAs\":[\"https:\\\/\\\/www.facebook.com\\\/aesia.pt\\\/\"]},{\"@type\":\"Person\",\"@id\":\"https:\\\/\\\/aesia.pt\\\/portal\\\/#\\\/schema\\\/person\\\/8961c6287f9d82fe320fba91b3e2e991\",\"name\":\"Ivo Cardoso\",\"image\":{\"@type\":\"ImageObject\",\"inLanguage\":\"pt-PT\",\"@id\":\"https:\\\/\\\/secure.gravatar.com\\\/avatar\\\/b1503fafbe5678f3cfddd3fb093fcb636cd9a58fe5db5256d219059582e42c16?s=96&d=mm&r=g\",\"url\":\"https:\\\/\\\/secure.gravatar.com\\\/avatar\\\/b1503fafbe5678f3cfddd3fb093fcb636cd9a58fe5db5256d219059582e42c16?s=96&d=mm&r=g\",\"contentUrl\":\"https:\\\/\\\/secure.gravatar.com\\\/avatar\\\/b1503fafbe5678f3cfddd3fb093fcb636cd9a58fe5db5256d219059582e42c16?s=96&d=mm&r=g\",\"caption\":\"Ivo Cardoso\"},\"sameAs\":[\"http:\\\/\\\/aesia.pt\"],\"url\":\"https:\\\/\\\/aesia.pt\\\/portal\\\/author\\\/ivo-cardosoaesia-pt\\\/\"}]}<\/script>\n<!-- \/ Yoast SEO plugin. -->","yoast_head_json":{"title":"Fwd: 3\u00ba Semin\u00e1rio (trans)FORMAR - Intelig\u00eancia artificial vs Intelig\u00eancia emocional - Que equil\u00edbrio? &#8211; AESIA","robots":{"index":"index","follow":"follow","max-snippet":"max-snippet:-1","max-image-preview":"max-image-preview:large","max-video-preview":"max-video-preview:-1"},"canonical":"https:\/\/aesia.pt\/portal\/fwd-3o-seminario-transformar-inteligencia-artificial-vs-inteligencia-emocional-que-equilibrio\/","og_locale":"pt_PT","og_type":"article","og_title":"Fwd: 3\u00ba Semin\u00e1rio (trans)FORMAR - Intelig\u00eancia artificial vs Intelig\u00eancia emocional - Que equil\u00edbrio? &#8211; AESIA","og_description":"&#8212;&#8212;&#8212;- Forwarded message &#8212;&#8212;&#8212;De: Cristina Maria Botas &lt;cristina.botas@cenfim.pt&gt;Date: ter\u00e7a, 3\/09\/2024 \u00e0(s) 12:17Subject: 3\u00ba Semin\u00e1rio (trans)FORMAR &#8211; Intelig\u00eancia artificial vs Intelig\u00eancia&hellip; Ler mais 3\u00ba Semin\u00e1rio (trans)FORMAR &#8211; Intelig\u00eancia artificial vs Intelig\u00eancia emocional &#8211; Que equil\u00edbrio?","og_url":"https:\/\/aesia.pt\/portal\/fwd-3o-seminario-transformar-inteligencia-artificial-vs-inteligencia-emocional-que-equilibrio\/","og_site_name":"AESIA","article_publisher":"https:\/\/www.facebook.com\/aesia.pt\/","article_published_time":"2024-09-03T14:06:31+00:00","og_image":[{"width":75,"height":33,"url":"https:\/\/aesia.pt\/portal\/wp-content\/uploads\/2024\/09\/powerphplist.png","type":"image\/png"}],"author":"Ivo Cardoso","twitter_card":"summary_large_image","twitter_misc":{"Escrito por":"Ivo Cardoso","Tempo estimado de leitura":"3 minutos"},"schema":{"@context":"https:\/\/schema.org","@graph":[{"@type":"Article","@id":"https:\/\/aesia.pt\/portal\/fwd-3o-seminario-transformar-inteligencia-artificial-vs-inteligencia-emocional-que-equilibrio\/#article","isPartOf":{"@id":"https:\/\/aesia.pt\/portal\/fwd-3o-seminario-transformar-inteligencia-artificial-vs-inteligencia-emocional-que-equilibrio\/"},"author":{"name":"Ivo Cardoso","@id":"https:\/\/aesia.pt\/portal\/#\/schema\/person\/8961c6287f9d82fe320fba91b3e2e991"},"headline":"3\u00ba Semin\u00e1rio (trans)FORMAR &#8211; Intelig\u00eancia artificial vs Intelig\u00eancia emocional &#8211; Que equil\u00edbrio?","datePublished":"2024-09-03T14:06:31+00:00","mainEntityOfPage":{"@id":"https:\/\/aesia.pt\/portal\/fwd-3o-seminario-transformar-inteligencia-artificial-vs-inteligencia-emocional-que-equilibrio\/"},"wordCount":528,"publisher":{"@id":"https:\/\/aesia.pt\/portal\/#organization"},"image":{"@id":"https:\/\/aesia.pt\/portal\/fwd-3o-seminario-transformar-inteligencia-artificial-vs-inteligencia-emocional-que-equilibrio\/#primaryimage"},"thumbnailUrl":"https:\/\/aesia.pt\/portal\/wp-content\/uploads\/2024\/09\/powerphplist.png","articleSection":["Forma\u00e7\u00e3o"],"inLanguage":"pt-PT"},{"@type":"WebPage","@id":"https:\/\/aesia.pt\/portal\/fwd-3o-seminario-transformar-inteligencia-artificial-vs-inteligencia-emocional-que-equilibrio\/","url":"https:\/\/aesia.pt\/portal\/fwd-3o-seminario-transformar-inteligencia-artificial-vs-inteligencia-emocional-que-equilibrio\/","name":"Fwd: 3\u00ba Semin\u00e1rio (trans)FORMAR - Intelig\u00eancia artificial vs Intelig\u00eancia emocional - Que equil\u00edbrio? &#8211; AESIA","isPartOf":{"@id":"https:\/\/aesia.pt\/portal\/#website"},"primaryImageOfPage":{"@id":"https:\/\/aesia.pt\/portal\/fwd-3o-seminario-transformar-inteligencia-artificial-vs-inteligencia-emocional-que-equilibrio\/#primaryimage"},"image":{"@id":"https:\/\/aesia.pt\/portal\/fwd-3o-seminario-transformar-inteligencia-artificial-vs-inteligencia-emocional-que-equilibrio\/#primaryimage"},"thumbnailUrl":"https:\/\/aesia.pt\/portal\/wp-content\/uploads\/2024\/09\/powerphplist.png","datePublished":"2024-09-03T14:06:31+00:00","breadcrumb":{"@id":"https:\/\/aesia.pt\/portal\/fwd-3o-seminario-transformar-inteligencia-artificial-vs-inteligencia-emocional-que-equilibrio\/#breadcrumb"},"inLanguage":"pt-PT","potentialAction":[{"@type":"ReadAction","target":["https:\/\/aesia.pt\/portal\/fwd-3o-seminario-transformar-inteligencia-artificial-vs-inteligencia-emocional-que-equilibrio\/"]}]},{"@type":"ImageObject","inLanguage":"pt-PT","@id":"https:\/\/aesia.pt\/portal\/fwd-3o-seminario-transformar-inteligencia-artificial-vs-inteligencia-emocional-que-equilibrio\/#primaryimage","url":"https:\/\/aesia.pt\/portal\/wp-content\/uploads\/2024\/09\/powerphplist.png","contentUrl":"https:\/\/aesia.pt\/portal\/wp-content\/uploads\/2024\/09\/powerphplist.png","width":75,"height":33},{"@type":"BreadcrumbList","@id":"https:\/\/aesia.pt\/portal\/fwd-3o-seminario-transformar-inteligencia-artificial-vs-inteligencia-emocional-que-equilibrio\/#breadcrumb","itemListElement":[{"@type":"ListItem","position":1,"name":"Home","item":"https:\/\/aesia.pt\/portal\/"},{"@type":"ListItem","position":2,"name":"3\u00ba Semin\u00e1rio (trans)FORMAR &#8211; Intelig\u00eancia artificial vs Intelig\u00eancia emocional &#8211; Que equil\u00edbrio?"}]},{"@type":"WebSite","@id":"https:\/\/aesia.pt\/portal\/#website","url":"https:\/\/aesia.pt\/portal\/","name":"AESIA","description":"Agrupamento de Escolas de Santa Iria de Az\u00f3ia","publisher":{"@id":"https:\/\/aesia.pt\/portal\/#organization"},"alternateName":"Agrupamento de Escolas de Santa Iria de Az\u00f3ia","potentialAction":[{"@type":"SearchAction","target":{"@type":"EntryPoint","urlTemplate":"https:\/\/aesia.pt\/portal\/?s={search_term_string}"},"query-input":{"@type":"PropertyValueSpecification","valueRequired":true,"valueName":"search_term_string"}}],"inLanguage":"pt-PT"},{"@type":"Organization","@id":"https:\/\/aesia.pt\/portal\/#organization","name":"Agrupamento de Escolas de Santa Iria de Az\u00f3ia","alternateName":"AESIA","url":"https:\/\/aesia.pt\/portal\/","logo":{"@type":"ImageObject","inLanguage":"pt-PT","@id":"https:\/\/aesia.pt\/portal\/#\/schema\/logo\/image\/","url":"https:\/\/aesia.pt\/portal\/wp-content\/uploads\/2023\/04\/logo4.png","contentUrl":"https:\/\/aesia.pt\/portal\/wp-content\/uploads\/2023\/04\/logo4.png","width":162,"height":162,"caption":"Agrupamento de Escolas de Santa Iria de Az\u00f3ia"},"image":{"@id":"https:\/\/aesia.pt\/portal\/#\/schema\/logo\/image\/"},"sameAs":["https:\/\/www.facebook.com\/aesia.pt\/"]},{"@type":"Person","@id":"https:\/\/aesia.pt\/portal\/#\/schema\/person\/8961c6287f9d82fe320fba91b3e2e991","name":"Ivo Cardoso","image":{"@type":"ImageObject","inLanguage":"pt-PT","@id":"https:\/\/secure.gravatar.com\/avatar\/b1503fafbe5678f3cfddd3fb093fcb636cd9a58fe5db5256d219059582e42c16?s=96&d=mm&r=g","url":"https:\/\/secure.gravatar.com\/avatar\/b1503fafbe5678f3cfddd3fb093fcb636cd9a58fe5db5256d219059582e42c16?s=96&d=mm&r=g","contentUrl":"https:\/\/secure.gravatar.com\/avatar\/b1503fafbe5678f3cfddd3fb093fcb636cd9a58fe5db5256d219059582e42c16?s=96&d=mm&r=g","caption":"Ivo Cardoso"},"sameAs":["http:\/\/aesia.pt"],"url":"https:\/\/aesia.pt\/portal\/author\/ivo-cardosoaesia-pt\/"}]}},"_links":{"self":[{"href":"https:\/\/aesia.pt\/portal\/wp-json\/wp\/v2\/posts\/12681","targetHints":{"allow":["GET"]}}],"collection":[{"href":"https:\/\/aesia.pt\/portal\/wp-json\/wp\/v2\/posts"}],"about":[{"href":"https:\/\/aesia.pt\/portal\/wp-json\/wp\/v2\/types\/post"}],"author":[{"embeddable":true,"href":"https:\/\/aesia.pt\/portal\/wp-json\/wp\/v2\/users\/8"}],"replies":[{"embeddable":true,"href":"https:\/\/aesia.pt\/portal\/wp-json\/wp\/v2\/comments?post=12681"}],"version-history":[{"count":0,"href":"https:\/\/aesia.pt\/portal\/wp-json\/wp\/v2\/posts\/12681\/revisions"}],"wp:featuredmedia":[{"embeddable":true,"href":"https:\/\/aesia.pt\/portal\/wp-json\/wp\/v2\/media\/12682"}],"wp:attachment":[{"href":"https:\/\/aesia.pt\/portal\/wp-json\/wp\/v2\/media?parent=12681"}],"wp:term":[{"taxonomy":"category","embeddable":true,"href":"https:\/\/aesia.pt\/portal\/wp-json\/wp\/v2\/categories?post=12681"},{"taxonomy":"post_tag","embeddable":true,"href":"https:\/\/aesia.pt\/portal\/wp-json\/wp\/v2\/tags?post=12681"}],"curies":[{"name":"wp","href":"https:\/\/api.w.org\/{rel}","templated":true}]}}