{"id":10535,"date":"2024-02-19T22:06:21","date_gmt":"2024-02-19T22:06:21","guid":{"rendered":"https:\/\/aesia.pt\/portal\/?p=10535"},"modified":"2024-02-19T22:06:21","modified_gmt":"2024-02-19T22:06:21","slug":"fwd-ultimas-inscricoes-curso-pos-graduado-acreditado-pelo-ccpfc-educacao-especial-dominio-da-audicao-e-surdez-2a-edicao","status":"publish","type":"post","link":"https:\/\/aesia.pt\/portal\/fwd-ultimas-inscricoes-curso-pos-graduado-acreditado-pelo-ccpfc-educacao-especial-dominio-da-audicao-e-surdez-2a-edicao\/","title":{"rendered":"\u00daLTIMAS INSCRI\u00c7\u00d5ES: Curso p\u00f3s-graduado acreditado pelo CCPFC &#8211; Educa\u00e7\u00e3o Especial: Dom\u00ednio da Audi\u00e7\u00e3o e Surdez (2\u00aa edi\u00e7\u00e3o)"},"content":{"rendered":"<div class=\"postie-post\">\n<div dir=\"ltr\">\n<div class=\"gmail_quote\">\n<div dir=\"ltr\" class=\"gmail_attr\">&#8212;&#8212;&#8212;- Forwarded message &#8212;&#8212;&#8212;<br \/>De: <strong class=\"gmail_sendername\" dir=\"auto\">ISEIT Viseu<\/strong> <span dir=\"auto\">&lt;<a href=\"mailto:iseit.viseu@ipiaget.pt\"><a href=\"mailto:iseit.viseu@ipiaget.pt\" >iseit.viseu@ipiaget.pt<\/a><\/a>&gt;<\/span><br \/>Date: segunda, 19\/02\/2024 \u00e0(s) 20:01<br \/>Subject: \u00daLTIMAS INSCRI\u00c7\u00d5ES: Curso p\u00f3s-graduado acreditado pelo CCPFC &#8211; Educa\u00e7\u00e3o Especial: Dom\u00ednio da Audi\u00e7\u00e3o e Surdez (2\u00aa edi\u00e7\u00e3o)<br \/>To: <\/div>\n<div class=\"msg-6593148505850431216\">\n<div lang=\"PT\" link=\"#0563C1\" vlink=\"#954F72\" style=\"word-wrap:break-word\">\n<div class=\"m_8732545472236651300WordSection1\">\n<p class=\"MsoNormal\" style=\"text-align:justify\"><span>Exmos(as). Senhores(as),<\/span><span style=\"font-size:12.0pt\"><u><\/u><u><\/u><\/span><\/p>\n<p class=\"MsoNormal\" style=\"text-align:justify;background:white\">\n<span style=\"color:black;border:none windowtext 1.0pt;padding:0cm\">Serve o presente para informar que est\u00e3o abertas as inscri\u00e7\u00f5es para a 2\u00aa edi\u00e7\u00e3o do<br \/>\n<b>curso p\u00f3s-graduado na modalidade<i> b-learning<\/i><\/b>, <b>acreditado pelo CCPFC<\/b><\/span><span style=\"color:#1f497d;border:none windowtext 1.0pt;padding:0cm\">,<br \/>\n<\/span><span style=\"color:black;border:none windowtext 1.0pt;padding:0cm\">conforme informa\u00e7\u00e3o infra.<\/span><span><u><\/u><u><\/u><\/span><\/p>\n<p class=\"MsoNormal\" style=\"text-align:justify;background:white\">\n<span style=\"color:black;border:none windowtext 1.0pt;padding:0cm\">Muito agradecemos a possibilidade de divulga\u00e7\u00e3o, junto dos V\/ Professores e Educadores.<\/span><span style=\"border:none windowtext 1.0pt;padding:0cm\"><u><\/u><u><\/u><\/span><\/p>\n<p class=\"MsoNormal\" align=\"center\" style=\"text-align:center\"><span><img loading=\"lazy\" decoding=\"async\" width=\"471\" height=\"370\" style=\"width:4.9083in;height:3.8583in\" id=\"m_8732545472236651300Imagem_x0020_2\" src=\"https:\/\/aesia.pt\/portal\/wp-content\/uploads\/2024\/02\/image001.jpg\"><\/span><u><\/u><u><\/u><\/p>\n<p class=\"MsoNormal\"><u><\/u>\u00a0<u><\/u><\/p>\n<p class=\"MsoNormal\" style=\"text-autospace:none\"><span><u><\/u>\u00a0<u><\/u><\/span><\/p>\n<ul style=\"margin-top:0cm\" type=\"disc\">\n<li class=\"MsoNormal\" style=\"text-autospace:none\"><span style=\"font-size:12.0pt;color:black\"><a href=\"https:\/\/ipiaget.org\/pos-graduacoes\/educacao-especial-dominio-da-audicao-e-surdez\/\" target=\"_blank\" rel=\"noopener\">Educa\u00e7\u00e3o Especial: Dom\u00ednio da<br \/>\n Audi\u00e7\u00e3o e Surdez<\/a> <\/span><span style=\"font-size:11.5pt;color:black\">releva para a progress\u00e3o em carreira de Professores do grupo 920<\/span><span style=\"font-size:11.5pt;color:#1f497d\">,<br \/>\n<\/span><span style=\"font-size:11.5pt\">com R<\/span><span style=\"font-size:10.5pt;font-family:\"Segoe UI\",sans-serif;color:black;background:white\">egisto de Acredita\u00e7\u00e3o para o ano letivo 2023\/2024: CCPFC\/CFE-3705\/23.<\/span><span style=\"font-size:12.0pt\"><u><\/u><u><\/u><\/span><\/li>\n<\/ul>\n<p class=\"MsoNormal\" style=\"text-autospace:none\"><span style=\"font-size:12.0pt\"><u><\/u>\u00a0<u><\/u><\/span><\/p>\n<p class=\"MsoNormal\" style=\"text-autospace:none\"><span style=\"font-size:11.5pt;color:black\">O regime de funcionamento dos cursos \u00e9<br \/>\n<b><i>b-learning<\/i><\/b>, 6<\/span><span style=\"font-size:11.5pt\">5<span style=\"color:black\">% em regime online e 3<\/span>5<span style=\"color:black\">% na modalidade presencial. As aulas s\u00e3o realizadas com o recurso \u00e0 plataforma Teams.<br \/>\n<u><\/u><u><\/u><\/span><\/span><\/p>\n<p class=\"MsoNormal\" style=\"text-autospace:none\"><span style=\"font-size:11.5pt;color:black\"><u><\/u>\u00a0<u><\/u><\/span><\/p>\n<p class=\"MsoNormal\" style=\"text-autospace:none\"><span style=\"font-size:11.5pt;color:black\">Candidaturas abertas em:<br \/>\n<\/span><span style=\"font-size:11.5pt;color:blue\"><a href=\"https:\/\/ipiaget.org\/pos-graduacoes\/educacao-especial-dominio-da-audicao-e-surdez\/\" target=\"_blank\" rel=\"noopener\">https:\/\/ipiaget.org\/pos-graduacoes\/educacao-especial-dominio-da-audicao-e-surdez\/<\/a><u><\/u><u><\/u><\/span><\/p>\n<p class=\"MsoNormal\" style=\"text-autospace:none\"><span style=\"font-size:11.5pt;color:black\"><u><\/u>\u00a0<u><\/u><\/span><\/p>\n<p class=\"MsoNormal\" style=\"text-autospace:none\"><span style=\"font-size:11.5pt;color:black\">Para informa\u00e7\u00f5es ou esclarecimentos adicionais, por favor contactar:<br \/>\n<u><\/u><u><\/u><\/span><\/p>\n<p class=\"MsoNormal\" style=\"text-autospace:none\"><i><span style=\"font-size:11.5pt;color:black\">Mail<\/span><\/i><span style=\"font-size:11.5pt;color:black\">:<br \/>\n<\/span><span style=\"font-size:11.5pt;color:blue\"><a href=\"mailto:sa.viseu@ipiaget.pt\" target=\"_blank\" rel=\"noopener\"><a href=\"mailto:sa.viseu@ipiaget.pt\" >sa.viseu@ipiaget.pt<\/a><\/a><\/span><span style=\"font-size:11.5pt\"><br \/>\n<span style=\"color:blue\">\u00a0<u><\/u><u><\/u><\/span><\/span><\/p>\n<p class=\"MsoNormal\"><span style=\"font-size:11.5pt\">T: 232 910\u00a0100<u><\/u><u><\/u><\/span><\/p>\n<p class=\"MsoNormal\"><span><u><\/u>\u00a0<u><\/u><\/span><\/p>\n<p class=\"MsoNormal\"><span>Com os melhores cumprimentos,<u><\/u><u><\/u><\/span><\/p>\n<p class=\"MsoNormal\"><u><\/u>\u00a0<u><\/u><\/p>\n<div>\n<div>\n<div>\n<p class=\"MsoNormal\" style=\"background:white\"><b><span style=\"color:black\">ISEIT<\/span><\/b><span style=\"color:#201f1e\"><u><\/u><u><\/u><\/span><\/p>\n<p class=\"MsoNormal\" style=\"background:white\"><i><span style=\"font-size:10.5pt;color:black\">Campus<\/span><\/i><span style=\"font-size:10.5pt;color:black\"> Universit\u00e1rio de Viseu<\/span><span style=\"color:#201f1e\"><u><\/u><u><\/u><\/span><\/p>\n<p class=\"MsoNormal\" style=\"background:white\"><span style=\"font-size:5.0pt;color:black\">\u00a0<\/span><span style=\"color:#201f1e\"><u><\/u><u><\/u><\/span><\/p>\n<div>\n<p class=\"MsoNormal\" style=\"background:white\"><span style=\"color:black\"><img loading=\"lazy\" decoding=\"async\" border=\"0\" width=\"202\" height=\"53\" style=\"width:2.1in;height:.55in\" id=\"m_8732545472236651300Imagem_x0020_1\" src=\"https:\/\/aesia.pt\/portal\/wp-content\/uploads\/2024\/02\/image002.png\"><\/span><span style=\"color:#201f1e\"><u><\/u><u><\/u><\/span><\/p>\n<\/div>\n<p class=\"MsoNormal\" style=\"background:white\"><span style=\"font-size:5.0pt;font-family:\"Helvetica Neue\";color:black\">\u00a0<\/span><span style=\"color:#201f1e\"><u><\/u><u><\/u><\/span><\/p>\n<p class=\"MsoNormal\" style=\"background:white\"><span style=\"font-size:10.5pt;color:black\">+351 232 910 100 \/\/\u00a0<a href=\"http:\/\/www.ipiaget.org\/\" target=\"_blank\" rel=\"noopener\">www.ipiaget.org<\/a><\/span><span><u><\/u><u><\/u><\/span><\/p>\n<\/div>\n<\/div>\n<\/div>\n<p class=\"MsoNormal\"><u><\/u>\u00a0<u><\/u><\/p>\n<\/div>\n<\/div>\n<\/div>\n<\/div>\n<\/div>\n<\/div>\n","protected":false},"excerpt":{"rendered":"<p>&#8212;&#8212;&#8212;- Forwarded message &#8212;&#8212;&#8212;De: ISEIT Viseu &lt;iseit.viseu@ipiaget.pt&gt;Date: segunda, 19\/02\/2024 \u00e0(s) 20:01Subject: \u00daLTIMAS INSCRI\u00c7\u00d5ES: Curso p\u00f3s-graduado acreditado pelo CCPFC &#8211; Educa\u00e7\u00e3o&hellip; <a class=\"continue\" href=\"https:\/\/aesia.pt\/portal\/fwd-ultimas-inscricoes-curso-pos-graduado-acreditado-pelo-ccpfc-educacao-especial-dominio-da-audicao-e-surdez-2a-edicao\/\">Ler mais<span> \u00daLTIMAS INSCRI\u00c7\u00d5ES: Curso p\u00f3s-graduado acreditado pelo CCPFC &#8211; Educa\u00e7\u00e3o Especial: Dom\u00ednio da Audi\u00e7\u00e3o e Surdez (2\u00aa edi\u00e7\u00e3o)<\/span><\/a><\/p>\n","protected":false},"author":8,"featured_media":10536,"comment_status":"closed","ping_status":"closed","sticky":false,"template":"","format":"standard","meta":{"_acf_changed":false,"footnotes":""},"categories":[56],"tags":[],"class_list":["post-10535","post","type-post","status-publish","format-standard","has-post-thumbnail","hentry","category-formacao"],"acf":[],"yoast_head":"<!-- This site is optimized with the Yoast SEO plugin v27.5 - https:\/\/yoast.com\/product\/yoast-seo-wordpress\/ -->\n<title>Fwd: \u00daLTIMAS INSCRI\u00c7\u00d5ES: Curso p\u00f3s-graduado acreditado pelo CCPFC - Educa\u00e7\u00e3o Especial: Dom\u00ednio da Audi\u00e7\u00e3o e Surdez (2\u00aa edi\u00e7\u00e3o) &#8211; AESIA<\/title>\n<meta name=\"robots\" content=\"index, follow, max-snippet:-1, max-image-preview:large, max-video-preview:-1\" \/>\n<link rel=\"canonical\" href=\"https:\/\/aesia.pt\/portal\/fwd-ultimas-inscricoes-curso-pos-graduado-acreditado-pelo-ccpfc-educacao-especial-dominio-da-audicao-e-surdez-2a-edicao\/\" \/>\n<meta property=\"og:locale\" content=\"pt_PT\" \/>\n<meta property=\"og:type\" content=\"article\" \/>\n<meta property=\"og:title\" content=\"Fwd: \u00daLTIMAS INSCRI\u00c7\u00d5ES: Curso p\u00f3s-graduado acreditado pelo CCPFC - Educa\u00e7\u00e3o Especial: Dom\u00ednio da Audi\u00e7\u00e3o e Surdez (2\u00aa edi\u00e7\u00e3o) &#8211; AESIA\" \/>\n<meta property=\"og:description\" content=\"&#8212;&#8212;&#8212;- Forwarded message &#8212;&#8212;&#8212;De: ISEIT Viseu &lt;iseit.viseu@ipiaget.pt&gt;Date: segunda, 19\/02\/2024 \u00e0(s) 20:01Subject: \u00daLTIMAS INSCRI\u00c7\u00d5ES: Curso p\u00f3s-graduado acreditado pelo CCPFC &#8211; Educa\u00e7\u00e3o&hellip; Ler mais \u00daLTIMAS INSCRI\u00c7\u00d5ES: Curso p\u00f3s-graduado acreditado pelo CCPFC &#8211; Educa\u00e7\u00e3o Especial: Dom\u00ednio da Audi\u00e7\u00e3o e Surdez (2\u00aa edi\u00e7\u00e3o)\" \/>\n<meta property=\"og:url\" content=\"https:\/\/aesia.pt\/portal\/fwd-ultimas-inscricoes-curso-pos-graduado-acreditado-pelo-ccpfc-educacao-especial-dominio-da-audicao-e-surdez-2a-edicao\/\" \/>\n<meta property=\"og:site_name\" content=\"AESIA\" \/>\n<meta property=\"article:publisher\" content=\"https:\/\/www.facebook.com\/aesia.pt\/\" \/>\n<meta property=\"article:published_time\" content=\"2024-02-19T22:06:21+00:00\" \/>\n<meta property=\"og:image\" content=\"https:\/\/aesia.pt\/portal\/wp-content\/uploads\/2024\/02\/image001.jpg\" \/>\n\t<meta property=\"og:image:width\" content=\"471\" \/>\n\t<meta property=\"og:image:height\" content=\"370\" \/>\n\t<meta property=\"og:image:type\" content=\"image\/jpeg\" \/>\n<meta name=\"author\" content=\"Ivo Cardoso\" \/>\n<meta name=\"twitter:card\" content=\"summary_large_image\" \/>\n<meta name=\"twitter:label1\" content=\"Escrito por\" \/>\n\t<meta name=\"twitter:data1\" content=\"Ivo Cardoso\" \/>\n\t<meta name=\"twitter:label2\" content=\"Tempo estimado de leitura\" \/>\n\t<meta name=\"twitter:data2\" content=\"1 minuto\" \/>\n<script type=\"application\/ld+json\" class=\"yoast-schema-graph\">{\"@context\":\"https:\\\/\\\/schema.org\",\"@graph\":[{\"@type\":\"Article\",\"@id\":\"https:\\\/\\\/aesia.pt\\\/portal\\\/fwd-ultimas-inscricoes-curso-pos-graduado-acreditado-pelo-ccpfc-educacao-especial-dominio-da-audicao-e-surdez-2a-edicao\\\/#article\",\"isPartOf\":{\"@id\":\"https:\\\/\\\/aesia.pt\\\/portal\\\/fwd-ultimas-inscricoes-curso-pos-graduado-acreditado-pelo-ccpfc-educacao-especial-dominio-da-audicao-e-surdez-2a-edicao\\\/\"},\"author\":{\"name\":\"Ivo Cardoso\",\"@id\":\"https:\\\/\\\/aesia.pt\\\/portal\\\/#\\\/schema\\\/person\\\/8961c6287f9d82fe320fba91b3e2e991\"},\"headline\":\"\u00daLTIMAS INSCRI\u00c7\u00d5ES: Curso p\u00f3s-graduado acreditado pelo CCPFC &#8211; Educa\u00e7\u00e3o Especial: Dom\u00ednio da Audi\u00e7\u00e3o e Surdez (2\u00aa edi\u00e7\u00e3o)\",\"datePublished\":\"2024-02-19T22:06:21+00:00\",\"mainEntityOfPage\":{\"@id\":\"https:\\\/\\\/aesia.pt\\\/portal\\\/fwd-ultimas-inscricoes-curso-pos-graduado-acreditado-pelo-ccpfc-educacao-especial-dominio-da-audicao-e-surdez-2a-edicao\\\/\"},\"wordCount\":202,\"publisher\":{\"@id\":\"https:\\\/\\\/aesia.pt\\\/portal\\\/#organization\"},\"image\":{\"@id\":\"https:\\\/\\\/aesia.pt\\\/portal\\\/fwd-ultimas-inscricoes-curso-pos-graduado-acreditado-pelo-ccpfc-educacao-especial-dominio-da-audicao-e-surdez-2a-edicao\\\/#primaryimage\"},\"thumbnailUrl\":\"https:\\\/\\\/aesia.pt\\\/portal\\\/wp-content\\\/uploads\\\/2024\\\/02\\\/image001.jpg\",\"articleSection\":[\"Forma\u00e7\u00e3o\"],\"inLanguage\":\"pt-PT\"},{\"@type\":\"WebPage\",\"@id\":\"https:\\\/\\\/aesia.pt\\\/portal\\\/fwd-ultimas-inscricoes-curso-pos-graduado-acreditado-pelo-ccpfc-educacao-especial-dominio-da-audicao-e-surdez-2a-edicao\\\/\",\"url\":\"https:\\\/\\\/aesia.pt\\\/portal\\\/fwd-ultimas-inscricoes-curso-pos-graduado-acreditado-pelo-ccpfc-educacao-especial-dominio-da-audicao-e-surdez-2a-edicao\\\/\",\"name\":\"Fwd: \u00daLTIMAS INSCRI\u00c7\u00d5ES: Curso p\u00f3s-graduado acreditado pelo CCPFC - Educa\u00e7\u00e3o Especial: Dom\u00ednio da Audi\u00e7\u00e3o e Surdez (2\u00aa edi\u00e7\u00e3o) &#8211; AESIA\",\"isPartOf\":{\"@id\":\"https:\\\/\\\/aesia.pt\\\/portal\\\/#website\"},\"primaryImageOfPage\":{\"@id\":\"https:\\\/\\\/aesia.pt\\\/portal\\\/fwd-ultimas-inscricoes-curso-pos-graduado-acreditado-pelo-ccpfc-educacao-especial-dominio-da-audicao-e-surdez-2a-edicao\\\/#primaryimage\"},\"image\":{\"@id\":\"https:\\\/\\\/aesia.pt\\\/portal\\\/fwd-ultimas-inscricoes-curso-pos-graduado-acreditado-pelo-ccpfc-educacao-especial-dominio-da-audicao-e-surdez-2a-edicao\\\/#primaryimage\"},\"thumbnailUrl\":\"https:\\\/\\\/aesia.pt\\\/portal\\\/wp-content\\\/uploads\\\/2024\\\/02\\\/image001.jpg\",\"datePublished\":\"2024-02-19T22:06:21+00:00\",\"breadcrumb\":{\"@id\":\"https:\\\/\\\/aesia.pt\\\/portal\\\/fwd-ultimas-inscricoes-curso-pos-graduado-acreditado-pelo-ccpfc-educacao-especial-dominio-da-audicao-e-surdez-2a-edicao\\\/#breadcrumb\"},\"inLanguage\":\"pt-PT\",\"potentialAction\":[{\"@type\":\"ReadAction\",\"target\":[\"https:\\\/\\\/aesia.pt\\\/portal\\\/fwd-ultimas-inscricoes-curso-pos-graduado-acreditado-pelo-ccpfc-educacao-especial-dominio-da-audicao-e-surdez-2a-edicao\\\/\"]}]},{\"@type\":\"ImageObject\",\"inLanguage\":\"pt-PT\",\"@id\":\"https:\\\/\\\/aesia.pt\\\/portal\\\/fwd-ultimas-inscricoes-curso-pos-graduado-acreditado-pelo-ccpfc-educacao-especial-dominio-da-audicao-e-surdez-2a-edicao\\\/#primaryimage\",\"url\":\"https:\\\/\\\/aesia.pt\\\/portal\\\/wp-content\\\/uploads\\\/2024\\\/02\\\/image001.jpg\",\"contentUrl\":\"https:\\\/\\\/aesia.pt\\\/portal\\\/wp-content\\\/uploads\\\/2024\\\/02\\\/image001.jpg\",\"width\":471,\"height\":370},{\"@type\":\"BreadcrumbList\",\"@id\":\"https:\\\/\\\/aesia.pt\\\/portal\\\/fwd-ultimas-inscricoes-curso-pos-graduado-acreditado-pelo-ccpfc-educacao-especial-dominio-da-audicao-e-surdez-2a-edicao\\\/#breadcrumb\",\"itemListElement\":[{\"@type\":\"ListItem\",\"position\":1,\"name\":\"Home\",\"item\":\"https:\\\/\\\/aesia.pt\\\/portal\\\/\"},{\"@type\":\"ListItem\",\"position\":2,\"name\":\"\u00daLTIMAS INSCRI\u00c7\u00d5ES: Curso p\u00f3s-graduado acreditado pelo CCPFC &#8211; Educa\u00e7\u00e3o Especial: Dom\u00ednio da Audi\u00e7\u00e3o e Surdez (2\u00aa edi\u00e7\u00e3o)\"}]},{\"@type\":\"WebSite\",\"@id\":\"https:\\\/\\\/aesia.pt\\\/portal\\\/#website\",\"url\":\"https:\\\/\\\/aesia.pt\\\/portal\\\/\",\"name\":\"AESIA\",\"description\":\"Agrupamento de Escolas de Santa Iria de Az\u00f3ia\",\"publisher\":{\"@id\":\"https:\\\/\\\/aesia.pt\\\/portal\\\/#organization\"},\"alternateName\":\"Agrupamento de Escolas de Santa Iria de Az\u00f3ia\",\"potentialAction\":[{\"@type\":\"SearchAction\",\"target\":{\"@type\":\"EntryPoint\",\"urlTemplate\":\"https:\\\/\\\/aesia.pt\\\/portal\\\/?s={search_term_string}\"},\"query-input\":{\"@type\":\"PropertyValueSpecification\",\"valueRequired\":true,\"valueName\":\"search_term_string\"}}],\"inLanguage\":\"pt-PT\"},{\"@type\":\"Organization\",\"@id\":\"https:\\\/\\\/aesia.pt\\\/portal\\\/#organization\",\"name\":\"Agrupamento de Escolas de Santa Iria de Az\u00f3ia\",\"alternateName\":\"AESIA\",\"url\":\"https:\\\/\\\/aesia.pt\\\/portal\\\/\",\"logo\":{\"@type\":\"ImageObject\",\"inLanguage\":\"pt-PT\",\"@id\":\"https:\\\/\\\/aesia.pt\\\/portal\\\/#\\\/schema\\\/logo\\\/image\\\/\",\"url\":\"https:\\\/\\\/aesia.pt\\\/portal\\\/wp-content\\\/uploads\\\/2023\\\/04\\\/logo4.png\",\"contentUrl\":\"https:\\\/\\\/aesia.pt\\\/portal\\\/wp-content\\\/uploads\\\/2023\\\/04\\\/logo4.png\",\"width\":162,\"height\":162,\"caption\":\"Agrupamento de Escolas de Santa Iria de Az\u00f3ia\"},\"image\":{\"@id\":\"https:\\\/\\\/aesia.pt\\\/portal\\\/#\\\/schema\\\/logo\\\/image\\\/\"},\"sameAs\":[\"https:\\\/\\\/www.facebook.com\\\/aesia.pt\\\/\"]},{\"@type\":\"Person\",\"@id\":\"https:\\\/\\\/aesia.pt\\\/portal\\\/#\\\/schema\\\/person\\\/8961c6287f9d82fe320fba91b3e2e991\",\"name\":\"Ivo Cardoso\",\"image\":{\"@type\":\"ImageObject\",\"inLanguage\":\"pt-PT\",\"@id\":\"https:\\\/\\\/secure.gravatar.com\\\/avatar\\\/b1503fafbe5678f3cfddd3fb093fcb636cd9a58fe5db5256d219059582e42c16?s=96&d=mm&r=g\",\"url\":\"https:\\\/\\\/secure.gravatar.com\\\/avatar\\\/b1503fafbe5678f3cfddd3fb093fcb636cd9a58fe5db5256d219059582e42c16?s=96&d=mm&r=g\",\"contentUrl\":\"https:\\\/\\\/secure.gravatar.com\\\/avatar\\\/b1503fafbe5678f3cfddd3fb093fcb636cd9a58fe5db5256d219059582e42c16?s=96&d=mm&r=g\",\"caption\":\"Ivo Cardoso\"},\"sameAs\":[\"http:\\\/\\\/aesia.pt\"],\"url\":\"https:\\\/\\\/aesia.pt\\\/portal\\\/author\\\/ivo-cardosoaesia-pt\\\/\"}]}<\/script>\n<!-- \/ Yoast SEO plugin. -->","yoast_head_json":{"title":"Fwd: \u00daLTIMAS INSCRI\u00c7\u00d5ES: Curso p\u00f3s-graduado acreditado pelo CCPFC - Educa\u00e7\u00e3o Especial: Dom\u00ednio da Audi\u00e7\u00e3o e Surdez (2\u00aa edi\u00e7\u00e3o) &#8211; AESIA","robots":{"index":"index","follow":"follow","max-snippet":"max-snippet:-1","max-image-preview":"max-image-preview:large","max-video-preview":"max-video-preview:-1"},"canonical":"https:\/\/aesia.pt\/portal\/fwd-ultimas-inscricoes-curso-pos-graduado-acreditado-pelo-ccpfc-educacao-especial-dominio-da-audicao-e-surdez-2a-edicao\/","og_locale":"pt_PT","og_type":"article","og_title":"Fwd: \u00daLTIMAS INSCRI\u00c7\u00d5ES: Curso p\u00f3s-graduado acreditado pelo CCPFC - Educa\u00e7\u00e3o Especial: Dom\u00ednio da Audi\u00e7\u00e3o e Surdez (2\u00aa edi\u00e7\u00e3o) &#8211; AESIA","og_description":"&#8212;&#8212;&#8212;- Forwarded message &#8212;&#8212;&#8212;De: ISEIT Viseu &lt;iseit.viseu@ipiaget.pt&gt;Date: segunda, 19\/02\/2024 \u00e0(s) 20:01Subject: \u00daLTIMAS INSCRI\u00c7\u00d5ES: Curso p\u00f3s-graduado acreditado pelo CCPFC &#8211; Educa\u00e7\u00e3o&hellip; Ler mais \u00daLTIMAS INSCRI\u00c7\u00d5ES: Curso p\u00f3s-graduado acreditado pelo CCPFC &#8211; Educa\u00e7\u00e3o Especial: Dom\u00ednio da Audi\u00e7\u00e3o e Surdez (2\u00aa edi\u00e7\u00e3o)","og_url":"https:\/\/aesia.pt\/portal\/fwd-ultimas-inscricoes-curso-pos-graduado-acreditado-pelo-ccpfc-educacao-especial-dominio-da-audicao-e-surdez-2a-edicao\/","og_site_name":"AESIA","article_publisher":"https:\/\/www.facebook.com\/aesia.pt\/","article_published_time":"2024-02-19T22:06:21+00:00","og_image":[{"width":471,"height":370,"url":"https:\/\/aesia.pt\/portal\/wp-content\/uploads\/2024\/02\/image001.jpg","type":"image\/jpeg"}],"author":"Ivo Cardoso","twitter_card":"summary_large_image","twitter_misc":{"Escrito por":"Ivo Cardoso","Tempo estimado de leitura":"1 minuto"},"schema":{"@context":"https:\/\/schema.org","@graph":[{"@type":"Article","@id":"https:\/\/aesia.pt\/portal\/fwd-ultimas-inscricoes-curso-pos-graduado-acreditado-pelo-ccpfc-educacao-especial-dominio-da-audicao-e-surdez-2a-edicao\/#article","isPartOf":{"@id":"https:\/\/aesia.pt\/portal\/fwd-ultimas-inscricoes-curso-pos-graduado-acreditado-pelo-ccpfc-educacao-especial-dominio-da-audicao-e-surdez-2a-edicao\/"},"author":{"name":"Ivo Cardoso","@id":"https:\/\/aesia.pt\/portal\/#\/schema\/person\/8961c6287f9d82fe320fba91b3e2e991"},"headline":"\u00daLTIMAS INSCRI\u00c7\u00d5ES: Curso p\u00f3s-graduado acreditado pelo CCPFC &#8211; Educa\u00e7\u00e3o Especial: Dom\u00ednio da Audi\u00e7\u00e3o e Surdez (2\u00aa edi\u00e7\u00e3o)","datePublished":"2024-02-19T22:06:21+00:00","mainEntityOfPage":{"@id":"https:\/\/aesia.pt\/portal\/fwd-ultimas-inscricoes-curso-pos-graduado-acreditado-pelo-ccpfc-educacao-especial-dominio-da-audicao-e-surdez-2a-edicao\/"},"wordCount":202,"publisher":{"@id":"https:\/\/aesia.pt\/portal\/#organization"},"image":{"@id":"https:\/\/aesia.pt\/portal\/fwd-ultimas-inscricoes-curso-pos-graduado-acreditado-pelo-ccpfc-educacao-especial-dominio-da-audicao-e-surdez-2a-edicao\/#primaryimage"},"thumbnailUrl":"https:\/\/aesia.pt\/portal\/wp-content\/uploads\/2024\/02\/image001.jpg","articleSection":["Forma\u00e7\u00e3o"],"inLanguage":"pt-PT"},{"@type":"WebPage","@id":"https:\/\/aesia.pt\/portal\/fwd-ultimas-inscricoes-curso-pos-graduado-acreditado-pelo-ccpfc-educacao-especial-dominio-da-audicao-e-surdez-2a-edicao\/","url":"https:\/\/aesia.pt\/portal\/fwd-ultimas-inscricoes-curso-pos-graduado-acreditado-pelo-ccpfc-educacao-especial-dominio-da-audicao-e-surdez-2a-edicao\/","name":"Fwd: \u00daLTIMAS INSCRI\u00c7\u00d5ES: Curso p\u00f3s-graduado acreditado pelo CCPFC - Educa\u00e7\u00e3o Especial: Dom\u00ednio da Audi\u00e7\u00e3o e Surdez (2\u00aa edi\u00e7\u00e3o) &#8211; AESIA","isPartOf":{"@id":"https:\/\/aesia.pt\/portal\/#website"},"primaryImageOfPage":{"@id":"https:\/\/aesia.pt\/portal\/fwd-ultimas-inscricoes-curso-pos-graduado-acreditado-pelo-ccpfc-educacao-especial-dominio-da-audicao-e-surdez-2a-edicao\/#primaryimage"},"image":{"@id":"https:\/\/aesia.pt\/portal\/fwd-ultimas-inscricoes-curso-pos-graduado-acreditado-pelo-ccpfc-educacao-especial-dominio-da-audicao-e-surdez-2a-edicao\/#primaryimage"},"thumbnailUrl":"https:\/\/aesia.pt\/portal\/wp-content\/uploads\/2024\/02\/image001.jpg","datePublished":"2024-02-19T22:06:21+00:00","breadcrumb":{"@id":"https:\/\/aesia.pt\/portal\/fwd-ultimas-inscricoes-curso-pos-graduado-acreditado-pelo-ccpfc-educacao-especial-dominio-da-audicao-e-surdez-2a-edicao\/#breadcrumb"},"inLanguage":"pt-PT","potentialAction":[{"@type":"ReadAction","target":["https:\/\/aesia.pt\/portal\/fwd-ultimas-inscricoes-curso-pos-graduado-acreditado-pelo-ccpfc-educacao-especial-dominio-da-audicao-e-surdez-2a-edicao\/"]}]},{"@type":"ImageObject","inLanguage":"pt-PT","@id":"https:\/\/aesia.pt\/portal\/fwd-ultimas-inscricoes-curso-pos-graduado-acreditado-pelo-ccpfc-educacao-especial-dominio-da-audicao-e-surdez-2a-edicao\/#primaryimage","url":"https:\/\/aesia.pt\/portal\/wp-content\/uploads\/2024\/02\/image001.jpg","contentUrl":"https:\/\/aesia.pt\/portal\/wp-content\/uploads\/2024\/02\/image001.jpg","width":471,"height":370},{"@type":"BreadcrumbList","@id":"https:\/\/aesia.pt\/portal\/fwd-ultimas-inscricoes-curso-pos-graduado-acreditado-pelo-ccpfc-educacao-especial-dominio-da-audicao-e-surdez-2a-edicao\/#breadcrumb","itemListElement":[{"@type":"ListItem","position":1,"name":"Home","item":"https:\/\/aesia.pt\/portal\/"},{"@type":"ListItem","position":2,"name":"\u00daLTIMAS INSCRI\u00c7\u00d5ES: Curso p\u00f3s-graduado acreditado pelo CCPFC &#8211; Educa\u00e7\u00e3o Especial: Dom\u00ednio da Audi\u00e7\u00e3o e Surdez (2\u00aa edi\u00e7\u00e3o)"}]},{"@type":"WebSite","@id":"https:\/\/aesia.pt\/portal\/#website","url":"https:\/\/aesia.pt\/portal\/","name":"AESIA","description":"Agrupamento de Escolas de Santa Iria de Az\u00f3ia","publisher":{"@id":"https:\/\/aesia.pt\/portal\/#organization"},"alternateName":"Agrupamento de Escolas de Santa Iria de Az\u00f3ia","potentialAction":[{"@type":"SearchAction","target":{"@type":"EntryPoint","urlTemplate":"https:\/\/aesia.pt\/portal\/?s={search_term_string}"},"query-input":{"@type":"PropertyValueSpecification","valueRequired":true,"valueName":"search_term_string"}}],"inLanguage":"pt-PT"},{"@type":"Organization","@id":"https:\/\/aesia.pt\/portal\/#organization","name":"Agrupamento de Escolas de Santa Iria de Az\u00f3ia","alternateName":"AESIA","url":"https:\/\/aesia.pt\/portal\/","logo":{"@type":"ImageObject","inLanguage":"pt-PT","@id":"https:\/\/aesia.pt\/portal\/#\/schema\/logo\/image\/","url":"https:\/\/aesia.pt\/portal\/wp-content\/uploads\/2023\/04\/logo4.png","contentUrl":"https:\/\/aesia.pt\/portal\/wp-content\/uploads\/2023\/04\/logo4.png","width":162,"height":162,"caption":"Agrupamento de Escolas de Santa Iria de Az\u00f3ia"},"image":{"@id":"https:\/\/aesia.pt\/portal\/#\/schema\/logo\/image\/"},"sameAs":["https:\/\/www.facebook.com\/aesia.pt\/"]},{"@type":"Person","@id":"https:\/\/aesia.pt\/portal\/#\/schema\/person\/8961c6287f9d82fe320fba91b3e2e991","name":"Ivo Cardoso","image":{"@type":"ImageObject","inLanguage":"pt-PT","@id":"https:\/\/secure.gravatar.com\/avatar\/b1503fafbe5678f3cfddd3fb093fcb636cd9a58fe5db5256d219059582e42c16?s=96&d=mm&r=g","url":"https:\/\/secure.gravatar.com\/avatar\/b1503fafbe5678f3cfddd3fb093fcb636cd9a58fe5db5256d219059582e42c16?s=96&d=mm&r=g","contentUrl":"https:\/\/secure.gravatar.com\/avatar\/b1503fafbe5678f3cfddd3fb093fcb636cd9a58fe5db5256d219059582e42c16?s=96&d=mm&r=g","caption":"Ivo Cardoso"},"sameAs":["http:\/\/aesia.pt"],"url":"https:\/\/aesia.pt\/portal\/author\/ivo-cardosoaesia-pt\/"}]}},"_links":{"self":[{"href":"https:\/\/aesia.pt\/portal\/wp-json\/wp\/v2\/posts\/10535","targetHints":{"allow":["GET"]}}],"collection":[{"href":"https:\/\/aesia.pt\/portal\/wp-json\/wp\/v2\/posts"}],"about":[{"href":"https:\/\/aesia.pt\/portal\/wp-json\/wp\/v2\/types\/post"}],"author":[{"embeddable":true,"href":"https:\/\/aesia.pt\/portal\/wp-json\/wp\/v2\/users\/8"}],"replies":[{"embeddable":true,"href":"https:\/\/aesia.pt\/portal\/wp-json\/wp\/v2\/comments?post=10535"}],"version-history":[{"count":0,"href":"https:\/\/aesia.pt\/portal\/wp-json\/wp\/v2\/posts\/10535\/revisions"}],"wp:featuredmedia":[{"embeddable":true,"href":"https:\/\/aesia.pt\/portal\/wp-json\/wp\/v2\/media\/10536"}],"wp:attachment":[{"href":"https:\/\/aesia.pt\/portal\/wp-json\/wp\/v2\/media?parent=10535"}],"wp:term":[{"taxonomy":"category","embeddable":true,"href":"https:\/\/aesia.pt\/portal\/wp-json\/wp\/v2\/categories?post=10535"},{"taxonomy":"post_tag","embeddable":true,"href":"https:\/\/aesia.pt\/portal\/wp-json\/wp\/v2\/tags?post=10535"}],"curies":[{"name":"wp","href":"https:\/\/api.w.org\/{rel}","templated":true}]}}